{"id":83197,"date":"2025-12-22T15:22:09","date_gmt":"2025-12-22T15:22:09","guid":{"rendered":"https:\/\/www.europesays.com\/lv\/83197\/"},"modified":"2025-12-22T15:22:09","modified_gmt":"2025-12-22T15:22:09","slug":"reti-skatamies-filmas-no-kaiminvalstim-raksts","status":"publish","type":"post","link":"https:\/\/www.europesays.com\/lv\/83197\/","title":{"rendered":"Reti skat\u0101mies filmas no kaimi\u0146valst\u012bm \/ Raksts"},"content":{"rendered":"<p>Roms Zabarausks\u00a0ir lietuvie\u0161u scen\u0101rists un re\u017eisors, viens no progres\u012bv\u0101kajiem un starptautiski atpaz\u012bstam\u0101kajiem m\u016bsdienu Lietuvas kino veidot\u0101jiem, kura darbi piev\u0113r\u0161as ne\u0113rt\u0101m t\u0113m\u0101m. 2011. gad\u0101 vi\u0146\u0161 debit\u0113ja ar \u012bsfilmu &#8220;Porno Melodrama&#8221;, bet kop\u0161 2013. gada ir sarakst\u012bjis, re\u017eis\u0113jis un produc\u0113jis \u010detras pilnmetr\u0101\u017eas filmas. Re\u017eisora piekt\u0101\u00a0filma &#8220;The Activist&#8221; no 19. decembra Latvij\u0101, Lietuv\u0101 un Igaunij\u0101 pieejama straum\u0113\u0161anai platform\u0101 &#8220;HBO Max&#8221;.<\/p>\n<p style=\"margin-left:0cm; margin-right:0cm\">Past\u0101sti, par ko ir tava jaun\u0101k\u0101 filma &#8220;The Activist&#8221;?<\/p>\n<p style=\"margin-left:0cm; margin-right:0cm\">Filma ir par jaunu puisi, kur\u0161 iefiltr\u0113jas neonacistu grup\u0113jum\u0101, lai atrastu savu LGBT akt\u012bvistu draugu. Uzs\u0101kot \u0161o b\u012bstamo ce\u013cu, vi\u0146\u0161 atkl\u0101j daudzus nosl\u0113pumus, un notikumi att\u012bst\u0101s negaid\u012bti, [filmas laik\u0101] k\u013c\u016bst arvien riskant\u0101ki.<\/p>\n<p style=\"margin-left:0cm; margin-right:0cm\">K\u0101 rad\u0101s ideja \u0161\u0101dam si\u017eetam? Un cik ilgi pie \u0161\u012bs filmas str\u0101d\u0101ji?<\/p>\n<p style=\"margin-left:0cm; margin-right:0cm\">Man \u013coti pat\u012bk p\u0113t\u012bt sare\u017e\u0123\u012btas politiskas t\u0113mas un mekl\u0113t taj\u0101s nianses. Att\u012bstot filmu, v\u0113l\u0113jos piev\u0113rsties pieaugo\u0161ajai gal\u0113ji lab\u0113jai kust\u012bbai ne tikai m\u016bsu [Baltijas] re\u0123ion\u0101, bet ar\u012b Rietumeirop\u0101 un ASV. Interesanti, ka pie \u0161\u012bs idejas s\u0101k\u0101m str\u0101d\u0101t jau 2018. gad\u0101, un tagad t\u0101 \u0161\u0137iet v\u0113l aktu\u0101l\u0101ka \u2013 it k\u0101 b\u016btu sp\u0113ju\u0161i ieskat\u012bties n\u0101kotn\u0113.<\/p>\n<p style=\"margin-left:0cm; margin-right:0cm\">Bie\u017ei tiek diskut\u0113ts par m\u0101kslas un politikas attiec\u012bb\u0101m. Vai t\u0101m vajadz\u0113tu sapl\u016bst? Tavos darbos politika un m\u0101ksla savienojas, k\u0101p\u0113c tev ir svar\u012bgi run\u0101t par to un LGBT t\u0113m\u0101m?<\/p>\n<p style=\"margin-left:0cm; margin-right:0cm\">Tas ir sare\u017e\u0123\u012bts jaut\u0101jums. Lai gan man\u0101s film\u0101s politika ir kl\u0101teso\u0161a tie\u0161i \u2013 piem\u0113ram, film\u0101 ir politi\u0137a t\u0113ls \u2013, man nepat\u012bk didaktiskas, moraliz\u0113jo\u0161as soci\u0101l\u0101s dr\u0101mas, kas \u0161obr\u012bd domin\u0113 arthouse kino. T\u0101s atk\u0101rtojas un k\u013c\u016bst garlaic\u012bgas, nesp\u0113j uzrun\u0101t cilv\u0113kus ar at\u0161\u0137ir\u012bgiem uzskatiem, jo ir paredz\u0113tas tikai l\u012bdz\u012bgi dom\u0101jo\u0161ajiem.<\/p>\n<blockquote>\n<p style=\"margin-left:0cm; margin-right:0cm\">Es v\u0113los b\u016bt provokat\u012bv\u0101ks, mekl\u0113t nianses un p\u0113t\u012bt \u0161o t\u0113mu sare\u017e\u0123\u012bt\u012bbu. Pat komerci\u0101la kom\u0113dija atspogu\u013co sava laika soci\u0101l\u0101s normas \u2013 ar\u012b tas ir politiski.<\/p>\n<\/blockquote>\n<p style=\"margin-left:0cm; margin-right:0cm\">Nev\u0113los pam\u0101c\u012bt skat\u012bt\u0101jus vai kriti\u0137us, jo tas bie\u017ei rada pretreakciju.<\/p>\n<p style=\"margin-left:0cm; margin-right:0cm\">Vari vair\u0101k koment\u0113t to, ka v\u0113lies b\u016bt provokat\u012bv\u0101ks? K\u0101?<\/p>\n<p style=\"margin-left:0cm; margin-right:0cm\">Neatkl\u0101jot filmas si\u017eetu \u2013 es v\u0113los pasmieties par da\u017e\u0101diem cilv\u0113kiem. No vienas puses, film\u0101 ir LGBT t\u0113li, p\u0101rst\u0101v\u0113ts viss &#8220;alfab\u0113ts&#8221;, bet no otras \u2013 vi\u0146i ir gan labi [t\u0113li], gan slikti, gan kaut kur pa vidu. Es nebaidos tos att\u0113lot daudzsl\u0101\u0146aini. Run\u0101jot par gal\u0113ji lab\u0113jo kust\u012bbu, es to kritiz\u0113ju, bet vienlaikus mekl\u0113ju t\u0101s [strauj\u0101s] att\u012bst\u012bbas iemeslus, ar\u012b liber\u0101lo politi\u0137u un akt\u012bvistu k\u013c\u016bd\u0101s.<\/p>\n<blockquote>\n<p style=\"margin-left:0cm; margin-right:0cm\">T\u0101 ir kop\u012bga atbild\u012bba. Provok\u0101cija man noz\u012bm\u0113 god\u012bgu, zin\u0101tk\u0101ru skat\u012bjumu, nevis aklu seko\u0161anu vienam scen\u0101rijam vai tendencei.<\/p>\n<\/blockquote>\n<p style=\"margin-left:0cm; margin-right:0cm\">K\u0101dus rado\u0161os vai \u0113tiskos l\u0113mumus pie\u0146\u0113m\u0101t, att\u0113lojot LGBT kopienu un politiku? Vai bija ar\u012b p\u0113tnieciskais process, veidojot filmas scen\u0101riju?<\/p>\n<p style=\"margin-left:0cm; margin-right:0cm\">Es dz\u012bvoju k\u0101 atkl\u0101ti homoseksu\u0101ls v\u012brietis kop\u0161 2011. gada. Lietuv\u0101 tobr\u012bd biju viens no retajiem, kas par to run\u0101ja publiski, un mani p\u0113k\u0161\u0146i s\u0101ka uztvert k\u0101 akt\u012bvistu, lai gan es vienk\u0101r\u0161i dz\u012bvoju atkl\u0101ti. T\u0101p\u0113c man nebija nepiecie\u0161ams pla\u0161s p\u0113t\u012bjums, es vienm\u0113r esmu bijis tuvu LGBT akt\u012bvismam. \u0112tiski man bija svar\u012bgi, lai transakt\u012bvista Jonasa lomu atveidotu transaktieris.<\/p>\n<blockquote>\n<p style=\"margin-left:0cm; margin-right:0cm\">Cit\u0101s lom\u0101s tas nebija iz\u0161\u0137iro\u0161i, jo uzskatu, ka past\u0101v at\u0161\u0137ir\u012bba starp seksu\u0101lo orient\u0101ciju un dzimumidentit\u0101ti, un ne vienm\u0113r ir j\u0101iev\u0113ro stingra atbilst\u012bba aktieru atlasei.<\/p>\n<\/blockquote>\n<p style=\"margin-left:0cm; margin-right:0cm\">Kopum\u0101 m\u016bsu \u0113tisk\u0101 pieeja bija \u013cauties br\u012bv\u012bbai un baud\u012bt procesu, b\u016bt nedaudz trakiem un ne vienm\u0113r politiski sterili korektiem.<\/p>\n<p style=\"margin-left:0cm; margin-right:0cm\">Par Baltijas valst\u012bm kopum\u0101 \u2013 k\u0101ds ir tavs viedoklis par LGBT jaut\u0101jumiem re\u0123ion\u0101? K\u0101p\u0113c tie\u0161i Baltijas skat\u012bt\u0101jiem ir svar\u012bgi redz\u0113t \u0161o filmu?<\/p>\n<p style=\"margin-left:0cm; margin-right:0cm\">Es grib\u0113tu aicin\u0101t skat\u012bties filmu ar\u012b tos, kam LGBT t\u0113mas ne\u0161\u0137iet interesantas, jo filma ir trilleris \u2013 aizraujo\u0161a pati par sevi. &#8220;The Activist&#8221; ir iedvesmota no film noir stilistikas, sava veida klasikas interpret\u0101cija un m\u0113\u0123in\u0101jums atrast manis pa\u0161a vizu\u0101lo un stilistisko valodu \u2013 melodramatisku un nedaudz stiliz\u0113tu.<\/p>\n<blockquote>\n<p style=\"margin-left:0cm; margin-right:0cm\">Run\u0101jot par vienl\u012bdz\u012bbu, Lietuva atpaliek no Igaunijas un Latvijas, jo v\u0113l joproj\u0101m nav atzinusi viendzimuma partnerattiec\u012bbas.<\/p>\n<\/blockquote>\n<p style=\"margin-left:0cm; margin-right:0cm\">Tom\u0113r \u0161ogad Konstitucion\u0101l\u0101 tiesa pie\u0146\u0113ma v\u0113sturisku l\u0113mumu, \u013caujot viendzimuma p\u0101riem ties\u0101 pier\u0101d\u012bt partnerattiec\u012bbu faktu, lai gan tas ir \u013coti ierobe\u017eots risin\u0101jums, kam\u0113r gaid\u0101m likumu.<\/p>\n<p style=\"margin-left:0cm; margin-right:0cm\">Ta\u010du ir k\u0101da joma, kur Lietuvai ir priek\u0161roc\u012bba, \u2013 filmas. Esmu uz\u0146\u0113mis piecas pilnmetr\u0101\u017eas filmas ar kv\u012bru t\u0113liem, un ar\u012b citi Lietuvas re\u017eisori ir guvu\u0161i starptautisku atzin\u012bbu. Baltijas kontekst\u0101 tas \u013coti izce\u013cas, un es ar to lepojos. Aicinu ar\u012b Latviju spert soli uz priek\u0161u.<\/p>\n<p style=\"margin-left:0cm; margin-right:0cm\">&#8220;The Activist&#8221; pirmizr\u0101di piedz\u012bvoja Igaunijas filmu festiv\u0101l\u0101 &#8220;Black Nights&#8221;. K\u0101das bija pirm\u0101s atsauksmes par filmu, skat\u012bt\u0101ju reakcijas?<\/p>\n<p style=\"margin-left:0cm; margin-right:0cm\">M\u016bsu filma savu ce\u013cu s\u0101kusi Lietuvas kinote\u0101tros, un \u0161oruden pirmaj\u0101 ned\u0113\u013cas nogal\u0113 t\u0101 ie\u0146\u0113ma otro vietu p\u0113c apmekl\u0113t\u012bbas, kopum\u0101 pulc\u0113jot aptuveni 12 000 skat\u012bt\u0101ju, kas arthouse filmai ir diezgan labs rezult\u0101ts.<\/p>\n<blockquote>\n<p style=\"margin-left:0cm; margin-right:0cm\">Esmu saj\u016bsm\u0101 par to, ka mums izdev\u0101s da\u017e\u0101dos cilv\u0113kus izrais\u012bt reakciju, varb\u016bt pat k\u0101du aizvainot, bet vienlaikus ar\u012b piesaist\u012bt interesi.<\/p>\n<\/blockquote>\n<p style=\"margin-left:0cm; margin-right:0cm\">Tad m\u0113s pag\u0101ju\u0161aj\u0101 m\u0113nes\u012b s\u0101k\u0101m starptautisko ce\u013cojumu Tallinas &#8220;Black Nights&#8221; festiv\u0101l\u0101. Tas bija \u013coti aizraujo\u0161i.<\/p>\n<p style=\"margin-left:0cm; margin-right:0cm\">Es paman\u012bju, ka diskusij\u0101 p\u0113c filmas, jaut\u0101jumu un atbil\u017eu sada\u013cas laik\u0101, bija daudz jaut\u0101jumu par filmas formu \u2013 ne tikai par vizu\u0101lajiem elementiem, apgaismojumu un kameru darbu, bet pat par ska\u0146as dizainu, kas ir diezgan neparasti. Dom\u0101ju, ka pirmo reizi m\u016b\u017e\u0101 sa\u0146\u0113mu jaut\u0101jumu par ska\u0146as dizainu, bet tas mani \u013coti priec\u0113, jo patie\u0161\u0101m esam ieguld\u012bju\u0161i p\u016bles vis\u0101s \u0161aj\u0101s jom\u0101s. Un ir br\u012bni\u0161\u0137\u012bgi, ka tas tiek paman\u012bts.<\/p>\n<p style=\"margin-left:0cm; margin-right:0cm\">Filma turpin\u0101s ce\u013cot pa pasauli n\u0101kamgad, bet esmu \u013coti priec\u012bgs, ka tagad t\u0101 ir pieejama &#8220;HBO Max&#8221; platform\u0101 Baltij\u0101.<\/p>\n<blockquote>\n<p style=\"margin-left:0cm; margin-right:0cm\">Esmu \u012bpa\u0161i saj\u016bsmin\u0101ts par to, ka filmu var\u0113s redz\u0113t Latvijas skat\u012bt\u0101ji, jo paties\u012bb\u0101 m\u0113s reti skat\u0101mies filmas no kaimi\u0146valst\u012bm. Protams, &#8220;Straume&#8221; bija ac\u012bmredzams iz\u0146\u0113mums,<\/p>\n<\/blockquote>\n<p style=\"margin-left:0cm; margin-right:0cm\">bet cit\u0101di m\u0113s skat\u0101mies maz Latvijas filmu, un, iesp\u0113jams, ar\u012b j\u016bs maz skat\u0101ties Lietuvas filmas. T\u0101p\u0113c \u013coti ceru, ka cilv\u0113ki dos iesp\u0113ju filmai &#8220;The Activist&#8221;, jo t\u0101, manupr\u0101t, atspogu\u013co ar\u012b notikumus j\u016bsu sabiedr\u012bb\u0101.<\/p>\n<p style=\"margin-left:0cm; margin-right:0cm\">Vari vair\u0101k pakoment\u0113t, k\u0101p\u0113c tie\u0161i jaut\u0101jumi par filmas ska\u0146as dizainu?<\/p>\n<p style=\"margin-left:0cm; margin-right:0cm\">Jaut\u0101jums bija aptuveni t\u0101ds \u2013 vai tas bija apzin\u0101ts l\u0113mums veidot ska\u0146as dizainu diezgan stiliz\u0113t\u0101 veid\u0101, t\u0101, ka tie\u0161\u0101m var dzird\u0113t visas s\u012bk\u0101s ska\u0146u nianses, jo tas ir Holivudas stil\u0101. Un, j\u0101, tas bija apzin\u0101ts l\u0113mums. M\u0113s ieguld\u012bj\u0101m daudz darba ska\u0146as dizain\u0101 un piev\u0113rs\u0101m lielu uzman\u012bbu deta\u013c\u0101m. Es grib\u0113ju, lai filma skan\u0113tu \u013coti intens\u012bvi, m\u0113s patie\u0161\u0101m cent\u0101mies dot sev br\u012bv\u012bbu b\u016bt rado\u0161iem.<\/p>\n<p style=\"margin-left:0cm; margin-right:0cm\">Pirms film\u0113\u0161anas es teicu m\u016bsu operatoram:<\/p>\n<blockquote>\n<p style=\"margin-left:0cm; margin-right:0cm\">&#8220;L\u016bdzu, dari traki un film\u0113 t\u0101, lai m\u0113s to nevar\u0113tu izlabot p\u0113capstr\u0101d\u0113!&#8221;<\/p>\n<\/blockquote>\n<p style=\"margin-left:0cm; margin-right:0cm\">M\u016bsdien\u0101s ir iesp\u0113jams daudz ko labot p\u0113c film\u0113\u0161anas, piem\u0113ram, padar\u012bt to maz\u0101k intens\u012bvu. T\u0101p\u0113c ir svar\u012bgi uz\u0146emt filmu &#8220;p\u0101ri robe\u017e\u0101m&#8221; film\u0113\u0161anas laik\u0101, lai neatst\u0101tu sev iesp\u0113ju nob\u012bties no l\u0113mumiem. Es dom\u0101ju, ka mums izdev\u0101s to \u012bstenot.<\/p>\n<p style=\"margin-left:0cm; margin-right:0cm\">\n<p>            <img decoding=\"async\" src=\"https:\/\/www.europesays.com\/lv\/wp-content\/uploads\/2025\/12\/sbrd.jpg\" alt=\"Roms Zabarausks\"\/><\/p>\n<p>Roms Zabarausks<\/p>\n<p>Foto: Arcana Femina<\/p>\n<\/p>\n<p style=\"margin-left:0cm; margin-right:0cm\">Vair\u0101k par filmas straum\u0113\u0161anu platform\u0101 &#8220;HBO Max&#8221;. K\u0101 tas notika, k\u0101 j\u016bs tik\u0101t l\u012bdz \u0161\u0101dai sadarb\u012bbai?<\/p>\n<p style=\"margin-left:0cm; margin-right:0cm\">Nu, tas notika diezgan neparast\u0101 veid\u0101. L\u012bdz \u0161im esmu bijis ar\u012b galvenais savu filmu producents caur savu uz\u0146\u0113mumu, un es vienm\u0113r mekl\u0113ju jaunas iesp\u0113jas. \u0160ai filmai mums bija ar\u012b starptautiska izplat\u012b\u0161anas a\u0123ent\u016bra &#8220;Alief&#8221;.<\/p>\n<p style=\"margin-left:0cm; margin-right:0cm\">Kop\u0101 ar vi\u0146iem m\u0113s mekl\u0113j\u0101m izplat\u012b\u0161anas iesp\u0113jas un nosl\u0113dz\u0101m da\u017e\u0101dus l\u012bgumus. Filma tika p\u0101rdota ar\u012b &#8220;TLA Releasing&#8221; ASV un\u00a0&#8220;OutTV&#8221; da\u017e\u0101d\u0101m Eiropas valst\u012bm \u2013 tas p\u0101rvalda &#8220;Cinamon&#8221; un &#8220;Tongariro&#8221;, un &#8220;Profound Media&#8221;. T\u0101pat filma tika p\u0101rdota &#8220;Optimale&#8221; Francij\u0101 un tagad ar\u012b &#8220;HBO Max&#8221; Baltij\u0101.<\/p>\n<p style=\"margin-left:0cm; margin-right:0cm\">T\u0101tad, no vienas puses, tas ir ierasts process \u2013 m\u0113\u0123in\u0101t iesniegt un p\u0101rdot filmu.<\/p>\n<blockquote>\n<p style=\"margin-left:0cm; margin-right:0cm\">Esmu \u013coti priec\u012bgs, ka izplat\u012bt\u0101ji atzina filmas potenci\u0101lu sasniegt starptautisku auditoriju, un ar nepaciet\u012bbu gaidu \u0161o ce\u013cojumu. Priec\u0101jos, ka tas s\u0101kas tie\u0161i m\u016bsu re\u0123ion\u0101.<\/p>\n<\/blockquote>\n<p style=\"margin-left:0cm; margin-right:0cm\">Kur j\u016bs redzat savas filmas, to vietu, politisko situ\u0101ciju un kino vidi kopum\u0101, piem\u0113ram, p\u0113c 10 gadiem? K\u0101das ir j\u016bsu cer\u012bbas?<\/p>\n<p style=\"margin-left:0cm; margin-right:0cm\">\u0160obr\u012bd es att\u012bstu da\u017e\u0101dus projektus, par kuriem v\u0113l nevaru run\u0101t. Ta\u010du nesen s\u0101ku doktora studijas kino jom\u0101 Lietuvas M\u016bzikas un te\u0101tra akad\u0113mij\u0101, un par to es varu past\u0101st\u012bt. T\u0101 k\u0101 \u0161is ir publisks akad\u0113misks process, es s\u0101ku studijas doktorant\u016br\u0101\u00a0ar m\u0113r\u0137i uzrakst\u012bt scen\u0101riju mini seri\u0101lam par Lietuvas kino veidot\u0101ju Jonu Meku, kur\u0161 migr\u0113ja uz \u0145ujorku Otr\u0101 pasaules kara laik\u0101 un p\u0113c t\u0101, l\u012bdz\u0101s dibinot &#8220;Anthology Film Archives&#8221;. Vi\u0146\u0161 k\u013cuva par filmu kriti\u0137i un eksperiment\u0101l\u0101\u00a0kino veidot\u0101ju, b\u016btiski ietekm\u0113jot daudzus citus re\u017eisorus, k\u0101 ar\u012b iem\u016b\u017ein\u0101ja priv\u0101tus mirk\u013cus ar da\u017e\u0101diem sabiedr\u012bb\u0101 paz\u012bstamiem cilv\u0113kiem, piem\u0113ram, D\u017eonu Lenonu, Joko Ono, Salvadoru Dal\u012b, D\u017eekiju Kenediju savos dienasgr\u0101matu stila film\u0113jumos.<\/p>\n<p style=\"margin-left:0cm; margin-right:0cm\">Es att\u012bstu \u0161o projektu ar vi\u0146a d\u0113la Sebastiana Meka at\u013cauju, kur\u0161 p\u0101rvalda t\u0113va mantojumu. Man ir liels gods str\u0101d\u0101t pie \u0161\u012bs idejas. Protams, scen\u0101rija rakst\u012b\u0161ana aiz\u0146ems \u010detrus gadus, un tas tie\u0161\u0101m ir labs jaut\u0101jums \u2013 par desmit gadiem \u2013, jo re\u0101li \u0161\u012b seri\u0101la realiz\u0113\u0161ana var\u0113tu aiz\u0146emt aptuveni tik ilgu laiku.<\/p>\n","protected":false},"excerpt":{"rendered":"Roms Zabarausks\u00a0ir lietuvie\u0161u scen\u0101rists un re\u017eisors, viens no progres\u012bv\u0101kajiem un starptautiski atpaz\u012bstam\u0101kajiem m\u016bsdienu Lietuvas kino veidot\u0101jiem, kura darbi&hellip;\n","protected":false},"author":2,"featured_media":83198,"comment_status":"","ping_status":"","sticky":false,"template":"","format":"standard","meta":{"footnotes":""},"categories":[19],"tags":[89,90,35,39,38,36,37,34,40],"class_list":{"0":"post-83197","1":"post","2":"type-post","3":"status-publish","4":"format-standard","5":"has-post-thumbnail","7":"category-izklaide","8":"tag-entertainment","9":"tag-izklaide","10":"tag-latvia","11":"tag-latvian","12":"tag-latviesu","13":"tag-latviesu-valoda","14":"tag-latviesuvaloda","15":"tag-latvija","16":"tag-lv"},"share_on_mastodon":{"url":"https:\/\/pubeurope.com\/@lv\/115763907634072667","error":""},"_links":{"self":[{"href":"https:\/\/www.europesays.com\/lv\/wp-json\/wp\/v2\/posts\/83197","targetHints":{"allow":["GET"]}}],"collection":[{"href":"https:\/\/www.europesays.com\/lv\/wp-json\/wp\/v2\/posts"}],"about":[{"href":"https:\/\/www.europesays.com\/lv\/wp-json\/wp\/v2\/types\/post"}],"author":[{"embeddable":true,"href":"https:\/\/www.europesays.com\/lv\/wp-json\/wp\/v2\/users\/2"}],"replies":[{"embeddable":true,"href":"https:\/\/www.europesays.com\/lv\/wp-json\/wp\/v2\/comments?post=83197"}],"version-history":[{"count":0,"href":"https:\/\/www.europesays.com\/lv\/wp-json\/wp\/v2\/posts\/83197\/revisions"}],"wp:featuredmedia":[{"embeddable":true,"href":"https:\/\/www.europesays.com\/lv\/wp-json\/wp\/v2\/media\/83198"}],"wp:attachment":[{"href":"https:\/\/www.europesays.com\/lv\/wp-json\/wp\/v2\/media?parent=83197"}],"wp:term":[{"taxonomy":"category","embeddable":true,"href":"https:\/\/www.europesays.com\/lv\/wp-json\/wp\/v2\/categories?post=83197"},{"taxonomy":"post_tag","embeddable":true,"href":"https:\/\/www.europesays.com\/lv\/wp-json\/wp\/v2\/tags?post=83197"}],"curies":[{"name":"wp","href":"https:\/\/api.w.org\/{rel}","templated":true}]}}