{"id":83203,"date":"2025-12-22T15:26:08","date_gmt":"2025-12-22T15:26:08","guid":{"rendered":"https:\/\/www.europesays.com\/lv\/83203\/"},"modified":"2025-12-22T15:26:08","modified_gmt":"2025-12-22T15:26:08","slug":"valdiba-pilnvaro-km-un-varam-em-veikt-parrunas-ar-rezeknes-domi-par-latgales-vestniecibas-gors-darbibu-un-parvaldibu","status":"publish","type":"post","link":"https:\/\/www.europesays.com\/lv\/83203\/","title":{"rendered":"Vald\u012bba pilnvaro KM un VARAM, EM veikt p\u0101rrunas ar R\u0113zeknes domi par Latgales v\u0113stniec\u012bbas \u201cGORS\u201d darb\u012bbu un p\u0101rvald\u012bbu"},"content":{"rendered":"<p>Ministru kabinets (MK) 22. decembra s\u0113d\u0113 pie\u0146\u0113ma l\u0113mumu pilnvarot Kult\u016bras ministriju (KM) sadarb\u012bb\u0101 ar Vied\u0101s administr\u0101cijas un re\u0123ion\u0101l\u0101s att\u012bst\u012bbas ministriju (VARAM),\u00a0un Ekonomikas ministriju\u00a0veikt p\u0101rrunas ar R\u0113zeknes valstspils\u0113tas pa\u0161vald\u012bbas domi par risin\u0101jumiem Austrumlatvijas koncertz\u0101les \u201cGORS\u201d nama p\u0101rvald\u012bb\u0101 un valsts iesaisti profesion\u0101l\u0101s m\u0101kslas pieejam\u012bbas nodro\u0161in\u0101\u0161an\u0101.<\/p>\n<p>Par p\u0101rrunu rezult\u0101tiem un izv\u0113rt\u0113tajiem iesp\u0113jamiem risin\u0101jumiem KM b\u016bs j\u0101sniedz vald\u012bb\u0101 zi\u0146ojums l\u012bdz 2026. gada 30. janv\u0101rim.<\/p>\n<p>Lai inform\u0113tu vald\u012bbu par iesp\u0113jamu apdraud\u0113jumu Latgales v\u0113stniec\u012bbas \u201cGORS\u201d ilgtsp\u0113j\u012bgai darb\u012bbai, l\u012bdz ar to ar\u012b Latvijas kult\u016brpolitikai strat\u0113\u0123iski noz\u012bm\u012bg\u0101 re\u0123ion\u0101lo daudzfunkcion\u0101lo kult\u016bras centru t\u012bkla funkcion\u0113\u0161anai, k\u0101 ar\u012b pied\u0101v\u0101tu turpm\u0101k\u0101s r\u012bc\u012bbas un situ\u0101cijas risin\u0101juma priek\u0161likumu, KM izskat\u012b\u0161anai MK \u0161odienas s\u0113d\u0113 iesniedza informat\u012bvo zi\u0146ojumu.<\/p>\n<p>Jau zi\u0146ots, ka KM 2025. gada 18. decembra v\u0113stul\u0113 aicin\u0101jusi R\u0113zeknes valstspils\u0113tas pa\u0161vald\u012bbu r\u016bp\u012bgi izv\u0113rt\u0113t vair\u0101kus iesp\u0113jamos Latgales v\u0113stniec\u012bbas \u201cGORS\u201d n\u0101kotnes att\u012bst\u012bbas un p\u0101rvald\u012bbas mode\u013cu scen\u0101rijus, \u0146emot v\u0113r\u0101 nepiecie\u0161am\u012bbu nodro\u0161in\u0101t daudzveid\u012bgu un profesion\u0101lu m\u0101kslu R\u0113zeknes novada, Latgales re\u0123iona un Latvijas iedz\u012bvot\u0101jiem.<\/p>\n<p>Valsts KM person\u0101 2007.-2013. gada ES fondu pl\u0101no\u0161anas perioda ietvaros, uzklausot pa\u0161vald\u012bbu ierosin\u0101jumus un strat\u0113\u0123isko redz\u0113jumu par augstv\u0113rt\u012bga un kvalitat\u012bva kult\u016brpied\u0101v\u0101juma nodro\u0161in\u0101\u0161anu iedz\u012bvot\u0101jiem, izveidoja programmu \u201eNacion\u0101las un re\u0123ion\u0101las noz\u012bmes daudzfunkcion\u0101lu centru izveide,\u201d paredzot Vidzemes m\u016bzikas un kult\u016bras centra C\u0113s\u012bs, Austrumlatvijas re\u0123ion\u0101l\u0101 daudzfunkcion\u0101l\u0101 centra R\u0113zekn\u0113 \u201cGORS\u201d un Liep\u0101jas daudzfunkcion\u0101l\u0101 centra \u201eLielais dzintars\u201d izveidi.<\/p>\n<p>\u201cGORA\u201d izveid\u0113 valsts invest\u0113jusi 8,3 miljonus eiro, nodro\u0161inot ar\u012b turpm\u0101ku invest\u012bciju iepl\u016b\u0161anu VKKF m\u0113r\u0137programm\u0101 daudzpus\u012bgas profesion\u0101l\u0101s m\u0101kslas nodro\u0161in\u0101\u0161anai (piem\u0113ram, 2025. gad\u0101 &#8211; 245\u00a0000 eiro).<\/p>\n","protected":false},"excerpt":{"rendered":"Ministru kabinets (MK) 22. decembra s\u0113d\u0113 pie\u0146\u0113ma l\u0113mumu pilnvarot Kult\u016bras ministriju (KM) sadarb\u012bb\u0101 ar Vied\u0101s administr\u0101cijas un re\u0123ion\u0101l\u0101s&hellip;\n","protected":false},"author":2,"featured_media":83204,"comment_status":"","ping_status":"","sticky":false,"template":"","format":"standard","meta":{"footnotes":""},"categories":[12],"tags":[23,28,29,32,33,22,30,31,35,39,38,36,37,34,40,20,26,27,24,25,21],"class_list":{"0":"post-83203","1":"post","2":"type-post","3":"status-publish","4":"format-standard","5":"has-post-thumbnail","7":"category-latvija","8":"tag-aktualitates","9":"tag-breaking-news","10":"tag-breakingnews","11":"tag-featured-news","12":"tag-featurednews","13":"tag-headlines","14":"tag-latest-news","15":"tag-latestnews","16":"tag-latvia","17":"tag-latvian","18":"tag-latviesu","19":"tag-latviesu-valoda","20":"tag-latviesuvaloda","21":"tag-latvija","22":"tag-lv","23":"tag-news","24":"tag-popularakas-zinas","25":"tag-popularakaszinas","26":"tag-top-stories","27":"tag-topstories","28":"tag-zinas"},"share_on_mastodon":{"url":"https:\/\/pubeurope.com\/@lv\/115763923090981660","error":""},"_links":{"self":[{"href":"https:\/\/www.europesays.com\/lv\/wp-json\/wp\/v2\/posts\/83203","targetHints":{"allow":["GET"]}}],"collection":[{"href":"https:\/\/www.europesays.com\/lv\/wp-json\/wp\/v2\/posts"}],"about":[{"href":"https:\/\/www.europesays.com\/lv\/wp-json\/wp\/v2\/types\/post"}],"author":[{"embeddable":true,"href":"https:\/\/www.europesays.com\/lv\/wp-json\/wp\/v2\/users\/2"}],"replies":[{"embeddable":true,"href":"https:\/\/www.europesays.com\/lv\/wp-json\/wp\/v2\/comments?post=83203"}],"version-history":[{"count":0,"href":"https:\/\/www.europesays.com\/lv\/wp-json\/wp\/v2\/posts\/83203\/revisions"}],"wp:featuredmedia":[{"embeddable":true,"href":"https:\/\/www.europesays.com\/lv\/wp-json\/wp\/v2\/media\/83204"}],"wp:attachment":[{"href":"https:\/\/www.europesays.com\/lv\/wp-json\/wp\/v2\/media?parent=83203"}],"wp:term":[{"taxonomy":"category","embeddable":true,"href":"https:\/\/www.europesays.com\/lv\/wp-json\/wp\/v2\/categories?post=83203"},{"taxonomy":"post_tag","embeddable":true,"href":"https:\/\/www.europesays.com\/lv\/wp-json\/wp\/v2\/tags?post=83203"}],"curies":[{"name":"wp","href":"https:\/\/api.w.org\/{rel}","templated":true}]}}