{"id":83210,"date":"2025-12-22T15:32:08","date_gmt":"2025-12-22T15:32:08","guid":{"rendered":"https:\/\/www.europesays.com\/lv\/83210\/"},"modified":"2025-12-22T15:32:08","modified_gmt":"2025-12-22T15:32:08","slug":"sakta-kampana-ievainoto-ukrainas-kareivju-evakuacijai-no-frontes-lente-lv","status":"publish","type":"post","link":"https:\/\/www.europesays.com\/lv\/83210\/","title":{"rendered":"S\u0101kta kampa\u0146a ievainoto Ukrainas kareivju evaku\u0101cijai no frontes\u00a0\u2014\u00a0Lente.lv"},"content":{"rendered":"<p>Latvijas uz\u0146\u0113m\u0113ji apvienojas dz\u012bv\u012bbas gl\u0101b\u0161anai: Kampa\u0146a \u201cAizved mani!\u201d<\/p>\n<p>R\u012bg\u0101 ir s\u0101kta jauna labdar\u012bbas kampa\u0146a ar nosaukumu \u201cAizved mani!\u201d, kuras m\u0113r\u0137is ir kritiski svar\u012bgas finansi\u0101l\u0101s pal\u012bdz\u012bbas piesaiste, lai nodro\u0161in\u0101tu ievainoto Ukrainas karav\u012bru savlaic\u012bgu evaku\u0101ciju no kaujas zon\u0101m. K\u0101 zi\u0146o telekan\u0101ls TV3, iniciat\u012bvu \u012bsteno fonds \u201cUz\u0146\u0113m\u0113ji mieram\u201d, apvienojot Latvijas uz\u0146\u0113m\u0113ju solidarit\u0101ti un praktisko atbalstu Ukrainai. Fonda vad\u012bt\u0101ja Laura Skrodele uzsver, ka \u0161obr\u012bd iesaist\u012bties ir ikviena atbild\u012bba. Vi\u0146a nor\u0101da, ka \u0123eopolitisk\u0101 situ\u0101cija k\u013c\u016bst arvien saspringt\u0101ka, un atbalsta snieg\u0161ana Ukrainai \u0161obr\u012bd var b\u016bt pat v\u0113sturiski noz\u012bm\u012bg\u0101ka nek\u0101 jebkur\u0101 cit\u0101 kara posm\u0101. Kampa\u0146as atkl\u0101\u0161an\u0101 piedal\u012bj\u0101s ar\u012b Aizsardz\u012bbas ministrs Andris Spr\u016bds, kur\u0161 \u0161\u0101du atbalstu nov\u0113rt\u0113ja k\u0101 sp\u0113c\u012bgu solidarit\u0101tes apliecin\u0101jumu.<\/p>\n<p>Kritisk\u0101 \u201cZelta stunda\u201d un transporta tr\u016bkums<\/p>\n<p>Kampa\u0146as \u201cAizved mani!\u201d centr\u0101 ir viens no galvenajiem izaicin\u0101jumiem Ukrainas front\u0113 \u2013 laiks. Karadarb\u012bbas zon\u0101 p\u0113c ievainojuma g\u016b\u0161anas iz\u0161\u0137iro\u0161a ir t\u0101 saucam\u0101 \u201czelta stunda\u201d, kad \u0101tri sniegta medic\u012bnisk\u0101 pal\u012bdz\u012bba b\u016btiski nosaka karav\u012bra izdz\u012bvo\u0161anas iesp\u0113jas. Intens\u012bvas ap\u0161audes, dronu draudi un izpost\u012bta infrastrukt\u016bra bie\u017ei ne\u013cauj medi\u0137iem savlaic\u012bgi piek\u013c\u016bt cietu\u0161ajiem, un ce\u013c\u0161 no frontes l\u012bdz brig\u0101des medic\u012bnisk\u0101s rotas punktam da\u017ek\u0101rt var ilgt pat diennakti. Tie\u0161i transporta tr\u016bkums ir viens no galvenajiem \u0161\u0137\u0113r\u0161\u013ciem, kas liedz izgl\u0101bt dz\u012bv\u012bbas. Kampa\u0146as r\u012bkot\u0101ji uzsver, ka \u0161\u012b iniciat\u012bva ir praktiska atbilde uz \u0161o ak\u016bto vajadz\u012bbu.<\/p>\n<p>Kampa\u0146as m\u0113r\u0137i un finans\u0113juma izmanto\u0161ana<\/p>\n<p>Ziedojumu v\u0101k\u0161anas kampa\u0146a ir pl\u0101nota l\u012bdz n\u0101kam\u0101 gada 24. febru\u0101rim, kas iez\u012bm\u0113 pilnu kara gadadienu. Saziedotie l\u012bdzek\u013ci tiks novirz\u012bti vair\u0101kiem konkr\u0113tiem m\u0113r\u0137iem, kas tie\u0161i saist\u012bti ar evaku\u0101cijas \u0137\u0113des uzlabo\u0161anu un medic\u012bnisk\u0101s pal\u012bdz\u012bbas nodro\u0161in\u0101\u0161anu. Pirmk\u0101rt, tiks ieg\u0101d\u0101ti un apr\u012bkoti speci\u0101li evaku\u0101cijas transportl\u012bdzek\u013ci, kas sp\u0113j darboties pa smagi izbraucamiem apvidiem. Otrk\u0101rt, liela uzman\u012bba tiks piev\u0113rsta dronu ieg\u0101dei, kas pal\u012bdz\u0113s identific\u0113t ievainoto atra\u0161an\u0101s vietu un pl\u0101not dro\u0161\u0101kos evaku\u0101cijas mar\u0161rutus. Tre\u0161k\u0101rt, atbalsts tiks sniegts frontes medi\u0137u apr\u012bkojumam un tehnolo\u0123ij\u0101m, kas \u013cauj sniegt pal\u012bdz\u012bbu tie\u0161\u0101 ap\u0161audes tuvum\u0101, t\u0101d\u0113j\u0101di m\u0113\u0123inot pietuvin\u0101ties NATO noteiktajam \u201czelta stundas\u201d principam. Fonda \u201cUz\u0146\u0113m\u0113ji mieram\u201d p\u0101rst\u0101vji akcent\u0113, ka katrs ziedojums ir tie\u0161s ieguld\u012bjums karav\u012bru izdz\u012bvo\u0161an\u0101 un atgrie\u0161an\u0101s iesp\u0113j\u0101 pie \u0123imen\u0113m.<\/p>\n<p>Sabiedr\u012bbas atsauc\u012bba un uz\u0146\u0113m\u0113ju iesaiste<\/p>\n<p>Jau kampa\u0146as s\u0101kum\u0101, 17. decembr\u012b, tika nov\u0113rota iev\u0113rojama sabiedr\u012bbas aktivit\u0101te. Fonds \u201cUz\u0146\u0113m\u0113ji mieram\u201d darbojas jau kop\u0161 2022. gada, un l\u012bdz \u0161im t\u0101 atbalsts Ukrainai ir bijis daudzpus\u012bgs \u2013 pieg\u0101d\u0101ts transports, apr\u012bkojums un sniegts atbalsts infrastrukt\u016bras atjauno\u0161anai. Kampa\u0146a \u201cAizved mani!\u201d ir radusies sadarb\u012bb\u0101 ar rado\u0161o a\u0123ent\u016bru \u201cMcCANN R\u012bga\u201d un strat\u0113\u0123ijas a\u0123ent\u016bru \u201cWhite Label\u201d. Mediju partneris \u0161aj\u0101 iniciat\u012bv\u0101 ir k\u013cuvis TV3 Group Latvija, kas jau ilgsto\u0161i atbalsta Ukrainu ar skaidru poz\u012bciju. Turkl\u0101t ar\u012b vado\u0161ie Latvijas uz\u0146\u0113mumi demonstr\u0113 savu solidarit\u0101ti; piem\u0113ram, tehnolo\u0123iju uz\u0146\u0113mums \u201cMikroTik\u201d vien\u0101 noz\u012bm\u012bg\u0101kajiem ieguld\u012bjumiem pie\u0161\u0137\u012bra 250 t\u016bksto\u0161us eiro \u0161\u012bs iniciat\u012bvas ietvaros.<\/p>\n<p>Pla\u0161\u0101ks konteksts un mor\u0101lais aicin\u0101jums<\/p>\n<p>Laura Skrodele, cit\u0113joties uz pa\u0161reiz\u0113jo situ\u0101ciju, uzsver mor\u0101lo imperat\u012bvu: \u201cMums ir tikai \u0161ie karav\u012bri \u2013 vi\u0146i j\u0101sarg\u0101.\u201d . \u0160\u012b kampa\u0146a notiek paral\u0113li valsts l\u012bme\u0146a atbalstam Ukrainas civiliedz\u012bvot\u0101jiem, kam vald\u012bba 2025. gadam ir pie\u0161\u0137\u012brusi 65 miljonus eiro, nodro\u0161inot uztur\u0113\u0161anos, izmitin\u0101\u0161anu un medic\u012bnas pakalpojumus. Tom\u0113r pal\u012bdz\u012bba karav\u012briem tie\u0161\u0101 frontes zon\u0101 prasa individu\u0101lu un \u0101tru r\u012bc\u012bbu, ko sp\u0113j nodro\u0161in\u0101t tie\u0161i \u0161\u0101das pilsonisk\u0101s sabiedr\u012bbas iniciat\u012bvas. Kampa\u0146as r\u012bkot\u0101ji aicina iedz\u012bvot\u0101jus nevilcin\u0101ties, jo \u201cpal\u012bdz\u012bba ir vajadz\u012bga tagad \u2013 pils\u0113tas tiek bombard\u0113tas tagad, Eiropas robe\u017ea ir j\u0101aizst\u0101v katru dienu.\u201d Ziedot iesp\u0113jams gan tie\u0161saist\u0113, izmantojot kampa\u0146as m\u0101jaslapu, gan veicot p\u0101rskait\u012bjumu uz fonda kontu. Uz\u0146\u0113mumiem tiek pied\u0101v\u0101ta iesp\u0113ja sl\u0113gt ziedojuma l\u012bgumu, lai sa\u0146emtu nodok\u013cu atvieglojumu apliecin\u0101jumu.<\/p>\n","protected":false},"excerpt":{"rendered":"Latvijas uz\u0146\u0113m\u0113ji apvienojas dz\u012bv\u012bbas gl\u0101b\u0161anai: Kampa\u0146a \u201cAizved mani!\u201d R\u012bg\u0101 ir s\u0101kta jauna labdar\u012bbas kampa\u0146a ar nosaukumu \u201cAizved mani!\u201d,&hellip;\n","protected":false},"author":2,"featured_media":83211,"comment_status":"","ping_status":"","sticky":false,"template":"","format":"standard","meta":{"footnotes":""},"categories":[12],"tags":[21048,23,28,29,32,33,22,21046,30,31,35,39,38,36,37,34,21049,40,20,26,27,24,25,9674,21047,21],"class_list":{"0":"post-83210","1":"post","2":"type-post","3":"status-publish","4":"format-standard","5":"has-post-thumbnail","7":"category-latvija","8":"tag-aizved-mani-kampana","9":"tag-aktualitates","10":"tag-breaking-news","11":"tag-breakingnews","12":"tag-featured-news","13":"tag-featurednews","14":"tag-headlines","15":"tag-ievainoto-evakuacija","16":"tag-latest-news","17":"tag-latestnews","18":"tag-latvia","19":"tag-latvian","20":"tag-latviesu","21":"tag-latviesu-valoda","22":"tag-latviesuvaloda","23":"tag-latvija","24":"tag-laura-skrodele","25":"tag-lv","26":"tag-news","27":"tag-popularakas-zinas","28":"tag-popularakaszinas","29":"tag-top-stories","30":"tag-topstories","31":"tag-ukrainas-karaviri","32":"tag-uznemeji-mieram","33":"tag-zinas"},"share_on_mastodon":{"url":"https:\/\/pubeurope.com\/@lv\/115763946770500630","error":""},"_links":{"self":[{"href":"https:\/\/www.europesays.com\/lv\/wp-json\/wp\/v2\/posts\/83210","targetHints":{"allow":["GET"]}}],"collection":[{"href":"https:\/\/www.europesays.com\/lv\/wp-json\/wp\/v2\/posts"}],"about":[{"href":"https:\/\/www.europesays.com\/lv\/wp-json\/wp\/v2\/types\/post"}],"author":[{"embeddable":true,"href":"https:\/\/www.europesays.com\/lv\/wp-json\/wp\/v2\/users\/2"}],"replies":[{"embeddable":true,"href":"https:\/\/www.europesays.com\/lv\/wp-json\/wp\/v2\/comments?post=83210"}],"version-history":[{"count":0,"href":"https:\/\/www.europesays.com\/lv\/wp-json\/wp\/v2\/posts\/83210\/revisions"}],"wp:featuredmedia":[{"embeddable":true,"href":"https:\/\/www.europesays.com\/lv\/wp-json\/wp\/v2\/media\/83211"}],"wp:attachment":[{"href":"https:\/\/www.europesays.com\/lv\/wp-json\/wp\/v2\/media?parent=83210"}],"wp:term":[{"taxonomy":"category","embeddable":true,"href":"https:\/\/www.europesays.com\/lv\/wp-json\/wp\/v2\/categories?post=83210"},{"taxonomy":"post_tag","embeddable":true,"href":"https:\/\/www.europesays.com\/lv\/wp-json\/wp\/v2\/tags?post=83210"}],"curies":[{"name":"wp","href":"https:\/\/api.w.org\/{rel}","templated":true}]}}