{"id":83212,"date":"2025-12-22T15:33:09","date_gmt":"2025-12-22T15:33:09","guid":{"rendered":"https:\/\/www.europesays.com\/lv\/83212\/"},"modified":"2025-12-22T15:33:09","modified_gmt":"2025-12-22T15:33:09","slug":"lace-noraida-zzs-parmetumus-par-maf-programmu-sliktu-parvaldibu","status":"publish","type":"post","link":"https:\/\/www.europesays.com\/lv\/83212\/","title":{"rendered":"L\u0101ce noraida ZZS p\u0101rmetumus par MAF programmu sliktu p\u0101rvald\u012bbu"},"content":{"rendered":"<p>K\u0101 a\u0123ent\u016bru LETA inform\u0113ja ministres padomniece Rita Pl\u016bme, L\u0101ce uzsver, ka Sabiedr\u012bbas integr\u0101cijas fond\u0101 (SIF) ir skaidri l\u0113mumu pie\u0146em\u0161anas principi, tostarp iestr\u0101d\u0101ti kontroles meh\u0101nismi intere\u0161u konflikta nov\u0113r\u0161anai. Izstr\u0101d\u0101jot izmai\u0146as Mediju atbalsta fonda (MAF) nolikum\u0101, ir notiku\u0161as vair\u0101k nek\u0101 18 da\u017e\u0101das san\u0101ksmes, kur piedal\u012bj\u0101s ar\u012b nozares p\u0101rst\u0101vji, tostarp Mediju konsultat\u012bv\u0101s padomes locek\u013ci.<\/p>\n<p>Mediju konsultat\u012bv\u0101s padomes priek\u0161s\u0113d\u0113t\u0101ja ir Kult\u016bras ministrijas valsts sekret\u0101ra vietniece starptautisko lietu, integr\u0101cijas un mediju jaut\u0101jumos Zane V\u0101gnere, padomes locek\u013ci ir, piem\u0113ram, Baltijas Mediju izcil\u012bbas centra izpilddirektore Gunta Sloga, R\u012bgas Stradi\u0146a universit\u0101tes Soci\u0101lo zin\u0101t\u0146u fakult\u0101tes profesore, vado\u0161\u0101 p\u0113tniece Anda Ro\u017eukalne, Nacion\u0101l\u0101s elektronisko pla\u0161sazi\u0146as l\u012bdzek\u013cu padomes locekle Ieva Kalderauska, Latvijas Universit\u0101tes Soci\u0101lo zin\u0101t\u0146u fakult\u0101tes pasniedz\u0113js M\u0101rti\u0146\u0161 Pri\u010dins. Kopum\u0101 padom\u0113 darbojas 28 locek\u013ci.<\/p>\n<p>Jau rakst\u012bts, ka ZZS aicina Ministru prezidenti Eviku Sili\u0146u (JV) v\u0113rsties Korupcijas nov\u0113r\u0161anas un apkaro\u0161anas biroj\u0101 (KNAB), jo partija saskata iesp\u0113jamu politisko ietekmi SIF darb\u012bb\u0101.<\/p>\n","protected":false},"excerpt":{"rendered":"K\u0101 a\u0123ent\u016bru LETA inform\u0113ja ministres padomniece Rita Pl\u016bme, L\u0101ce uzsver, ka Sabiedr\u012bbas integr\u0101cijas fond\u0101 (SIF) ir skaidri l\u0113mumu&hellip;\n","protected":false},"author":2,"featured_media":83213,"comment_status":"","ping_status":"","sticky":false,"template":"","format":"standard","meta":{"footnotes":""},"categories":[5],"tags":[8981,23,28,29,32,33,22,1813,30,31,35,39,38,36,37,34,40,20,26,27,24,25,21],"class_list":{"0":"post-83212","1":"post","2":"type-post","3":"status-publish","4":"format-standard","5":"has-post-thumbnail","7":"category-aktualitates","8":"tag-agnese-lace","9":"tag-aktualitates","10":"tag-breaking-news","11":"tag-breakingnews","12":"tag-featured-news","13":"tag-featurednews","14":"tag-headlines","15":"tag-kulturas-ministrija","16":"tag-latest-news","17":"tag-latestnews","18":"tag-latvia","19":"tag-latvian","20":"tag-latviesu","21":"tag-latviesu-valoda","22":"tag-latviesuvaloda","23":"tag-latvija","24":"tag-lv","25":"tag-news","26":"tag-popularakas-zinas","27":"tag-popularakaszinas","28":"tag-top-stories","29":"tag-topstories","30":"tag-zinas"},"share_on_mastodon":{"url":"https:\/\/pubeurope.com\/@lv\/115763950555373472","error":""},"_links":{"self":[{"href":"https:\/\/www.europesays.com\/lv\/wp-json\/wp\/v2\/posts\/83212","targetHints":{"allow":["GET"]}}],"collection":[{"href":"https:\/\/www.europesays.com\/lv\/wp-json\/wp\/v2\/posts"}],"about":[{"href":"https:\/\/www.europesays.com\/lv\/wp-json\/wp\/v2\/types\/post"}],"author":[{"embeddable":true,"href":"https:\/\/www.europesays.com\/lv\/wp-json\/wp\/v2\/users\/2"}],"replies":[{"embeddable":true,"href":"https:\/\/www.europesays.com\/lv\/wp-json\/wp\/v2\/comments?post=83212"}],"version-history":[{"count":0,"href":"https:\/\/www.europesays.com\/lv\/wp-json\/wp\/v2\/posts\/83212\/revisions"}],"wp:featuredmedia":[{"embeddable":true,"href":"https:\/\/www.europesays.com\/lv\/wp-json\/wp\/v2\/media\/83213"}],"wp:attachment":[{"href":"https:\/\/www.europesays.com\/lv\/wp-json\/wp\/v2\/media?parent=83212"}],"wp:term":[{"taxonomy":"category","embeddable":true,"href":"https:\/\/www.europesays.com\/lv\/wp-json\/wp\/v2\/categories?post=83212"},{"taxonomy":"post_tag","embeddable":true,"href":"https:\/\/www.europesays.com\/lv\/wp-json\/wp\/v2\/tags?post=83212"}],"curies":[{"name":"wp","href":"https:\/\/api.w.org\/{rel}","templated":true}]}}