{"id":83214,"date":"2025-12-22T15:36:12","date_gmt":"2025-12-22T15:36:12","guid":{"rendered":"https:\/\/www.europesays.com\/lv\/83214\/"},"modified":"2025-12-22T15:36:12","modified_gmt":"2025-12-22T15:36:12","slug":"iniciativa-veicinat-kravas-autoparka-dekarbonizaciju-uzladets","status":"publish","type":"post","link":"https:\/\/www.europesays.com\/lv\/83214\/","title":{"rendered":"Iniciat\u012bva veicin\u0101t kravas autoparka dekarboniz\u0101ciju \u2013 Uzl\u0101d\u0113ts"},"content":{"rendered":"<p>Biedr\u012bba \u201cLatvijas ilgtsp\u0113jas klasteris\u201d, sadarb\u012bb\u0101 ar nozares p\u0101rst\u0101vjiem, ir nos\u016bt\u012bjusi ofici\u0101lu aicin\u0101jumu Klimata un ener\u0123\u0113tikas ministrijai un Satiksmes ministrijai, aicinot nodro\u0161in\u0101t m\u0113r\u0137tiec\u012bgu un koordin\u0113tu valsts atbalstu kravas transporta dekarboniz\u0101cijai Latvij\u0101.<\/p>\n<p>Transporta sektors ir viens no noz\u012bm\u012bg\u0101kajiem siltumn\u012bcefekta g\u0101zu emisiju avotiem Latvij\u0101, un t\u0101 dekarboniz\u0101cija ir b\u016btiska nacion\u0101l\u0101s klimata politikas priorit\u0101te. Tas ir \u012bpa\u0161i aktu\u0101li, \u0146emot v\u0113r\u0101 neseno Saeimas l\u0113mumu paredz\u0113t transporta emisiju samazin\u0101jumu vismaz par 16% l\u012bdz 2030. gadam.<\/p>\n<p>  <a id=\"post-banner-link-2\" href=\"https:\/\/uzladets.lv\/hyundai25Ioniq5\" target=\"_blank\" rel=\"nofollow noopener\"><br \/>\n    <img id=\"post-banner-image-2\" loading=\"lazy\" decoding=\"async\" width=\"932\" height=\"300\"\/><br \/>\n  <\/a><\/p>\n<p>Biedr\u012bba aicina ministrijas:<\/p>\n<p><a href=\"https:\/\/uzladets.lv\/elektrumdrive251211kv\" target=\"_blank\" rel=\"nofollow noopener\"><img decoding=\"async\" src=\"https:\/\/www.europesays.com\/lv\/wp-content\/uploads\/2025\/12\/Elektrum_Drive_Ziema_Uzladets_kv.jpg\".jpeg\" style=\"max-width: 300px; max-height:250px;\"\/><\/a><img loading=\"lazy\" decoding=\"async\" src=\"https:\/\/www.europesays.com\/lv\/wp-content\/uploads\/2025\/12\/1766417772_518_\" border=\"0\" width=\"1\" height=\"1\"\/><\/p>\n<ol class=\"wp-block-list\">\n<li>pie\u0161\u0137irt publisko fondu atbalstu kravas autoparka dekarboniz\u0101cijai, izmantojot gan Eiropas Savien\u012bbas fondu programmas, gan emisiju tirdzniec\u012bbas sist\u0113mas ie\u0146\u0113mumus;<\/li>\n<li>izv\u0113rt\u0113t kompleksu atbalsta modeli, kas nodro\u0161in\u0101tu uz\u0146\u0113mumiem pieejamu l\u012bdzfinans\u0113jumu gan zemu vai nulles emisiju kravas transportl\u012bdzek\u013cu ieg\u0101dei, gan tiem nepiecie\u0161am\u0101s infrastrukt\u016bras izveidei;<\/li>\n<li>nodro\u0161in\u0101t lielas jaudas uzl\u0101des un uzpildes infrastrukt\u016bras att\u012bst\u012bbu, tostarp elektropievadu izb\u016bvi l\u012bdz uzl\u0101des st\u0101vviet\u0101m;<\/li>\n<li>preciz\u0113t kravas automobi\u013ciem nepiecie\u0161amo st\u0101vlaukumu \u0123eogr\u0101fisko izvietojumu un kont\u016bras atbilsto\u0161i nozares faktiskaj\u0101m vajadz\u012bb\u0101m.<\/li>\n<\/ol>\n<blockquote class=\"wp-block-quote is-layout-flow wp-block-quote-is-layout-flow\">\n<p>Esam p\u0101rliecin\u0101ti, ka min\u0113to pas\u0101kumu \u012bsteno\u0161ana b\u016btiski veicin\u0101s transporta nozares p\u0101reju uz ilgtsp\u0113j\u012bgiem risin\u0101jumiem un stiprin\u0101s valsts ekonomisko konkur\u0113tsp\u0113ju. Bez m\u0113r\u0137tiec\u012bgas r\u012bc\u012bbas \u0161\u012b nozares transform\u0101cija var iestr\u0113gt, ilgtermi\u0146\u0101 palielinot gan uz\u0146\u0113mumu izmaksas, gan kop\u0113j\u0101s emisijas.<\/p>\n<p>Armands G\u016btmanis, biedr\u012bbas \u201cLatvijas ilgtsp\u0113jas klasteris\u201d valdes loceklis<\/p><\/blockquote>\n<p>Aicin\u0101jumu jau \u0161obr\u012bd ir parakst\u012bju\u0161as vair\u0101kas nozares organiz\u0101cijas un uz\u0146\u0113mumi, p\u0101rst\u0101vot ener\u0123\u0113tikas, transporta, mobilit\u0101tes un aprites ekonomikas jomas. N\u0101kamaj\u0101 gad\u0101 Latvijas ilgtsp\u0113jas klasteris pl\u0101no turpin\u0101t uzrun\u0101t citus uz\u0146\u0113mumus un organiz\u0101cijas ar aicin\u0101jumu pievienoties iniciat\u012bvai, p\u0113c k\u0101 aicin\u0101jums un t\u0101 parakst\u012bt\u0101ji tiks pla\u0161\u0101k prezent\u0113ti publiski.<\/p>\n<p>Aicin\u0101juma parakst\u012bt\u0101ji \u0161obr\u012bd: Latvijas Atjaunojam\u0101s ener\u0123ijas feder\u0101cija (LAEF), Latvijas Aprites saimniec\u012bbas uz\u0146\u0113mumu asoci\u0101cija (LASUA), Latvijas Elektroauto biedr\u012bba, Auto asoci\u0101cija, Latvijas Biodegvielu un bioener\u0123ijas asoci\u0101cija (LBBA), Latvijas \u016ade\u0146ra\u017ea asoci\u0101cija, Latvijas Tirgot\u0101ju Asoci\u0101cija (LTA), SIA \u201cScania Latvia\u201d, SIA \u201cEco Baltia vide\u201d, SIA \u201cEleport\u201d, \u201cIgnitis On\u201d, SIA \u201cAI Corporation\u201d. <\/p>\n<p>Vair\u0101k inform\u0101cijas \u0161eit: <a href=\"http:\/\/www.ilgtspejasklasteris.lv\/\" rel=\"nofollow noopener\" target=\"_blank\">www.ilgtspejasklasteris.lv<\/a><\/p>\n<p><a href=\"https:\/\/mistape.com\" target=\"_blank\" rel=\"nofollow noopener\" class=\"mistape-link mistape-logo\"><\/a><\/p>\n<p>Ja rakst\u0101 paman\u012bji k\u013c\u016bdu, padod mums par to zi\u0146u, iez\u012bm\u0113jot a\u010dg\u0101rno tekstu un nospie\u017eot Ctrl+Enter. Paldies!<\/p>\n<p>&#13;<br \/>\n                    0&#13;<br \/>\n                    0&#13;<br \/>\n                    balsojumi<\/p>\n<p>Raksta nov\u0113rt\u0113jums<\/p>\n<p>\t\tPost navigation<\/p>\n","protected":false},"excerpt":{"rendered":"Biedr\u012bba \u201cLatvijas ilgtsp\u0113jas klasteris\u201d, sadarb\u012bb\u0101 ar nozares p\u0101rst\u0101vjiem, ir nos\u016bt\u012bjusi ofici\u0101lu aicin\u0101jumu Klimata un ener\u0123\u0113tikas ministrijai un Satiksmes&hellip;\n","protected":false},"author":2,"featured_media":27287,"comment_status":"","ping_status":"","sticky":false,"template":"","format":"standard","meta":{"footnotes":""},"categories":[16],"tags":[77,76,21050,35,39,38,36,37,34,21051,13863,40],"class_list":{"0":"post-83214","1":"post","2":"type-post","3":"status-publish","4":"format-standard","5":"has-post-thumbnail","7":"category-bizness","8":"tag-bizness","9":"tag-business","10":"tag-kravu-parvadataji","11":"tag-latvia","12":"tag-latvian","13":"tag-latviesu","14":"tag-latviesu-valoda","15":"tag-latviesuvaloda","16":"tag-latvija","17":"tag-latvijas-ilgtspejas-klasteris","18":"tag-leab","19":"tag-lv"},"share_on_mastodon":{"url":"https:\/\/pubeurope.com\/@lv\/115763962656107440","error":""},"_links":{"self":[{"href":"https:\/\/www.europesays.com\/lv\/wp-json\/wp\/v2\/posts\/83214","targetHints":{"allow":["GET"]}}],"collection":[{"href":"https:\/\/www.europesays.com\/lv\/wp-json\/wp\/v2\/posts"}],"about":[{"href":"https:\/\/www.europesays.com\/lv\/wp-json\/wp\/v2\/types\/post"}],"author":[{"embeddable":true,"href":"https:\/\/www.europesays.com\/lv\/wp-json\/wp\/v2\/users\/2"}],"replies":[{"embeddable":true,"href":"https:\/\/www.europesays.com\/lv\/wp-json\/wp\/v2\/comments?post=83214"}],"version-history":[{"count":0,"href":"https:\/\/www.europesays.com\/lv\/wp-json\/wp\/v2\/posts\/83214\/revisions"}],"wp:featuredmedia":[{"embeddable":true,"href":"https:\/\/www.europesays.com\/lv\/wp-json\/wp\/v2\/media\/27287"}],"wp:attachment":[{"href":"https:\/\/www.europesays.com\/lv\/wp-json\/wp\/v2\/media?parent=83214"}],"wp:term":[{"taxonomy":"category","embeddable":true,"href":"https:\/\/www.europesays.com\/lv\/wp-json\/wp\/v2\/categories?post=83214"},{"taxonomy":"post_tag","embeddable":true,"href":"https:\/\/www.europesays.com\/lv\/wp-json\/wp\/v2\/tags?post=83214"}],"curies":[{"name":"wp","href":"https:\/\/api.w.org\/{rel}","templated":true}]}}