{"id":83227,"date":"2025-12-22T15:56:15","date_gmt":"2025-12-22T15:56:15","guid":{"rendered":"https:\/\/www.europesays.com\/lv\/83227\/"},"modified":"2025-12-22T15:56:15","modified_gmt":"2025-12-22T15:56:15","slug":"par-gada-eiropas-cilveku-latvija-nosauc-basketbola-savienibas-generalsekretaru-ciprusu","status":"publish","type":"post","link":"https:\/\/www.europesays.com\/lv\/83227\/","title":{"rendered":"Par gada Eiropas cilv\u0113ku Latvij\u0101 nosauc Basketbola savien\u012bbas \u0123ener\u0101lsekret\u0101ru Ciprusu"},"content":{"rendered":"<p>Cipruss bija nomin\u0113ts par Eiropas \u010dempion\u0101ta \u201cEuroBasket 2025\u201d r\u012bko\u0161anas nodro\u0161in\u0101\u0161anu Latvij\u0101 un Eiropas basketbola l\u012bdzjut\u0113ju piesaisti.<\/p>\n<p>L\u0101ci izvirz\u012bja titulam par darbu pretvardarb\u012bbas jom\u0101 un profesion\u0101lu iesaisti sabiedriskaj\u0101s diskusij\u0101s, skaidrojot ar dzimumu l\u012bdzties\u012bbu saist\u012btos jaut\u0101jumus.<\/p>\n<p>Savuk\u0101rt C\u0101bulis nomin\u0113ts, uzsverot kora \u201cKam\u0113r\u2026\u201d starptautiskos pan\u0101kumus Eiropas koru konkursos un Latvijas v\u0101rda populariz\u0113\u0161anu.<\/p>\n<p>Titula ieguv\u0113ju noskaidro sabiedr\u012bbas balsojum\u0101.<\/p>\n<p>\u0160\u012a atzin\u012bba ir veids, k\u0101 pateikties cilv\u0113kam, kur\u0161 \u0161ogad ar saviem darbiem veicin\u0101jis Eiropas un Latvijas integr\u0101ciju, atz\u012bm\u0113 balsojama r\u012bkot\u0101ji Eiropas kust\u012bba Latvij\u0101.<\/p>\n<p>\u0160ogad titulam \u201cGada Eiropas cilv\u0113ks Latvij\u0101\u201d bija izvirz\u012bti vair\u0101k nek\u0101 80 kandid\u0101ti.<\/p>\n<p class=\"tv3-fw-500\">Zi\u0146o par k\u013c\u016bdu rakst\u0101<\/p>\n<p class=\"d-md-block d-none\">Iez\u012bm\u0113 k\u013c\u016bdaino tekstu un spied Ctrl+Enter.<\/p>\n<p class=\"d-md-none d-block\">Iez\u012bm\u0113 k\u013c\u016bdaino tekstu un zi\u0146o par to!<\/p>\n","protected":false},"excerpt":{"rendered":"Cipruss bija nomin\u0113ts par Eiropas \u010dempion\u0101ta \u201cEuroBasket 2025\u201d r\u012bko\u0161anas nodro\u0161in\u0101\u0161anu Latvij\u0101 un Eiropas basketbola l\u012bdzjut\u0113ju piesaisti. L\u0101ci izvirz\u012bja&hellip;\n","protected":false},"author":2,"featured_media":83228,"comment_status":"","ping_status":"","sticky":false,"template":"","format":"standard","meta":{"footnotes":""},"categories":[12],"tags":[23,28,29,32,33,22,21053,30,31,35,39,38,36,37,34,40,20,26,27,24,25,21],"class_list":{"0":"post-83227","1":"post","2":"type-post","3":"status-publish","4":"format-standard","5":"has-post-thumbnail","7":"category-latvija","8":"tag-aktualitates","9":"tag-breaking-news","10":"tag-breakingnews","11":"tag-featured-news","12":"tag-featurednews","13":"tag-headlines","14":"tag-kaspars-ciprusslatvijas-basketbola-savienibalbs","15":"tag-latest-news","16":"tag-latestnews","17":"tag-latvia","18":"tag-latvian","19":"tag-latviesu","20":"tag-latviesu-valoda","21":"tag-latviesuvaloda","22":"tag-latvija","23":"tag-lv","24":"tag-news","25":"tag-popularakas-zinas","26":"tag-popularakaszinas","27":"tag-top-stories","28":"tag-topstories","29":"tag-zinas"},"share_on_mastodon":{"url":"https:\/\/pubeurope.com\/@lv\/115764041069172032","error":""},"_links":{"self":[{"href":"https:\/\/www.europesays.com\/lv\/wp-json\/wp\/v2\/posts\/83227","targetHints":{"allow":["GET"]}}],"collection":[{"href":"https:\/\/www.europesays.com\/lv\/wp-json\/wp\/v2\/posts"}],"about":[{"href":"https:\/\/www.europesays.com\/lv\/wp-json\/wp\/v2\/types\/post"}],"author":[{"embeddable":true,"href":"https:\/\/www.europesays.com\/lv\/wp-json\/wp\/v2\/users\/2"}],"replies":[{"embeddable":true,"href":"https:\/\/www.europesays.com\/lv\/wp-json\/wp\/v2\/comments?post=83227"}],"version-history":[{"count":0,"href":"https:\/\/www.europesays.com\/lv\/wp-json\/wp\/v2\/posts\/83227\/revisions"}],"wp:featuredmedia":[{"embeddable":true,"href":"https:\/\/www.europesays.com\/lv\/wp-json\/wp\/v2\/media\/83228"}],"wp:attachment":[{"href":"https:\/\/www.europesays.com\/lv\/wp-json\/wp\/v2\/media?parent=83227"}],"wp:term":[{"taxonomy":"category","embeddable":true,"href":"https:\/\/www.europesays.com\/lv\/wp-json\/wp\/v2\/categories?post=83227"},{"taxonomy":"post_tag","embeddable":true,"href":"https:\/\/www.europesays.com\/lv\/wp-json\/wp\/v2\/tags?post=83227"}],"curies":[{"name":"wp","href":"https:\/\/api.w.org\/{rel}","templated":true}]}}