{"id":83229,"date":"2025-12-22T15:57:11","date_gmt":"2025-12-22T15:57:11","guid":{"rendered":"https:\/\/www.europesays.com\/lv\/83229\/"},"modified":"2025-12-22T15:57:11","modified_gmt":"2025-12-22T15:57:11","slug":"valdiba-apstiprina-baltijas-aizsardzibas-linijas-izveidei-nepieciesamas-teritorijas","status":"publish","type":"post","link":"https:\/\/www.europesays.com\/lv\/83229\/","title":{"rendered":"Vald\u012bba apstiprina Baltijas aizsardz\u012bbas l\u012bnijas izveidei nepiecie\u0161am\u0101s teritorijas"},"content":{"rendered":"<p>Par pretmobilit\u0101tes infrastrukt\u016brai nepiecie\u0161am\u0101s teritorijas atsavin\u0101\u0161anu nekustamo \u012bpa\u0161umu \u012bpa\u0161niekiem tiks izmaks\u0101ta atl\u012bdz\u012bba, kuru noteiks taisn\u012bgas atl\u012bdz\u012bbas noteik\u0161anas komisija, piesaistot sertific\u0113tu nekustam\u0101 \u012bpa\u0161uma v\u0113rt\u0113t\u0101ju.<\/p>\n<p>Taisn\u012bga atl\u012bdz\u012bba sast\u0101v no nekustam\u0101 \u012bpa\u0161uma tirgus v\u0113rt\u012bbas un nekustam\u0101 \u012bpa\u0161uma \u012bpa\u0161niekam nodar\u012bto zaud\u0113jumu apm\u0113ra.<\/p>\n<p>Jau zi\u0146ots, ka AM un Nacion\u0101lie bru\u0146otie sp\u0113ki (NBS), \u012bstenojot Latvijas austrumu robe\u017eas milit\u0101r\u0101s stiprin\u0101\u0161anas un pretmobilit\u0101tes pl\u0101nu, ir identific\u0113ju\u0161i, ka pretmobilit\u0101tes infrastrukt\u016bras izb\u016bvei b\u016bs nepiecie\u0161ami da\u017e\u0101da izm\u0113ra zemesgabali, kuru kop\u0113j\u0101 plat\u012bba sasniedz 2000 hekt\u0101ru Vidzemes un Latgales re\u0123ion\u0101, se\u0161\u0101s austrumu pierobe\u017eas pa\u0161vald\u012bb\u0101s &#8211; Al\u016bksnes, Aug\u0161daugavas, Balvu, Kr\u0101slavas, Ludzas, Smiltenes novados. Identific\u0113t\u0101s teritorijas ir valsts, pa\u0161vald\u012bbu un priv\u0101tpersonu \u012bpa\u0161um\u0101.<\/p>\n<p>Pretmobilit\u0101tes infrastrukt\u016bras izveides likums atvieglos NBS pretmobilit\u0101tes pas\u0101kumu ievie\u0161anu. Uz pretmobilit\u0101tes infrastrukt\u016bras izveidi neattieksies b\u016bvniec\u012bbas, me\u017eu apsaimnieko\u0161anas, koku cir\u0161anas un vides aizsardz\u012bbas pras\u012bbas.<\/p>\n<p>Pretmobilit\u0101tes infrastrukt\u016bras izveidi var\u0113s veikt ar\u012b NBS bez komersantu piesaistes. T\u0101pat pl\u0101nots projekta ievie\u0161an\u0101 iesaist\u012bt VAS &#8220;Valsts nekustamie \u012bpa\u0161umi&#8221;, kas organiz\u0113s un nodro\u0161in\u0101s visus pretmobilit\u0101tes pas\u0101kumiem nepiecie\u0161amo materi\u0101ltehnisko l\u012bdzek\u013cu izvieto\u0161anas un infrastrukt\u016bras izb\u016bves darbus.<\/p>\n<p>Lai pa\u0101trin\u0101tu robe\u017eas milit\u0101ro stiprin\u0101\u0161anu, milit\u0101r\u0101s pretmobilit\u0101tes infrastrukt\u016bras izveid\u0113 netiks piem\u0113rots publisko iepirkumu regul\u0113jums, kas \u013caus ietaup\u012bt laiku, stiprinot Latvijas valsts robe\u017eu. Pretendentu izv\u0113l\u0113 tiks iev\u0113roti publisko iepirkumu pamatprincipi. Likums dod ties\u012bbas pretmobilit\u0101tes infrastrukt\u016bras izveidei izmantot ar\u012b priv\u0101tperson\u0101m piedero\u0161os ce\u013cus un citas teritorijas, kas nepiecie\u0161am\u012bbas gad\u012bjum\u0101 p\u0113c darbu veik\u0161anas tiks sakoptas.<\/p>\n","protected":false},"excerpt":{"rendered":"Par pretmobilit\u0101tes infrastrukt\u016brai nepiecie\u0161am\u0101s teritorijas atsavin\u0101\u0161anu nekustamo \u012bpa\u0161umu \u012bpa\u0161niekiem tiks izmaks\u0101ta atl\u012bdz\u012bba, kuru noteiks taisn\u012bgas atl\u012bdz\u012bbas noteik\u0161anas komisija,&hellip;\n","protected":false},"author":2,"featured_media":83230,"comment_status":"","ping_status":"","sticky":false,"template":"","format":"standard","meta":{"footnotes":""},"categories":[5],"tags":[23,625,28,29,32,33,22,30,31,35,39,38,36,37,34,1589,40,5604,20,26,27,24,25,1524,21],"class_list":{"0":"post-83229","1":"post","2":"type-post","3":"status-publish","4":"format-standard","5":"has-post-thumbnail","7":"category-aktualitates","8":"tag-aktualitates","9":"tag-austrumu-robeza","10":"tag-breaking-news","11":"tag-breakingnews","12":"tag-featured-news","13":"tag-featurednews","14":"tag-headlines","15":"tag-latest-news","16":"tag-latestnews","17":"tag-latvia","18":"tag-latvian","19":"tag-latviesu","20":"tag-latviesu-valoda","21":"tag-latviesuvaloda","22":"tag-latvija","23":"tag-latvijas-un-baltkrievijas-robeza","24":"tag-lv","25":"tag-ministru-kabinets","26":"tag-news","27":"tag-popularakas-zinas","28":"tag-popularakaszinas","29":"tag-top-stories","30":"tag-topstories","31":"tag-valdiba","32":"tag-zinas"},"share_on_mastodon":{"url":"https:\/\/pubeurope.com\/@lv\/115764044971387776","error":""},"_links":{"self":[{"href":"https:\/\/www.europesays.com\/lv\/wp-json\/wp\/v2\/posts\/83229","targetHints":{"allow":["GET"]}}],"collection":[{"href":"https:\/\/www.europesays.com\/lv\/wp-json\/wp\/v2\/posts"}],"about":[{"href":"https:\/\/www.europesays.com\/lv\/wp-json\/wp\/v2\/types\/post"}],"author":[{"embeddable":true,"href":"https:\/\/www.europesays.com\/lv\/wp-json\/wp\/v2\/users\/2"}],"replies":[{"embeddable":true,"href":"https:\/\/www.europesays.com\/lv\/wp-json\/wp\/v2\/comments?post=83229"}],"version-history":[{"count":0,"href":"https:\/\/www.europesays.com\/lv\/wp-json\/wp\/v2\/posts\/83229\/revisions"}],"wp:featuredmedia":[{"embeddable":true,"href":"https:\/\/www.europesays.com\/lv\/wp-json\/wp\/v2\/media\/83230"}],"wp:attachment":[{"href":"https:\/\/www.europesays.com\/lv\/wp-json\/wp\/v2\/media?parent=83229"}],"wp:term":[{"taxonomy":"category","embeddable":true,"href":"https:\/\/www.europesays.com\/lv\/wp-json\/wp\/v2\/categories?post=83229"},{"taxonomy":"post_tag","embeddable":true,"href":"https:\/\/www.europesays.com\/lv\/wp-json\/wp\/v2\/tags?post=83229"}],"curies":[{"name":"wp","href":"https:\/\/api.w.org\/{rel}","templated":true}]}}