{"id":83278,"date":"2025-12-22T16:38:08","date_gmt":"2025-12-22T16:38:08","guid":{"rendered":"https:\/\/www.europesays.com\/lv\/83278\/"},"modified":"2025-12-22T16:38:08","modified_gmt":"2025-12-22T16:38:08","slug":"taksometru-platforma-ruut-uz-laiku-aptur-darbibu","status":"publish","type":"post","link":"https:\/\/www.europesays.com\/lv\/83278\/","title":{"rendered":"Taksometru platforma &#8220;Ruut&#8221; uz laiku aptur darb\u012bbu"},"content":{"rendered":"<p>Pazi\u0146ojum\u0101 teikts, ka tehnolo\u0123isku izaicin\u0101jumu d\u0113\u013c &#8220;Ruut&#8221; uz laiku aptur savas platformas darb\u012bbu, lai veiktu b\u016btiskus lietotnes uzlabojumus.<\/p>\n<p>&#8220;\u0160is l\u0113mums ir pie\u0146emts ar skatu n\u0101kotn\u0113 un m\u0113r\u0137i uzlabot platformas stabilit\u0101ti un lieto\u0161anas pieredzi gan partneriem, gan \u0161oferiem,&#8221; teikts pazi\u0146ojum\u0101.<\/p>\n<p>&#8220;Ruut&#8221; p\u0101rst\u0101vji a\u0123ent\u016brai LETA nor\u0101d\u012bja, ka platformas darb\u012bba patlaban aptur\u0113ta uz &#8220;nenoteiktu laiku&#8221;.<\/p>\n<p>LETA jau zi\u0146oja, ka &#8220;Ruut LV&#8221; \u0161ogad 27. oktobr\u012b s\u0101ka sniegt taksometru pakalpojumus mobilaj\u0101 lietotn\u0113 &#8220;Ruut&#8221;.<\/p>\n<p>&#8220;Ruut&#8221; dibin\u0101t\u0101js Andris K\u013cavinskis a\u0123ent\u016brai LETA iepriek\u0161 nor\u0101d\u012bja, ka &#8220;Ruut&#8221; s\u0101ka darb\u012bbu R\u012bg\u0101, Pier\u012bg\u0101 un J\u016brmal\u0101, bet, sasniedzot m\u0113r\u0137us un nostabiliz\u0113joties \u0161ajos re\u0123ionos, uz\u0146\u0113mums pl\u0101no att\u012bst\u012bt darb\u012bbu ar\u012b cit\u0101s Latvijas liel\u0101kaj\u0101s pils\u0113t\u0101s.<\/p>\n<p>T\u0101pat zi\u0146ots, ka Autotransporta direkcija (ATD) \u0161ogad tre\u0161aj\u0101 ceturksn\u012b ir re\u0123istr\u0113jusi tr\u012bs jaunas mobil\u0101s lietotnes taksometru pakalpojumu snieg\u0161anai Latvij\u0101.<\/p>\n<p>Jaunie pakalpojumu sniedz\u0113ji ir &#8220;Ruut LV&#8221; ar mobilo lietotni &#8220;Ruut&#8221;, SIA &#8220;R\u012bgas autonoma&#8221; ar mobilo lietotni &#8220;X Taxi&#8221; un m\u0101jaslapu &#8220;www.xtaxi.lv&#8221;, k\u0101 ar\u012b SIA &#8220;Kak&#8221; ar mobilo lietotni &#8220;KakTaxi&#8221; un m\u0101jaslapu &#8220;www.kaktaxi.lv&#8221;.<\/p>\n","protected":false},"excerpt":{"rendered":"Pazi\u0146ojum\u0101 teikts, ka tehnolo\u0123isku izaicin\u0101jumu d\u0113\u013c &#8220;Ruut&#8221; uz laiku aptur savas platformas darb\u012bbu, lai veiktu b\u016btiskus lietotnes uzlabojumus.&hellip;\n","protected":false},"author":2,"featured_media":83279,"comment_status":"","ping_status":"","sticky":false,"template":"","format":"standard","meta":{"footnotes":""},"categories":[12],"tags":[23,28,29,32,33,22,30,31,35,39,38,36,37,34,40,20,26,27,21034,21061,24,25,21],"class_list":{"0":"post-83278","1":"post","2":"type-post","3":"status-publish","4":"format-standard","5":"has-post-thumbnail","7":"category-latvija","8":"tag-aktualitates","9":"tag-breaking-news","10":"tag-breakingnews","11":"tag-featured-news","12":"tag-featurednews","13":"tag-headlines","14":"tag-latest-news","15":"tag-latestnews","16":"tag-latvia","17":"tag-latvian","18":"tag-latviesu","19":"tag-latviesu-valoda","20":"tag-latviesuvaloda","21":"tag-latvija","22":"tag-lv","23":"tag-news","24":"tag-popularakas-zinas","25":"tag-popularakaszinas","26":"tag-taksometri","27":"tag-taksometru-pakalpojumi","28":"tag-top-stories","29":"tag-topstories","30":"tag-zinas"},"share_on_mastodon":{"url":"https:\/\/pubeurope.com\/@lv\/115764206245955966","error":""},"_links":{"self":[{"href":"https:\/\/www.europesays.com\/lv\/wp-json\/wp\/v2\/posts\/83278","targetHints":{"allow":["GET"]}}],"collection":[{"href":"https:\/\/www.europesays.com\/lv\/wp-json\/wp\/v2\/posts"}],"about":[{"href":"https:\/\/www.europesays.com\/lv\/wp-json\/wp\/v2\/types\/post"}],"author":[{"embeddable":true,"href":"https:\/\/www.europesays.com\/lv\/wp-json\/wp\/v2\/users\/2"}],"replies":[{"embeddable":true,"href":"https:\/\/www.europesays.com\/lv\/wp-json\/wp\/v2\/comments?post=83278"}],"version-history":[{"count":0,"href":"https:\/\/www.europesays.com\/lv\/wp-json\/wp\/v2\/posts\/83278\/revisions"}],"wp:featuredmedia":[{"embeddable":true,"href":"https:\/\/www.europesays.com\/lv\/wp-json\/wp\/v2\/media\/83279"}],"wp:attachment":[{"href":"https:\/\/www.europesays.com\/lv\/wp-json\/wp\/v2\/media?parent=83278"}],"wp:term":[{"taxonomy":"category","embeddable":true,"href":"https:\/\/www.europesays.com\/lv\/wp-json\/wp\/v2\/categories?post=83278"},{"taxonomy":"post_tag","embeddable":true,"href":"https:\/\/www.europesays.com\/lv\/wp-json\/wp\/v2\/tags?post=83278"}],"curies":[{"name":"wp","href":"https:\/\/api.w.org\/{rel}","templated":true}]}}