{"id":83324,"date":"2025-12-22T17:20:13","date_gmt":"2025-12-22T17:20:13","guid":{"rendered":"https:\/\/www.europesays.com\/lv\/83324\/"},"modified":"2025-12-22T17:20:13","modified_gmt":"2025-12-22T17:20:13","slug":"likumsargi-sakotneji-aicinaja-sabiedribas-palidzibu-vina-atpazisana-lente-lv","status":"publish","type":"post","link":"https:\/\/www.europesays.com\/lv\/83324\/","title":{"rendered":"Likumsargi s\u0101kotn\u0113ji aicin\u0101ja sabiedr\u012bbas pal\u012bdz\u012bbu vi\u0146a atpaz\u012b\u0161an\u0101\u00a0\u2014\u00a0Lente.lv"},"content":{"rendered":"<p>Identit\u0101te noskaidrota p\u0113c publisk\u0101 aicin\u0101juma<\/p>\n<p>Valsts policija ir veiksm\u012bgi noskaidrojusi t\u0101s personas identit\u0101ti, kura iepriek\u0161 tika hospitaliz\u0113ta Liep\u0101jas Re\u0123ion\u0101laj\u0101 slimn\u012bc\u0101 nesp\u0113jot sniegt inform\u0101ciju par sevi. K\u0101 inform\u0113 port\u0101ls jauns.lv, ties\u012bbsarg\u0101jo\u0161\u0101s iest\u0101des s\u0101kotn\u0113ji bija v\u0113rsu\u0161\u0101s pie sabiedr\u012bbas ar l\u016bgumu pal\u012bdz\u0113t atpaz\u012bt \u0161o v\u012brieti, jo vi\u0146\u0161 nesp\u0113ja identific\u0113ties un sniegt nek\u0101das zi\u0146as par savu pieder\u012bgo loku. \u0160is gad\u012bjums uzsv\u0113ra sabiedr\u012bbas lomas noz\u012bmi neparedzam\u0101s situ\u0101cij\u0101s.<\/p>\n<p>Inform\u0101cija par to, ka v\u012brie\u0161a person\u012bba ir noskaidrota, tika izplat\u012bta \u0161odien, 22. decembr\u012b. Lai gan prec\u012bzi apst\u0101k\u013ci, k\u0101 vi\u0146a identit\u0101te tika apstiprin\u0101ta, netiek detaliz\u0113ti atkl\u0101ti, ir skaidrs, ka policijas un sabiedr\u012bbas kop\u012bgais p\u016bli\u0146\u0161 vainagoj\u0101s sekm\u0113s. \u0160\u0101das situ\u0101cijas, kad cilv\u0113ks non\u0101k medic\u012bnas iest\u0101d\u0113 bez personu apliecino\u0161iem dokumentiem vai nesp\u0113jot komunik\u0113t, bie\u017ei vien ir sare\u017e\u0123\u012btas ties\u012bbsarg\u0101jo\u0161\u0101m iest\u0101d\u0113m, un tie\u0161i l\u012bdzcilv\u0113ku atsauksme k\u013c\u016bst par kritisku saiknes punktu.<\/p>\n<p>V\u012brie\u0161a s\u0101kotn\u0113jais apraksts<\/p>\n<p>Pirms identit\u0101tes noskaidro\u0161anas policija bija sniegusi visp\u0101r\u012bgu aprakstu, lai veicin\u0101tu atpaz\u012b\u0161anu. Aprakst\u0101 min\u0113ts, ka v\u012brietis ir aptuveni 180 centimetrus gar\u0161, ar kalsnu miesasb\u016bvi. \u012apa\u0161u iev\u0113r\u012bbu s\u0101kotn\u0113ji piev\u0113rsa vi\u0146a matu kr\u0101sa un garums \u2013 sirmi, pagari mati, k\u0101 ar\u012b sirma b\u0101rda. V\u0113l viena no paman\u0101m\u0101kaj\u0101m iez\u012bm\u0113m bija tas, ka v\u012brietis p\u0101rvietoj\u0101s, izmantojot pa\u0161tais\u012btu jeb improviz\u0113tu spie\u0137i. \u0160\u0101di vizu\u0101lie elementi tiek atlas\u012bti, lai nodro\u0161in\u0101tu p\u0113c iesp\u0113jas prec\u012bz\u0101ku atpaz\u012b\u0161anas iesp\u0113ju no pla\u0161a cilv\u0113ku loka Kurzemes re\u0123ion\u0101.<\/p>\n<p>Valsts policija, izplatot s\u0101kotn\u0113jo inform\u0101ciju, uzsv\u0113ra, ka jebk\u0101da inform\u0101cija, kas var\u0113tu pal\u012bdz\u0113t noskaidrot v\u012brie\u0161a v\u0101rdu, uzv\u0101rdu vai kontaktus ar tuviniekiem, ir neatsverama. Likumsargi aicin\u0101ja iedz\u012bvot\u0101jus b\u016bt v\u0113r\u012bgiem un p\u0101rdom\u0101t, vai vi\u0146iem nav k\u0101das paz\u012bstamas personas, kura p\u0113d\u0113j\u0101 laik\u0101 nav devusi zi\u0146as par sevi vai nav ierasta sav\u0101 parastaj\u0101 vid\u0113.<\/p>\n<p>Slimn\u012bcas loma un pacienta konfidencialit\u0101te<\/p>\n<p>Fakts, ka v\u012brietis non\u0101cis tie\u0161i Liep\u0101jas medic\u012bnas iest\u0101d\u0113, nor\u0101da uz to, ka vi\u0146\u0161, iesp\u0113jams, ir atradies re\u0123ion\u0101 vai taj\u0101 non\u0101cis no tuv\u0113jiem novadiem. Lai gan medic\u012bnas iest\u0101des ir vieta, kur non\u0101k cilv\u0113ki da\u017e\u0101du vesel\u012bbas probl\u0113mu d\u0113\u013c, bie\u017ei vien nesp\u0113ja identific\u0113ties var b\u016bt saist\u012bta ar specifisku vesel\u012bbas st\u0101vokli, piem\u0113ram, atmi\u0146as zudumu vai apzi\u0146as trauc\u0113jumiem, kas var izrais\u012bt sekas p\u0113c traum\u0101m vai saslim\u0161anas. Tom\u0113r, iev\u0113rojot pacienta datu aizsardz\u012bbas regul\u0113jumus, Liep\u0101jas Re\u0123ion\u0101l\u0101 slimn\u012bca vai policija neizpau\u017e konkr\u0113tu inform\u0101ciju par v\u012brie\u0161a \u0101rst\u0113\u0161anas gaitu vai diagnozi.<\/p>\n<p>\u0160\u0101da situ\u0101cija atkal vien no jauna aktualiz\u0113 medic\u012bnas iest\u0101\u017eu un ties\u012bbsargu sadarb\u012bbas nepiecie\u0161am\u012bbu. \u0100rk\u0101rtas gad\u012bjumos, kad pacients nav sp\u0113j\u012bgs sniegt inform\u0101ciju, atkl\u0101ts komunik\u0101cijas kan\u0101ls ar policiju nodro\u0161ina, ka cilv\u0113ks sa\u0146em nepiecie\u0161amo medic\u012bnisko apr\u016bpi, kam\u0113r tiek risin\u0101ts vi\u0146a statusa un person\u012bbas jaut\u0101jums. \u0160is ir paraugs, k\u0101 emp\u0101tija un publisk\u0101 inform\u0101cijas apmai\u0146a var pal\u012bdz\u0113t atjaunot k\u0101das personas saikni ar sabiedr\u012bbu.<\/p>\n<p>Turpm\u0101kie so\u013ci un nosl\u0113gums<\/p>\n<p>Ar identit\u0101tes noskaidro\u0161anu tiek uzskat\u0101ms, ka \u0161\u012b konkr\u0113t\u0101 situ\u0101cija ar neidentific\u0113to personu ir atrisin\u0101ta pozit\u012bv\u0101 virzien\u0101. Tuv\u0101kie so\u013ci, visticam\u0101k, ietvers sazi\u0146u ar v\u012brie\u0161a \u0123imeni vai tuviniekiem, lai nodro\u0161in\u0101tu vi\u0146a apr\u016bpi p\u0113c izrakst\u012b\u0161an\u0101s no slimn\u012bcas, k\u0101 ar\u012b lai izprastu apst\u0101k\u013cus, k\u0101 vi\u0146\u0161 non\u0101cis \u0161\u0101d\u0101 situ\u0101cij\u0101. \u0160\u0101du lietu atrisin\u0101\u0161ana bie\u017ei vien prasa laiku un diskr\u0113tumu, lai aizsarg\u0101tu personas priv\u0101tumu p\u0113c tam, kad publisk\u0101 inform\u0101cija vairs nav nepiecie\u0161ama sabiedr\u012bbas atbalsta ieg\u016b\u0161anai.<\/p>\n<p>Policija pagaid\u0101m nav sniegusi papildu inform\u0101ciju par to, vai v\u012brietis bija bezv\u0113sts pazudis vai \u0161\u0101ds st\u0101voklis bija radies k\u0101das citas, \u012bslaic\u012bgas probl\u0113mas rezult\u0101t\u0101. Jebkur\u0101 gad\u012bjum\u0101, Valsts policijas pazi\u0146ojums par identit\u0101tes noskaidro\u0161anu ir nosl\u0113guma punkts publiskajam mekl\u0113jumam, kas ilga l\u012bdz br\u012bdim, kam\u0113r pietiekami daudz zin\u0101mu faktu nebija pieejami, lai nodro\u0161in\u0101tu personas ties\u012bbas un dro\u0161\u012bbu.<\/p>\n","protected":false},"excerpt":{"rendered":"Identit\u0101te noskaidrota p\u0113c publisk\u0101 aicin\u0101juma Valsts policija ir veiksm\u012bgi noskaidrojusi t\u0101s personas identit\u0101ti, kura iepriek\u0161 tika hospitaliz\u0113ta Liep\u0101jas&hellip;\n","protected":false},"author":2,"featured_media":83325,"comment_status":"","ping_status":"","sticky":false,"template":"","format":"standard","meta":{"footnotes":""},"categories":[12],"tags":[23,28,29,32,33,22,16754,30,31,35,39,38,36,37,34,444,40,20,26,27,21068,183,24,25,138,21],"class_list":{"0":"post-83324","1":"post","2":"type-post","3":"status-publish","4":"format-standard","5":"has-post-thumbnail","7":"category-latvija","8":"tag-aktualitates","9":"tag-breaking-news","10":"tag-breakingnews","11":"tag-featured-news","12":"tag-featurednews","13":"tag-headlines","14":"tag-identitates-noskaidrosana","15":"tag-latest-news","16":"tag-latestnews","17":"tag-latvia","18":"tag-latvian","19":"tag-latviesu","20":"tag-latviesu-valoda","21":"tag-latviesuvaloda","22":"tag-latvija","23":"tag-liepaja","24":"tag-lv","25":"tag-news","26":"tag-popularakas-zinas","27":"tag-popularakaszinas","28":"tag-sabiedribas-atsauksme","29":"tag-slimnica","30":"tag-top-stories","31":"tag-topstories","32":"tag-valsts-policija","33":"tag-zinas"},"share_on_mastodon":{"url":"https:\/\/pubeurope.com\/@lv\/115764371440658533","error":""},"_links":{"self":[{"href":"https:\/\/www.europesays.com\/lv\/wp-json\/wp\/v2\/posts\/83324","targetHints":{"allow":["GET"]}}],"collection":[{"href":"https:\/\/www.europesays.com\/lv\/wp-json\/wp\/v2\/posts"}],"about":[{"href":"https:\/\/www.europesays.com\/lv\/wp-json\/wp\/v2\/types\/post"}],"author":[{"embeddable":true,"href":"https:\/\/www.europesays.com\/lv\/wp-json\/wp\/v2\/users\/2"}],"replies":[{"embeddable":true,"href":"https:\/\/www.europesays.com\/lv\/wp-json\/wp\/v2\/comments?post=83324"}],"version-history":[{"count":0,"href":"https:\/\/www.europesays.com\/lv\/wp-json\/wp\/v2\/posts\/83324\/revisions"}],"wp:featuredmedia":[{"embeddable":true,"href":"https:\/\/www.europesays.com\/lv\/wp-json\/wp\/v2\/media\/83325"}],"wp:attachment":[{"href":"https:\/\/www.europesays.com\/lv\/wp-json\/wp\/v2\/media?parent=83324"}],"wp:term":[{"taxonomy":"category","embeddable":true,"href":"https:\/\/www.europesays.com\/lv\/wp-json\/wp\/v2\/categories?post=83324"},{"taxonomy":"post_tag","embeddable":true,"href":"https:\/\/www.europesays.com\/lv\/wp-json\/wp\/v2\/tags?post=83324"}],"curies":[{"name":"wp","href":"https:\/\/api.w.org\/{rel}","templated":true}]}}