{"id":83326,"date":"2025-12-22T17:21:10","date_gmt":"2025-12-22T17:21:10","guid":{"rendered":"https:\/\/www.europesays.com\/lv\/83326\/"},"modified":"2025-12-22T17:21:10","modified_gmt":"2025-12-22T17:21:10","slug":"nosaukts-aizvadita-gada-eiropas-cilveks-latvija","status":"publish","type":"post","link":"https:\/\/www.europesays.com\/lv\/83326\/","title":{"rendered":"Nosaukts aizvad\u012bt\u0101 gada Eiropas cilv\u0113ks Latvij\u0101"},"content":{"rendered":"<p>Nosl\u0113dzo\u0161aj\u0101 posm\u0101 uz titulu &#8220;Gada Eiropas cilv\u0113ks Latvij\u0101&#8221; pretend\u0113ja ar\u012b &#8220;Centra Marta&#8221; valdes locekle un direktore Iluta L\u0101ce un kora &#8220;Kam\u0113r\u2026&#8221; m\u0101kslinieciskais vad\u012bt\u0101js un galvenais diri\u0123ents Jur\u0123is C\u0101bulis.<\/p>\n<p>Cipruss bija nomin\u0113ts par Eiropas \u010dempion\u0101ta &#8220;EuroBasket 2025&#8221; r\u012bko\u0161anas nodro\u0161in\u0101\u0161anu Latvij\u0101 un Eiropas basketbola l\u012bdzjut\u0113ju piesaisti.<\/p>\n<p>L\u0101ci izvirz\u012bja titulam par darbu pretvardarb\u012bbas jom\u0101 un profesion\u0101lu iesaisti sabiedriskaj\u0101s diskusij\u0101s, skaidrojot ar dzimumu l\u012bdzties\u012bbu saist\u012btos jaut\u0101jumus. Savuk\u0101rt C\u0101bulis nomin\u0113ts, uzsverot kora &#8220;Kam\u0113r&#8230;&#8221; starptautiskos pan\u0101kumus Eiropas koru konkursos un Latvijas v\u0101rda populariz\u0113\u0161anu.<\/p>\n<p>Titula ieguv\u0113ju noskaidro sabiedr\u012bbas balsojum\u0101. \u0160\u012a atzin\u012bba ir veids, k\u0101 pateikties cilv\u0113kam, kur\u0161 \u0161ogad ar saviem darbiem veicin\u0101jis Eiropas un Latvijas integr\u0101ciju, atz\u012bm\u0113 balsojama r\u012bkot\u0101ji Eiropas kust\u012bba Latvij\u0101.<\/p>\n<p>\u0160ogad titulam &#8220;Gada Eiropas cilv\u0113ks Latvij\u0101&#8221; bija izvirz\u012bti vair\u0101k nek\u0101 80 kandid\u0101ti.<\/p>\n","protected":false},"excerpt":{"rendered":"Nosl\u0113dzo\u0161aj\u0101 posm\u0101 uz titulu &#8220;Gada Eiropas cilv\u0113ks Latvij\u0101&#8221; pretend\u0113ja ar\u012b &#8220;Centra Marta&#8221; valdes locekle un direktore Iluta L\u0101ce&hellip;\n","protected":false},"author":2,"featured_media":83327,"comment_status":"","ping_status":"","sticky":false,"template":"","format":"standard","meta":{"footnotes":""},"categories":[5],"tags":[23,145,28,29,4135,32,33,22,13953,30,31,35,39,38,36,37,34,40,20,26,27,24,25,21],"class_list":{"0":"post-83326","1":"post","2":"type-post","3":"status-publish","4":"format-standard","5":"has-post-thumbnail","7":"category-aktualitates","8":"tag-aktualitates","9":"tag-basketbols","10":"tag-breaking-news","11":"tag-breakingnews","12":"tag-eurobasket","13":"tag-featured-news","14":"tag-featurednews","15":"tag-headlines","16":"tag-kaspars-cipruss","17":"tag-latest-news","18":"tag-latestnews","19":"tag-latvia","20":"tag-latvian","21":"tag-latviesu","22":"tag-latviesu-valoda","23":"tag-latviesuvaloda","24":"tag-latvija","25":"tag-lv","26":"tag-news","27":"tag-popularakas-zinas","28":"tag-popularakaszinas","29":"tag-top-stories","30":"tag-topstories","31":"tag-zinas"},"share_on_mastodon":{"url":"https:\/\/pubeurope.com\/@lv\/115764375446531301","error":""},"_links":{"self":[{"href":"https:\/\/www.europesays.com\/lv\/wp-json\/wp\/v2\/posts\/83326","targetHints":{"allow":["GET"]}}],"collection":[{"href":"https:\/\/www.europesays.com\/lv\/wp-json\/wp\/v2\/posts"}],"about":[{"href":"https:\/\/www.europesays.com\/lv\/wp-json\/wp\/v2\/types\/post"}],"author":[{"embeddable":true,"href":"https:\/\/www.europesays.com\/lv\/wp-json\/wp\/v2\/users\/2"}],"replies":[{"embeddable":true,"href":"https:\/\/www.europesays.com\/lv\/wp-json\/wp\/v2\/comments?post=83326"}],"version-history":[{"count":0,"href":"https:\/\/www.europesays.com\/lv\/wp-json\/wp\/v2\/posts\/83326\/revisions"}],"wp:featuredmedia":[{"embeddable":true,"href":"https:\/\/www.europesays.com\/lv\/wp-json\/wp\/v2\/media\/83327"}],"wp:attachment":[{"href":"https:\/\/www.europesays.com\/lv\/wp-json\/wp\/v2\/media?parent=83326"}],"wp:term":[{"taxonomy":"category","embeddable":true,"href":"https:\/\/www.europesays.com\/lv\/wp-json\/wp\/v2\/categories?post=83326"},{"taxonomy":"post_tag","embeddable":true,"href":"https:\/\/www.europesays.com\/lv\/wp-json\/wp\/v2\/tags?post=83326"}],"curies":[{"name":"wp","href":"https:\/\/api.w.org\/{rel}","templated":true}]}}