{"id":83340,"date":"2025-12-22T17:32:15","date_gmt":"2025-12-22T17:32:15","guid":{"rendered":"https:\/\/www.europesays.com\/lv\/83340\/"},"modified":"2025-12-22T17:32:15","modified_gmt":"2025-12-22T17:32:15","slug":"ridzinieki-pozitivi-verte-sociala-dienesta-darbu-2","status":"publish","type":"post","link":"https:\/\/www.europesays.com\/lv\/83340\/","title":{"rendered":"R\u012bdzinieki pozit\u012bvi v\u0113rt\u0113 Soci\u0101l\u0101 dienesta darbu"},"content":{"rendered":"<p>Iedz\u012bvot\u0101ju aptauja apliecina, ka r\u012bdzinieki R\u012bgas Soci\u0101l\u0101 dienesta darbu kopum\u0101 v\u0113rt\u0113 pozit\u012bvi un liel\u0101k\u0101 da\u013ca zina, kur v\u0113rsties p\u0113c soci\u0101l\u0101s pal\u012bdz\u012bbas. Vair\u0101k nek\u0101 puse aptauj\u0101to nor\u0101d\u012bjusi, ka vi\u0146iem ir skaidrs, kur sa\u0146emt nepiecie\u0161amo atbalstu, savuk\u0101rt 36% iedz\u012bvot\u0101ju savas zin\u0101\u0161anas v\u0113rt\u0113ju\u0161i kritiski.<\/p>\n<p>\u201c\u0160ogad ir uzs\u0101kta un n\u0101kamgad turpin\u0101sies R\u012bgas Soci\u0101l\u0101 dienesta moderniz\u0101cija, un m\u016bsu m\u0113r\u0137is ir pavisam vienk\u0101r\u0161s &#8211; lai cilv\u0113ki pal\u012bdz\u012bbu sa\u0146em \u0101tr\u0101k, \u0113rt\u0101k un saprotam\u0101k. Aptaujas rezult\u0101ti skaidri par\u0101da, ka p\u0101rmai\u0146as ir biju\u0161as pareizs solis pareizaj\u0101 virzien\u0101,\u201d saka R\u012bgas domes Soci\u0101lo jaut\u0101jumu komitejas priek\u0161s\u0113d\u0113t\u0101ja Inese Andersone.<\/p>\n<p>Visinform\u0113t\u0101k\u0101s par iesp\u0113j\u0101m sa\u0146emt soci\u0101lo pal\u012bdz\u012bbu ir sievietes, cilv\u0113ki vecum\u0101 virs 55 gadiem, iedz\u012bvot\u0101ji ar augst\u0101ko izgl\u012bt\u012bbu, publiskaj\u0101 sektor\u0101 nodarbin\u0101tie un iedz\u012bvot\u0101ji ar zem\u0101kiem ien\u0101kumiem. Lab\u0101ka inform\u0113t\u012bba ir Centra rajona un Zemgales priek\u0161pils\u0113tas iedz\u012bvot\u0101jiem.<\/p>\n<p>Savuk\u0101rt bie\u017e\u0101k neskaidr\u012bbu par soci\u0101l\u0101s pal\u012bdz\u012bbas sa\u0146em\u0161anu atz\u012bm\u0113ju\u0161i v\u012brie\u0161i, jaunie\u0161i vecum\u0101 no 18 l\u012bdz 34 gadiem, priv\u0101taj\u0101 sektor\u0101 nodarbin\u0101tie, k\u0101 ar\u012b iedz\u012bvot\u0101ji ar vid\u0113ji augstiem un augstiem ien\u0101kumiem, \u012bpa\u0161i Kurzemes un Zieme\u013cu rajon\u0101, un Latgales priek\u0161pils\u0113t\u0101.<\/p>\n<p>Aptauj\u0101 iedz\u012bvot\u0101ji nor\u0101d\u012bju\u0161i ar\u012b to, k\u0101di soci\u0101l\u0101 atbalsta virzieni b\u016btu j\u0101stiprina. Visbie\u017e\u0101k min\u0113ts liel\u0101ks atbalsts senioriem, to atbalsta 77 % r\u012bdzinieku. Otrs noz\u012bm\u012bg\u0101kais virziens ir atbalsts cilv\u0113kiem ar invalidit\u0101ti, ko atbalsta 66 % aptauj\u0101to. Gandr\u012bz puse respondentu (46 %) uzskata, ka nepiecie\u0161ams papla\u0161in\u0101t atbalstu jaunaj\u0101m \u0123imen\u0113m, bet 42 % nor\u0101da uz liel\u0101ka atbalsta nepiecie\u0161am\u012bbu vientu\u013cajiem vec\u0101kiem. Ret\u0101k min\u0113ti atbalsta pas\u0101kumi jaunie\u0161iem (20 %) un vesel\u012bbu veicino\u0161a vingro\u0161ana (10 %).<\/p>\n<p>Liel\u0101ku atbalstu senioriem un cilv\u0113kiem ar invalidit\u0101ti bie\u017e\u0101k nek\u0101 citi izv\u0113l\u0113ju\u0161ies iedz\u012bvot\u0101ji vecum\u0101 virs 55 gadiem, personas bez Latvijas pilson\u012bbas, nestr\u0101d\u0101jo\u0161ie, cilv\u0113ki ar zemiem ien\u0101kumiem, k\u0101 ar\u012b tie, kuri pa\u0161i vai kuru \u0123imenes locek\u013ci p\u0113d\u0113j\u0101 gada laik\u0101 ir izmantoju\u0161i soci\u0101los pakalpojumus.<\/p>\n<p>Aptaujas dal\u012bbnieku profils atspogu\u013co pla\u0161u r\u012bdzinieku soci\u0101ldemogr\u0101fisko spektru.<\/p>\n<p>V\u012brie\u0161i &#8211; 46 %<\/p>\n<p>Sievietes &#8211; 54 %<\/p>\n<p>18\u201324 gadi &#8211; 10 %<\/p>\n<p>25\u201334 gadi &#8211; 16 %<\/p>\n<p>35\u201344 gadi &#8211; 22 %<\/p>\n<p>45\u201354 gadi &#8211; 18 %<\/p>\n<p>55\u201364 gadi &#8211; 17 %<\/p>\n<p>65\u201375 gadi &#8211; 16 %<\/p>\n<p>Latvie\u0161i &#8211; 43 %<\/p>\n<p>Citi &#8211; 57 %<\/p>\n<p>Pamatizgl\u012bt\u012bba &#8211; 3 %<\/p>\n<p>Vid\u0113j\u0101 vai profesion\u0101l\u0101 izgl\u012bt\u012bba &#8211; 61 %<\/p>\n<p>Augst\u0101k\u0101 izgl\u012bt\u012bba &#8211; 35 %<\/p>\n<ul>&#13;<\/p>\n<li>Nodarbin\u0101t\u012bbas statuss:<\/li>\n<p>&#13;\n<\/ul>\n<p>Str\u0101d\u0101jo\u0161ie &#8211; 74 %<\/p>\n<p>Nestr\u0101d\u0101jo\u0161ie &#8211; 26 %.<\/p>\n<p>Aptauj\u0101 piedal\u012bj\u0101s ar\u012b da\u017e\u0101du pilson\u012bbas statusu iedz\u012bvot\u0101ji: 79,7 % jeb 638 respondenti bija Latvijas pilso\u0146i, savuk\u0101rt 20,3 % jeb 163 aptaujas dal\u012bbnieki bija personas bez Latvijas pilson\u012bbas. \u0160is sadal\u012bjums \u013cauj prec\u012bz\u0101k nov\u0113rt\u0113t at\u0161\u0137ir\u012bbas soci\u0101l\u0101 atbalsta vajadz\u012bb\u0101s un inform\u0113t\u012bb\u0101 starp da\u017e\u0101d\u0101m iedz\u012bvot\u0101ju grup\u0101m.<\/p>\n<p>Aptaujas rezult\u0101ti apliecina, ka r\u012bdzinieki ne tikai p\u0101rsvar\u0101 zina, kur mekl\u0113t soci\u0101lo pal\u012bdz\u012bbu, bet ar\u012b skaidri iez\u012bm\u0113 jomas, kur\u0101s sagaida liel\u0101ku pa\u0161vald\u012bbas iesaisti un atbalstu, \u012bpa\u0161i senioru un cilv\u0113ku ar invalidit\u0101ti vajadz\u012bb\u0101m.<\/p>\n<p>Aptauju veica P\u0113t\u012bjumu centrs SKDS no \u0161\u0101 gada 7. l\u012bdz 23. novembrim.<\/p>\n<p>          <img decoding=\"async\" src=\"https:\/\/www.europesays.com\/lv\/wp-content\/uploads\/2025\/12\/1765959310_789_logo-lv.png\" alt=\"\"\/><\/p>\n<p>                  \u0160\u012b inform\u0101cija ir publisks pazi\u0146ojums un neatspogu\u013co LV port\u0101la viedokli. Par t\u0101s saturu atbild ies\u016bt\u012bt\u0101js. <a data-popup=\"rules\">Public\u0113\u0161anas noteikumi<\/a><\/p>\n","protected":false},"excerpt":{"rendered":"Iedz\u012bvot\u0101ju aptauja apliecina, ka r\u012bdzinieki R\u012bgas Soci\u0101l\u0101 dienesta darbu kopum\u0101 v\u0113rt\u0113 pozit\u012bvi un liel\u0101k\u0101 da\u013ca zina, kur v\u0113rsties&hellip;\n","protected":false},"author":2,"featured_media":79472,"comment_status":"","ping_status":"","sticky":false,"template":"","format":"standard","meta":{"footnotes":""},"categories":[12],"tags":[23,28,29,32,33,22,30,31,35,39,38,36,37,34,40,20,26,27,24,25,21],"class_list":{"0":"post-83340","1":"post","2":"type-post","3":"status-publish","4":"format-standard","5":"has-post-thumbnail","7":"category-latvija","8":"tag-aktualitates","9":"tag-breaking-news","10":"tag-breakingnews","11":"tag-featured-news","12":"tag-featurednews","13":"tag-headlines","14":"tag-latest-news","15":"tag-latestnews","16":"tag-latvia","17":"tag-latvian","18":"tag-latviesu","19":"tag-latviesu-valoda","20":"tag-latviesuvaloda","21":"tag-latvija","22":"tag-lv","23":"tag-news","24":"tag-popularakas-zinas","25":"tag-popularakaszinas","26":"tag-top-stories","27":"tag-topstories","28":"tag-zinas"},"share_on_mastodon":{"url":"https:\/\/pubeurope.com\/@lv\/115764418629974246","error":""},"_links":{"self":[{"href":"https:\/\/www.europesays.com\/lv\/wp-json\/wp\/v2\/posts\/83340","targetHints":{"allow":["GET"]}}],"collection":[{"href":"https:\/\/www.europesays.com\/lv\/wp-json\/wp\/v2\/posts"}],"about":[{"href":"https:\/\/www.europesays.com\/lv\/wp-json\/wp\/v2\/types\/post"}],"author":[{"embeddable":true,"href":"https:\/\/www.europesays.com\/lv\/wp-json\/wp\/v2\/users\/2"}],"replies":[{"embeddable":true,"href":"https:\/\/www.europesays.com\/lv\/wp-json\/wp\/v2\/comments?post=83340"}],"version-history":[{"count":0,"href":"https:\/\/www.europesays.com\/lv\/wp-json\/wp\/v2\/posts\/83340\/revisions"}],"wp:featuredmedia":[{"embeddable":true,"href":"https:\/\/www.europesays.com\/lv\/wp-json\/wp\/v2\/media\/79472"}],"wp:attachment":[{"href":"https:\/\/www.europesays.com\/lv\/wp-json\/wp\/v2\/media?parent=83340"}],"wp:term":[{"taxonomy":"category","embeddable":true,"href":"https:\/\/www.europesays.com\/lv\/wp-json\/wp\/v2\/categories?post=83340"},{"taxonomy":"post_tag","embeddable":true,"href":"https:\/\/www.europesays.com\/lv\/wp-json\/wp\/v2\/tags?post=83340"}],"curies":[{"name":"wp","href":"https:\/\/api.w.org\/{rel}","templated":true}]}}