{"id":83343,"date":"2025-12-22T17:37:08","date_gmt":"2025-12-22T17:37:08","guid":{"rendered":"https:\/\/www.europesays.com\/lv\/83343\/"},"modified":"2025-12-22T17:37:08","modified_gmt":"2025-12-22T17:37:08","slug":"eurobasket-2025-ekonomiska-ietekme-uz-tamperi-parsniegusi-50-miljonus-basketbols-sportacentrs-com","status":"publish","type":"post","link":"https:\/\/www.europesays.com\/lv\/83343\/","title":{"rendered":"&#8220;EuroBasket 2025&#8221; ekonomisk\u0101 ietekme uz Tamperi p\u0101rsniegusi 50 miljonus \u2013 Basketbols \u2013 Sportacentrs.com"},"content":{"rendered":"<p>Somijas pils\u0113ta Tampere bija viena no \u010detr\u0101m &#8220;EuroBasket 2025&#8221; r\u012bkot\u0101jvalst\u012bm. Somu p\u0101rvald\u012bb\u0101 tika nodota B grupa, kur\u0101 bez m\u0101jinieces sacent\u0101s ar\u012b V\u0101cija, Lietuva, Zviedrija, Melnkalne un Lielbrit\u0101nija.<\/p>\n<p>Tiek zi\u0146ots, ka grupu f\u0101ze, kur\u0101 tika aizvad\u012bti kopum\u0101 15 ma\u010di. Grupu turn\u012bra kop\u0113j\u0101 ekonomisk\u0101 ietekme sasniegusi 55,4 miljonu atz\u012bmi. Savuk\u0101rt Somijas Basketbola feder\u0101cijas pe\u013c\u0146a sast\u0101d\u012bjusi 1,5 miljonus eiro.<\/p>\n<p>Min\u0113tos 15 ma\u010dus Tamper\u0113 kl\u0101tien\u0113 v\u0113roja kopum\u0101 115 t\u016bksto\u0161i skat\u012bt\u0101ju, savuk\u0101rt fanu zona piesaist\u012bjusi v\u0113l papildus 35,9 t\u016bksto\u0161us fanu.<\/p>\n<p>Apr\u0113\u0137in\u0101ti ar\u012b Somijas telev\u012bzijas p\u0101rrai\u017eu dati. Reitingu zi\u0146\u0101 B apak\u0161grupas rekordsp\u0113le bijusi Somijas un Lietuvas tik\u0161an\u0101s, kas pie TV ekr\u0101niem kopum\u0101 piesaist\u012bjusi 1,2 miljonus skat\u012bt\u0101ju. Savuk\u0101rt pati skat\u012bt\u0101k\u0101 Somijas izlases sp\u0113le vis\u0101 turn\u012br\u0101 bija bronzas ma\u010ds pret Grie\u0137iju, kam Somij\u0101 kop\u0101 piesl\u0113dz\u0101s 1,7 miljoni skat\u012bt\u0101ju.<\/p>\n<p>Somijas izlase Eiropas \u010dempion\u0101t\u0101 aizc\u012bn\u012bj\u0101s l\u012bdz bronzas meda\u013cas ma\u010dam, kur\u0101 atzina Grie\u0137ijas valstsvien\u012bbas p\u0101r\u0101kumu.<\/p>\n<p>Raid\u012bjums par &#8220;Eurobasket 2025&#8221; atdevi Latvijas ekonomikai:<\/p>\n<p>Izmantotie resursi:<br \/><a target=\"_blank\" href=\"https:\/\/basket.fi\/basket\/uutiset\/koriksen-em-kotikisat-toivat-tampereelle-55-miljoonaa-euroa\/\" rel=\"nofollow noopener\">https:\/\/basket.fi\/basket\/uutiset\/ko&#8230;<\/a><\/p>\n","protected":false},"excerpt":{"rendered":"Somijas pils\u0113ta Tampere bija viena no \u010detr\u0101m &#8220;EuroBasket 2025&#8221; r\u012bkot\u0101jvalst\u012bm. Somu p\u0101rvald\u012bb\u0101 tika nodota B grupa, kur\u0101 bez&hellip;\n","protected":false},"author":2,"featured_media":83344,"comment_status":"","ping_status":"","sticky":false,"template":"","format":"standard","meta":{"footnotes":""},"categories":[14],"tags":[23,57,145,28,29,32,33,22,30,31,35,39,38,36,37,34,40,20,26,27,24,25,54,55,56,21,58],"class_list":{"0":"post-83343","1":"post","2":"type-post","3":"status-publish","4":"format-standard","5":"has-post-thumbnail","7":"category-zinas-no-arvalstim","8":"tag-aktualitates","9":"tag-arvalstim","10":"tag-basketbols","11":"tag-breaking-news","12":"tag-breakingnews","13":"tag-featured-news","14":"tag-featurednews","15":"tag-headlines","16":"tag-latest-news","17":"tag-latestnews","18":"tag-latvia","19":"tag-latvian","20":"tag-latviesu","21":"tag-latviesu-valoda","22":"tag-latviesuvaloda","23":"tag-latvija","24":"tag-lv","25":"tag-news","26":"tag-popularakas-zinas","27":"tag-popularakaszinas","28":"tag-top-stories","29":"tag-topstories","30":"tag-world","31":"tag-world-news","32":"tag-worldnews","33":"tag-zinas","34":"tag-zinas-no-arvalstim"},"share_on_mastodon":{"url":"https:\/\/pubeurope.com\/@lv\/115764438267906579","error":""},"_links":{"self":[{"href":"https:\/\/www.europesays.com\/lv\/wp-json\/wp\/v2\/posts\/83343","targetHints":{"allow":["GET"]}}],"collection":[{"href":"https:\/\/www.europesays.com\/lv\/wp-json\/wp\/v2\/posts"}],"about":[{"href":"https:\/\/www.europesays.com\/lv\/wp-json\/wp\/v2\/types\/post"}],"author":[{"embeddable":true,"href":"https:\/\/www.europesays.com\/lv\/wp-json\/wp\/v2\/users\/2"}],"replies":[{"embeddable":true,"href":"https:\/\/www.europesays.com\/lv\/wp-json\/wp\/v2\/comments?post=83343"}],"version-history":[{"count":0,"href":"https:\/\/www.europesays.com\/lv\/wp-json\/wp\/v2\/posts\/83343\/revisions"}],"wp:featuredmedia":[{"embeddable":true,"href":"https:\/\/www.europesays.com\/lv\/wp-json\/wp\/v2\/media\/83344"}],"wp:attachment":[{"href":"https:\/\/www.europesays.com\/lv\/wp-json\/wp\/v2\/media?parent=83343"}],"wp:term":[{"taxonomy":"category","embeddable":true,"href":"https:\/\/www.europesays.com\/lv\/wp-json\/wp\/v2\/categories?post=83343"},{"taxonomy":"post_tag","embeddable":true,"href":"https:\/\/www.europesays.com\/lv\/wp-json\/wp\/v2\/tags?post=83343"}],"curies":[{"name":"wp","href":"https:\/\/api.w.org\/{rel}","templated":true}]}}