{"id":83347,"date":"2025-12-22T17:41:08","date_gmt":"2025-12-22T17:41:08","guid":{"rendered":"https:\/\/www.europesays.com\/lv\/83347\/"},"modified":"2025-12-22T17:41:08","modified_gmt":"2025-12-22T17:41:08","slug":"atklata-balsosana-par-2025-gada-izcilniekiem-latvijas-volejbola-volejbols-sportacentrs-com","status":"publish","type":"post","link":"https:\/\/www.europesays.com\/lv\/83347\/","title":{"rendered":"Atkl\u0101ta balso\u0161ana par 2025. gada izcilniekiem Latvijas volejbol\u0101 \u2013 Volejbols \u2013 Sportacentrs.com"},"content":{"rendered":"<p>Sabiedr\u012bbas balsojums nomin\u0101cij\u0101s &#8220;Gada volejbolists&#8221;, &#8220;Gada volejboliste&#8221;, &#8220;Gada komanda&#8221;, &#8220;Gada pludmales&#8221; volejbola komanda un Gada uzleco\u0161\u0101 zvaigzne norisin\u0101s no 2025. gada 22. decembra l\u012bdz 2026. gada 5. janv\u0101rim (ieskaitot) vietn\u0113 balso.volejbols.lv. Sabiedr\u012bbas balsojuma rezult\u0101ti veidos 30% no kop\u0113j\u0101 v\u0113rt\u0113juma.<\/p>\n<p>\u201cGada balvai volejbol\u0101 2025\u201d nominanti<\/p>\n<tr>Gada volejbolistsGada volejbolisteGada komandaGada pludm. volejb. komandaGada uzleco\u0161\u0101 zvaigzne<\/tr>\n<tr class=\"even\">\n<td>Nominanti<\/td>\n<td>Gustavs Freimanis<\/td>\n<td>Marta Kam\u0113lija Levinska<\/td>\n<td>Ezerzeme\/DU<\/td>\n<td>T\u012bna Graudi\u0146a\/Anastasija Samoilova<\/td>\n<td>Ren\u0101te Kate Kr\u016bkl\u012bte<\/td>\n<\/tr>\n<tr class=\"odd\">\n<td\/>\n<td>Ren\u0101rs Pauls Jansons<\/td>\n<td>Elvita Dolotova<\/td>\n<td>RSU Sievie\u0161u komanda<\/td>\n<td>M\u0101rti\u0146\u0161 P\u013cavi\u0146\u0161\/Kristians Fokerots<\/td>\n<td>Tomass Silavs<\/td>\n<\/tr>\n<tr class=\"even\">\n<td\/>\n<td>Kaspars Kronbergs<\/td>\n<td>Karmena Struka<\/td>\n<td>Robe\u017esardze\/RSU<\/td>\n<td>Kristians Fokertos\/Gustavs Auzi\u0146\u0161<\/td>\n<td>Katr\u012bna Struka<\/td>\n<\/tr>\n<tr class=\"odd\">\n<td\/>\n<td\/>\n<td\/>\n<td\/>\n<td\/>\n<td>Gustavs Auzi\u0146\u0161<\/td>\n<\/tr>\n<p>Kopum\u0101 tiks pasniegtas balvas 12 nomin\u0101cij\u0101s, aptverot sportistus, trenerus, tiesne\u0161us, klubus, sporta skolas un m\u016b\u017ea ieguld\u012bjumu volejbola att\u012bst\u012bb\u0101. Uzvar\u0113t\u0101ji tiks noteikti, apvienojot sabiedr\u012bbas balsojumu, mediju \u017e\u016brijas v\u0113rt\u0113jumu un LVF Balso\u0161anas komisijas l\u0113mumu.<\/p>\n<p>\u201cGada balvas volejbol\u0101 2025\u201d apbalvo\u0161anas ceremonija notiks 2026. gada 24. janv\u0101r\u012b, pulc\u0113jot Latvijas volejbola spo\u017e\u0101kos p\u0101rst\u0101vjus.<\/p>\n<p>Inform\u0101ciju sagatavoja:<br \/>Latvijas Volejbola feder\u0101cija<\/p>\n","protected":false},"excerpt":{"rendered":"Sabiedr\u012bbas balsojums nomin\u0101cij\u0101s &#8220;Gada volejbolists&#8221;, &#8220;Gada volejboliste&#8221;, &#8220;Gada komanda&#8221;, &#8220;Gada pludmales&#8221; volejbola komanda un Gada uzleco\u0161\u0101 zvaigzne norisin\u0101s&hellip;\n","protected":false},"author":2,"featured_media":83348,"comment_status":"","ping_status":"","sticky":false,"template":"","format":"standard","meta":{"footnotes":""},"categories":[17],"tags":[35,39,38,36,37,34,40,67,1208],"class_list":{"0":"post-83347","1":"post","2":"type-post","3":"status-publish","4":"format-standard","5":"has-post-thumbnail","7":"category-sports","8":"tag-latvia","9":"tag-latvian","10":"tag-latviesu","11":"tag-latviesu-valoda","12":"tag-latviesuvaloda","13":"tag-latvija","14":"tag-lv","15":"tag-sports","16":"tag-volejbols"},"share_on_mastodon":{"url":"https:\/\/pubeurope.com\/@lv\/115764454023957036","error":""},"_links":{"self":[{"href":"https:\/\/www.europesays.com\/lv\/wp-json\/wp\/v2\/posts\/83347","targetHints":{"allow":["GET"]}}],"collection":[{"href":"https:\/\/www.europesays.com\/lv\/wp-json\/wp\/v2\/posts"}],"about":[{"href":"https:\/\/www.europesays.com\/lv\/wp-json\/wp\/v2\/types\/post"}],"author":[{"embeddable":true,"href":"https:\/\/www.europesays.com\/lv\/wp-json\/wp\/v2\/users\/2"}],"replies":[{"embeddable":true,"href":"https:\/\/www.europesays.com\/lv\/wp-json\/wp\/v2\/comments?post=83347"}],"version-history":[{"count":0,"href":"https:\/\/www.europesays.com\/lv\/wp-json\/wp\/v2\/posts\/83347\/revisions"}],"wp:featuredmedia":[{"embeddable":true,"href":"https:\/\/www.europesays.com\/lv\/wp-json\/wp\/v2\/media\/83348"}],"wp:attachment":[{"href":"https:\/\/www.europesays.com\/lv\/wp-json\/wp\/v2\/media?parent=83347"}],"wp:term":[{"taxonomy":"category","embeddable":true,"href":"https:\/\/www.europesays.com\/lv\/wp-json\/wp\/v2\/categories?post=83347"},{"taxonomy":"post_tag","embeddable":true,"href":"https:\/\/www.europesays.com\/lv\/wp-json\/wp\/v2\/tags?post=83347"}],"curies":[{"name":"wp","href":"https:\/\/api.w.org\/{rel}","templated":true}]}}