{"id":83350,"date":"2025-12-22T17:43:40","date_gmt":"2025-12-22T17:43:40","guid":{"rendered":"https:\/\/www.europesays.com\/lv\/83350\/"},"modified":"2025-12-22T17:43:40","modified_gmt":"2025-12-22T17:43:40","slug":"konfeksu-vieta-burkani-latviesi-pasaule-ieskandina-ziemassvetkus-raksts","status":"publish","type":"post","link":"https:\/\/www.europesays.com\/lv\/83350\/","title":{"rendered":"Konfek\u0161u viet\u0101 \u2013 burk\u0101ni. Latvie\u0161i pasaul\u0113 ieskandina Ziemassv\u0113tkus \/ Raksts"},"content":{"rendered":"<p>Burk\u0101nu paci\u0146as b\u0113rniem, pipark\u016bku m\u0101ji\u0146as, izr\u0101de ar hiphopa ritmiem, muzik\u0101li pirmatska\u0146ojumi, m\u012bklu min\u0113\u0161ana un dzejo\u013ci \u2013 \u0161ie ir tikai da\u017ei piem\u0113ri, k\u0101 latvie\u0161i pasaul\u0113 gan turpina ierast\u0101s Ziemassv\u0113tku trad\u012bcijas, gan ar\u012b piem\u0113ro t\u0101s savai videi un laikam, saglab\u0101jot latvisko kodolu. Kop\u0101 b\u016b\u0161ana, sv\u0113tku malt\u012btes, dziesmas un b\u0113rnu uzst\u0101\u0161an\u0101s \u013cauj sajust pieder\u012bbu Latvijai un satuvina da\u017e\u0101das paaudzes.\u00a0<\/p>\n<p>Latvie\u0161u kopienas Kan\u0101d\u0101, Norv\u0113\u0123ij\u0101, ASV, Gruzij\u0101, Ung\u0101rij\u0101 un Lielbrit\u0101nij\u0101 ieskandin\u0101ju\u0161as Ziemassv\u0113tkus, apliecinot trad\u012bciju dz\u012bvotsp\u0113ju sve\u0161um\u0101 un v\u0113lmi saglab\u0101t latvisko identit\u0101ti.\u00a0\u00a0<\/p>\n<p>Toronto, Kan\u0101da\u00a0<\/p>\n<p>Ziemassv\u0113tku vec\u012btis \u0161ogad Toronto Latvie\u0161u pension\u0101ru apvien\u012bbas svin\u012bb\u0101s ierad\u0101s bez d\u0101vanu maisa, bet ar ironisku koment\u0101ru par lo\u0123istikas sare\u017e\u0123\u012bjumiem: &#8220;Tarifi. Aviokomp\u0101niju streiki. Atvainojiet.&#8221; Lai ar\u012b d\u0101vanas bija paliku\u0161as ce\u013c\u0101, tas sv\u0113tku gaisotni nemazin\u0101ja.\u00a0<\/p>\n<p>Pas\u0101kuma galven\u0101 aktivit\u0101te \u0161oreiz bija ierast\u0101 sv\u0113tku loterija. K\u0101 uzsver M\u0101ra Gul\u0113na, da\u017ei izr\u0101d\u012bja skepsi, pieminot pat &#8220;aler\u0123iju&#8221; pret loterij\u0101m jeb nepatiku pret nejau\u0161u lietu sa\u0146em\u0161anu. Tom\u0113r balvas, k\u0101 alla\u017e, bija vilino\u0161as \u2013 m\u0101kslas gr\u0101matas, v\u012bns un jau apvien\u012bb\u0101 tradicion\u0101l\u0101 pipark\u016bku m\u0101ji\u0146a.\u00a0<\/p>\n<p>Svin\u012bbas notika r\u016bp\u012bgi izrot\u0101t\u0101 z\u0101l\u0113, kur sv\u0113tku noska\u0146u papildin\u0101ja latviskas Ziemassv\u0113tku trad\u012bcijas un m\u016bzika. Dal\u012bbnieki var\u0113ja baud\u012bt ar\u012b latvie\u0161u virtuvi.\u00a0<\/p>\n<p>Toronto Latvie\u0161u pension\u0101ru apvien\u012bbai v\u0113l nav izdevies sasniegt \u0161\u012b br\u012b\u017ea galveno m\u0113r\u0137i \u2013 ieg\u0101d\u0101ties jaunu projektoru, kas \u013cautu uzlabot pas\u0101kumu tehnisko nodro\u0161in\u0101jumu. Ta\u010du \u0161ie sv\u0113tki bija k\u0101rt\u0113jais solis pret\u012b tam. Kopienas iesaiste un aktivit\u0101te par\u0101d\u012bja gatav\u012bbu turpin\u0101t darbu latviet\u012bbas stiprin\u0101\u0161an\u0101.\u00a0<\/p>\n<p><img decoding=\"async\" src=\"https:\/\/www.europesays.com\/lv\/wp-content\/uploads\/2025\/12\/sbrs.jpg\" alt=\"Toronto latvie\u0161u organiz\u0113tais Ziemassv\u0113tku pas\u0101kums\"\/>Toronto latvie\u0161u organiz\u0113tais Ziemassv\u0113tku pas\u0101kums<\/p>\n<p>Foto: Dzintra Jansone<\/p>\n<p><img decoding=\"async\" src=\"https:\/\/www.europesays.com\/lv\/wp-content\/uploads\/2025\/12\/sbrt.jpg\" alt=\"Toronto latvie\u0161u organiz\u0113tais Ziemassv\u0113tku pas\u0101kums\"\/>Toronto latvie\u0161u organiz\u0113tais Ziemassv\u0113tku pas\u0101kums<\/p>\n<p>Foto: Dzintra Jansone<\/p>\n<p><img decoding=\"async\" src=\"https:\/\/www.europesays.com\/lv\/wp-content\/uploads\/2025\/12\/sbru.jpg\" alt=\"Toronto latvie\u0161u organiz\u0113tais Ziemassv\u0113tku pas\u0101kums\"\/>Toronto latvie\u0161u organiz\u0113tais Ziemassv\u0113tku pas\u0101kums<\/p>\n<p>Foto: Dzintra Jansone<\/p>\n<p><img decoding=\"async\" src=\"https:\/\/www.europesays.com\/lv\/wp-content\/uploads\/2025\/12\/sbrv.jpg\" alt=\"Toronto latvie\u0161u organiz\u0113tais Ziemassv\u0113tku pas\u0101kums\"\/>Toronto latvie\u0161u organiz\u0113tais Ziemassv\u0113tku pas\u0101kums<\/p>\n<p>Foto: Dzintra Jansone<\/p>\n<p><img decoding=\"async\" src=\"https:\/\/www.europesays.com\/lv\/wp-content\/uploads\/2025\/12\/sbrw.jpg\" alt=\"Toronto latvie\u0161u organiz\u0113tais Ziemassv\u0113tku pas\u0101kums\"\/>Toronto latvie\u0161u organiz\u0113tais Ziemassv\u0113tku pas\u0101kums<\/p>\n<p>Foto: Dzintra Jansone<\/p>\n<p><img decoding=\"async\" src=\"https:\/\/www.europesays.com\/lv\/wp-content\/uploads\/2025\/12\/sbrx.jpg\" alt=\"Toronto latvie\u0161u organiz\u0113tais Ziemassv\u0113tku pas\u0101kums\"\/>Toronto latvie\u0161u organiz\u0113tais Ziemassv\u0113tku pas\u0101kums<\/p>\n<p>Foto: Dzintra Jansone<\/p>\n<p><img decoding=\"async\" src=\"https:\/\/www.europesays.com\/lv\/wp-content\/uploads\/2025\/12\/sbry.jpg\" alt=\"Toronto latvie\u0161u organiz\u0113tais Ziemassv\u0113tku pas\u0101kums\"\/>Toronto latvie\u0161u organiz\u0113tais Ziemassv\u0113tku pas\u0101kums<\/p>\n<p>Foto: Dzintra Jansone<\/p>\n<p><img decoding=\"async\" src=\"https:\/\/www.europesays.com\/lv\/wp-content\/uploads\/2025\/12\/sbrz.jpg\" alt=\"Toronto latvie\u0161u organiz\u0113tais Ziemassv\u0113tku pas\u0101kums\"\/>Toronto latvie\u0161u organiz\u0113tais Ziemassv\u0113tku pas\u0101kums<\/p>\n<p>Foto: Dzintra Jansone<\/p>\n<\/p>\n<p>Stavangere, Norv\u0113\u0123ija\u00a0<\/p>\n<p>Stavangeres latvie\u0161u biedr\u012bba pulc\u0113j\u0101s sirsn\u012bg\u0101 Ziemassv\u0113tku pas\u0101kum\u0101, kur\u0101 sv\u0113tku prieku piedz\u012bvoja gan b\u0113rni, gan pieaugu\u0161ie. R\u016bp\u012bgi sagatavot\u0101 programma atkl\u0101ja kopienas rado\u0161umu \u2013 uz skatuves uzst\u0101j\u0101s b\u0113rnu deju kolekt\u012bvs, tautas deju kopa &#8220;Karm\u012bns&#8221;, Stavangeres latvie\u0161u koris &#8220;Sudrabv\u0113j\u0161&#8221; un viet\u0113j\u0101 te\u0101tra studija.<\/p>\n<p>Pas\u0101kuma atmosf\u0113ru veidoja b\u0113rnu smiekli, \u010dalas un kust\u012bba, kas piepild\u012bja z\u0101li ar dz\u012bv\u012bgumu. Uzst\u0101\u0161an\u0101s laik\u0101 skat\u012bt\u0101ji nov\u0113rt\u0113ja gan cent\u012bbu, gan prieku, ko izstaroja jaun\u0101kie un ar\u012b pieredz\u0113ju\u0161\u0101kie dal\u012bbnieki.<\/p>\n<p>Par \u012bpa\u0161u p\u0101rsteigumu par\u016bp\u0113j\u0101s viens no vec\u0101kiem, kur\u0161 visiem b\u0113rniem pasniedza burk\u0101nu paci\u0146as \u2013 k\u0101 vesel\u012bgu un simbolisku pretstatu ierastajiem saldumiem. \u0160is \u017eests atg\u0101din\u0101ja, ka d\u0101rze\u0146i un ar\u012b aug\u013ci var b\u016bt da\u013ca no sv\u0113tku prieka.<\/p>\n<p><img decoding=\"async\" src=\"https:\/\/www.europesays.com\/lv\/wp-content\/uploads\/2025\/12\/sbs0.jpg\" alt=\"Stavangeres latvie\u0161u biedr\u012bbas Ziemassv\u0113tku pas\u0101kums\"\/>Stavangeres latvie\u0161u biedr\u012bbas Ziemassv\u0113tku pas\u0101kums<\/p>\n<p>Foto: Stavangeres latvie\u0161u biedr\u012bba<\/p>\n<p><img decoding=\"async\" src=\"https:\/\/www.europesays.com\/lv\/wp-content\/uploads\/2025\/12\/sbs1.jpg\" alt=\"Stavangeres latvie\u0161u biedr\u012bbas Ziemassv\u0113tku pas\u0101kums\"\/>Stavangeres latvie\u0161u biedr\u012bbas Ziemassv\u0113tku pas\u0101kums<\/p>\n<p>Foto: Stavangeres latvie\u0161u biedr\u012bba<\/p>\n<p><img decoding=\"async\" src=\"https:\/\/www.europesays.com\/lv\/wp-content\/uploads\/2025\/12\/sbs2.jpg\" alt=\"Stavangeres latvie\u0161u biedr\u012bbas Ziemassv\u0113tku pas\u0101kums\"\/>Stavangeres latvie\u0161u biedr\u012bbas Ziemassv\u0113tku pas\u0101kums<\/p>\n<p>Foto: Stavangeres latvie\u0161u biedr\u012bba<\/p>\n<p><img decoding=\"async\" src=\"https:\/\/www.europesays.com\/lv\/wp-content\/uploads\/2025\/12\/sbs3.jpg\" alt=\"Stavangeres latvie\u0161u biedr\u012bbas Ziemassv\u0113tku pas\u0101kums\"\/>Stavangeres latvie\u0161u biedr\u012bbas Ziemassv\u0113tku pas\u0101kums<\/p>\n<p>Foto: Stavangeres latvie\u0161u biedr\u012bba<\/p>\n<\/p>\n<p>\u0145ujorka, ASV\u00a0<\/p>\n<p>\u0145ujorkas latvie\u0161u koris ar\u012b \u0161ogad ieskandin\u0101ja Ziemassv\u0113tku sezonu ar savu tradicion\u0101lo Adventes koncertu, kas izskan\u0113ja \u0145ujorkas evan\u0123\u0113liski luterisk\u0101s draudzes Jonkeru bazn\u012bc\u0101. Sv\u0113tku programma apvienoja m\u016bsdien\u012bgu kompoz\u012bciju izv\u0113li ar personisku noska\u0146u \u2013 skan\u0113ja Artas J\u0113kabsones, Jura Karlsona un Lauras J\u0113kabsones darbi, kas kop\u0101 veidoja bag\u0101t\u012bgu un emocion\u0101li piepild\u012btu st\u0101stu.\u00a0\u00a0<\/p>\n<p>\u012apa\u0161u uzman\u012bbu piesaist\u012bja pirmatska\u0146ojumi \u2013 klaus\u012bt\u0101jiem bija iesp\u0113ja piedz\u012bvot gan P\u0113tera Aldi\u0146a &#8220;Ziemas dziesmas un dejas&#8221;, gan vi\u0146a meitas Annas Aldi\u0146as ska\u0146darbu &#8220;Sidrab\u012bna lieti\u0146\u0161 lija&#8221;. T\u0113va un meitas darbi koncertam pie\u0161\u0137\u012bra \u0123imenisku noska\u0146u, uzsverot m\u016bzikas sp\u0113ju vienot paaudzes.\u00a0<\/p>\n<p>Programmu papildin\u0101ja Artas J\u0113kabsones kant\u0101te &#8220;E\u0146\u0123e\u013ciem&#8221;, Jura Karlsona &#8220;Ziemassv\u0113tku kant\u0101te&#8221; un Lauras J\u0113kabsones &#8220;P\u016btiet, guni&#8221; \u2013 katrs darbs nesot savu skat\u012bjumu uz gaismas un miera noz\u012bmi m\u016bsdienu steidz\u012bgaj\u0101 ritm\u0101.\u00a0<\/p>\n<p>P\u0113c koncerta apmekl\u0113t\u0101ji tika aicin\u0101ti uz sv\u0113tku mielastu un d\u0101vanu tirdzi\u0146u, kur bija iesp\u0113ja ieg\u0101d\u0101ties da\u017e\u0101dus sv\u0113tku labumus un satikties neform\u0101l\u0101 gaisotn\u0113. Pas\u0101kums apliecin\u0101ja kora noz\u012bm\u012bgo lomu \u0145ujork\u0101 dz\u012bvojo\u0161o latvie\u0161u vid\u016b.\u00a0<\/p>\n<p><img decoding=\"async\" src=\"https:\/\/www.europesays.com\/lv\/wp-content\/uploads\/2025\/12\/sbs4.jpg\" alt=\"\u0145ujorkas latvie\u0161u biedr\u012bbas r\u012bkotais Ziemassv\u0113tku pas\u0101kums\"\/>\u0145ujorkas latvie\u0161u biedr\u012bbas r\u012bkotais Ziemassv\u0113tku pas\u0101kums<\/p>\n<p>Foto: M\u0101ra Z\u0101l\u012bte<\/p>\n<p><img decoding=\"async\" src=\"https:\/\/www.europesays.com\/lv\/wp-content\/uploads\/2025\/12\/sbs5.jpg\" alt=\"\u0145ujorkas latvie\u0161u biedr\u012bbas r\u012bkotais Ziemassv\u0113tku pas\u0101kums\"\/>\u0145ujorkas latvie\u0161u biedr\u012bbas r\u012bkotais Ziemassv\u0113tku pas\u0101kums<\/p>\n<p>Foto: M\u0101ra Z\u0101l\u012bte<\/p>\n<p><img decoding=\"async\" src=\"https:\/\/www.europesays.com\/lv\/wp-content\/uploads\/2025\/12\/sbs6.jpg\" alt=\"\u0145ujorkas latvie\u0161u biedr\u012bbas r\u012bkotais Ziemassv\u0113tku pas\u0101kums\"\/>\u0145ujorkas latvie\u0161u biedr\u012bbas r\u012bkotais Ziemassv\u0113tku pas\u0101kums<\/p>\n<p>Foto: M\u0101ra Z\u0101l\u012bte<\/p>\n<p><img decoding=\"async\" src=\"https:\/\/www.europesays.com\/lv\/wp-content\/uploads\/2025\/12\/sbs7.jpg\" alt=\"\u0145ujorkas latvie\u0161u biedr\u012bbas r\u012bkotais Ziemassv\u0113tku pas\u0101kums\"\/>\u0145ujorkas latvie\u0161u biedr\u012bbas r\u012bkotais Ziemassv\u0113tku pas\u0101kums<\/p>\n<p>Foto: M\u0101ra Z\u0101l\u012bte<\/p>\n<p><img decoding=\"async\" src=\"https:\/\/www.europesays.com\/lv\/wp-content\/uploads\/2025\/12\/sbs8.jpg\" alt=\"\u0145ujorkas latvie\u0161u biedr\u012bbas r\u012bkotais Ziemassv\u0113tku pas\u0101kums\"\/>\u0145ujorkas latvie\u0161u biedr\u012bbas r\u012bkotais Ziemassv\u0113tku pas\u0101kums<\/p>\n<p>Foto: M\u0101ra Z\u0101l\u012bte<\/p>\n<p><img decoding=\"async\" src=\"https:\/\/www.europesays.com\/lv\/wp-content\/uploads\/2025\/12\/sbs9.jpg\" alt=\"\u0145ujorkas latvie\u0161u biedr\u012bbas r\u012bkotais Ziemassv\u0113tku pas\u0101kums\"\/>\u0145ujorkas latvie\u0161u biedr\u012bbas r\u012bkotais Ziemassv\u0113tku pas\u0101kums<\/p>\n<p>Foto: M\u0101ra Z\u0101l\u012bte<\/p>\n<\/p>\n<p>Tbilisi, Gruzija<\/p>\n<p>Gruzijas latvie\u0161u biedr\u012bba &#8220;Ave Sol&#8221; sadarb\u012bb\u0101 ar Latvijas v\u0113stniec\u012bbu Gruzij\u0101 ieskandin\u0101ja Ziemassv\u0113tkus ar sirsn\u012bgu kop\u0101 san\u0101k\u0161anu Tbilisi. K\u0101 st\u0101sta Dace D\u017eava\u0161vili, iepriek\u0161\u0113j\u0101 nakt\u012b pils\u0113tu p\u0101rsteidza sals un augst\u0101kajos rajonos uzsniga sniegs, t\u0101p\u0113c Ziemassv\u0113tku vec\u012b\u0161a kost\u012bms palika neizrokams. T\u0101p\u0113c vi\u0146a viet\u0101 ierad\u0101s r\u016b\u0137is, kur\u0161, p\u0113c da\u017eu dal\u012bbnieku nov\u0113rojumiem, atg\u0101din\u0101jis v\u0113stnieces kundzi.\u00a0<\/p>\n<p>Pas\u0101kuma galvenie varo\u0146i bija b\u0113rni \u2013 vi\u0146i skait\u012bja dzejo\u013cus un uzst\u0101j\u0101s ar deju priek\u0161nesumiem. Par katru veikumu r\u016b\u0137is pasniedza d\u0101vanas, radot \u012bstu sv\u0113tku saj\u016btu un prieku mazajiem dal\u012bbniekiem.<\/p>\n<p>Svin\u012bbu nosl\u0113gum\u0101 visi tika aicin\u0101ti pie bag\u0101t\u012bgi kl\u0101ta Ziemassv\u0113tku galda. Neiztr\u016bka nedz pipark\u016bku, nedz tradicion\u0101lo zir\u0146u ar spe\u0137i \u2013 \u0113dienu, kas daudziem saist\u0101s ar dzimteni. Pas\u0101kum\u0101 piedal\u012bj\u0101s ap 30 tautie\u0161u, apliecinot latvie\u0161u kopienas Gruzij\u0101 salied\u0113t\u012bbu.<\/p>\n<p>Budape\u0161ta, Ung\u0101rija\u00a0<\/p>\n<p>Latvijas v\u0113stniec\u012bbu Ung\u0101rij\u0101 piepild\u012bja Ziemassv\u0113tku m\u016bzika, b\u0113rnu \u010dalas un pipark\u016bku smar\u017ea. Pas\u0101kum\u0101, kas bija velt\u012bts latvie\u0161u diasporas \u0123imen\u0113m, vald\u012bja sirsn\u012bga gaisotne. B\u0113rni rot\u0101ja egl\u012bti, skait\u012bja pie t\u0101s panti\u0146us un muzic\u0113ja, bet par saviem priek\u0161nesumiem sa\u0146\u0113ma saldumu paci\u0146as no Latvijas ra\u017eot\u0101jiem.<\/p>\n<p>Pieaugu\u0161ie \u0161o laiku pavad\u012bja draudz\u012bg\u0101s sarun\u0101s un ar aizraut\u012bbu piedal\u012bj\u0101s konkurs\u0101, minot latvie\u0161u m\u012bklas par Ziemassv\u0113tkiem. Tika rad\u012bta ne tikai sv\u0113tku saj\u016bta, bet ar\u012b stiprin\u0101ta kopienas savstarp\u0113j\u0101 saikne un latvisk\u0101s trad\u012bcijas.\u00a0<\/p>\n<p>Latvijas v\u0113stnieks Ung\u0101rij\u0101 Jurijs Pogreb\u0146aks izteica pateic\u012bbu par pla\u0161o apmekl\u0113t\u012bbu un nov\u0113l\u0113ja visiem gai\u0161us un priec\u012bgus sv\u0113tkus. Ziemassv\u0113tku ieskandin\u0101\u0161ana v\u0113stniec\u012bb\u0101 ir k\u013cuvusi par ikgad\u0113ju notikumu, kas vienkopus pulc\u0113 gan tos tautie\u0161us, kuriem Ung\u0101rija ir past\u0101v\u012bga dz\u012bvesvieta, gan tos, kuri \u0161eit uzturas uz konkr\u0113tu laiku.\u00a0<\/p>\n<p>\u012apa\u0161s gandar\u012bjums \u0161oreiz bija par Latvijas v\u0113stniec\u012bbas p\u0101rst\u0101v\u012bbas Slov\u0113nij\u0101 tautie\u0161iem, kuri sv\u0113tkus svin\u0113ja kop\u0101 ar latvie\u0161u kopienu Budape\u0161t\u0101.<\/p>\n<p><img decoding=\"async\" src=\"https:\/\/www.europesays.com\/lv\/wp-content\/uploads\/2025\/12\/sbsf.jpg\" alt=\"Latvijas v\u0113stniec\u012bba Ung\u0101rij\u0101\"\/>Latvijas v\u0113stniec\u012bba Ung\u0101rij\u0101<\/p>\n<p>Foto: Latvijas v\u0113stniec\u012bba Ung\u0101rij\u0101<\/p>\n<p><img decoding=\"async\" src=\"https:\/\/www.europesays.com\/lv\/wp-content\/uploads\/2025\/12\/sbsg.jpg\" alt=\"Latvijas v\u0113stniec\u012bba Ung\u0101rij\u0101\"\/>Latvijas v\u0113stniec\u012bba Ung\u0101rij\u0101<\/p>\n<p>Foto: Latvijas v\u0113stniec\u012bba Ung\u0101rij\u0101<\/p>\n<p><img decoding=\"async\" src=\"https:\/\/www.europesays.com\/lv\/wp-content\/uploads\/2025\/12\/sbsh.jpg\" alt=\"Latvijas v\u0113stniec\u012bba Ung\u0101rij\u0101\"\/>Latvijas v\u0113stniec\u012bba Ung\u0101rij\u0101<\/p>\n<p>Foto: Latvijas v\u0113stniec\u012bba Ung\u0101rij\u0101<\/p>\n<p><img decoding=\"async\" src=\"https:\/\/www.europesays.com\/lv\/wp-content\/uploads\/2025\/12\/sbsi.jpg\" alt=\"Latvijas v\u0113stniec\u012bba Ung\u0101rij\u0101\"\/>Latvijas v\u0113stniec\u012bba Ung\u0101rij\u0101<\/p>\n<p>Foto: Latvijas v\u0113stniec\u012bba Ung\u0101rij\u0101<\/p>\n<p><img decoding=\"async\" src=\"https:\/\/www.europesays.com\/lv\/wp-content\/uploads\/2025\/12\/sbsj.jpg\" alt=\"Latvijas v\u0113stniec\u012bba Ung\u0101rij\u0101\"\/>Latvijas v\u0113stniec\u012bba Ung\u0101rij\u0101<\/p>\n<p>Foto: Latvijas v\u0113stniec\u012bba Ung\u0101rij\u0101<\/p>\n<p><img decoding=\"async\" src=\"https:\/\/www.europesays.com\/lv\/wp-content\/uploads\/2025\/12\/sbsk.jpg\" alt=\"Latvijas v\u0113stniec\u012bba Ung\u0101rij\u0101\"\/>Latvijas v\u0113stniec\u012bba Ung\u0101rij\u0101<\/p>\n<p>Foto: Latvijas v\u0113stniec\u012bba Ung\u0101rij\u0101<\/p>\n<\/p>\n<p>P\u012bterboro, Lielbrit\u0101nija\u00a0<\/p>\n<p>P\u012bterboro latvie\u0161u kopiena vienoj\u0101s vair\u0101kos Ziemassv\u0113tku sar\u012bkojumos, kas apliecin\u0101ja gan rado\u0161umu, gan cie\u0161o saikni starp da\u017e\u0101daj\u0101m pa\u0161darbnieku kop\u0101m. Ziemassv\u0113tku prieks un kop\u012bbas gars k\u013cuva par vadmot\u012bvu vair\u0101k\u0101m aktivit\u0101t\u0113m, kuras kupl\u0101 skait\u0101 pulc\u0113ja gan b\u0113rnus, gan pieaugu\u0161os.\u00a0<\/p>\n<p>Viens no spilgt\u0101kajiem notikumiem bija muzik\u0101l\u0101 izr\u0101de &#8220;Ka\u0137\u012b\u0161a dzirnavi\u0146as&#8221;, ko organiz\u0113ja P\u012bterboro latvie\u0161u skoli\u0146a &#8220;P\u016bc\u012btes akad\u0113mija&#8221;. Uz skatuves k\u0101pa skoli\u0146as audz\u0113k\u0146i kop\u0101 ar viesiem no da\u017e\u0101d\u0101m viet\u0113j\u0101m latvie\u0161u kop\u0101m \u2013 BDK &#8220;Kastan\u012btis&#8221;, DK &#8220;Rakst\u0101&#8221;, SDK &#8220;Virpulis&#8221;, dziedo\u0161\u0101s folkloras kopas &#8220;Spiets&#8221;, vok\u0101l\u0101s studijas &#8220;Harmonija&#8221; un l\u012bnijdeju grupas &#8220;Mir\u0101\u017ea&#8221;. Par muzik\u0101lo pavad\u012bjumu r\u016bp\u0113j\u0101s Art\u016brs Sambars.<\/p>\n<p>Izr\u0101de apvienoja dzejo\u013cus, tautas dejas, te\u0101tra elementus un m\u016bsdienu ritmus \u2013 b\u0113rni t\u0113loja st\u0101sta varo\u0146us, dejojot gan klasiskos so\u013cus, gan hiphopu. Priek\u0161nesumi piesaist\u012bja skat\u012bt\u0101ju uzman\u012bbu un padar\u012bja programmu dinamisku, daudzveid\u012bgu un l\u012bdz \u0161im nebiju\u0161u.\u00a0<\/p>\n<p>Pas\u0101kuma kulmin\u0101cij\u0101 b\u0113rnus iepriecin\u0101ja Ziemassv\u0113tku vec\u012btis. Vi\u0146\u0161 vad\u012bja rota\u013cas un sarun\u0101j\u0101s ar mazajiem dal\u012bbniekiem, kuri paciet\u012bgi gaid\u012bja savas saldumu paci\u0146as. Paral\u0113li koncertam notika ar\u012b sv\u0113tku gadatirgus, kur\u0101 bija iesp\u0113ja ieg\u0101d\u0101ties m\u0101kslas darbus, gardumus, ad\u012bjumus un citus viet\u0113jo meistaru darin\u0101jumus.\u00a0<\/p>\n<p><img decoding=\"async\" src=\"https:\/\/www.europesays.com\/lv\/wp-content\/uploads\/2025\/12\/sbsl.jpg\" alt=\"Ziemassv\u0113tki Lielbrit\u0101nij\u0101\"\/>Ziemassv\u0113tki Lielbrit\u0101nij\u0101<\/p>\n<p>Foto: P\u012bterboro latvie\u0161u \u0123ime\u0146u asoci\u0101cija<\/p>\n<p><img decoding=\"async\" src=\"https:\/\/www.europesays.com\/lv\/wp-content\/uploads\/2025\/12\/sbsm.jpg\" alt=\"Ziemassv\u0113tki Lielbrit\u0101nij\u0101\"\/>Ziemassv\u0113tki Lielbrit\u0101nij\u0101<\/p>\n<p>Foto: P\u012bterboro latvie\u0161u \u0123ime\u0146u asoci\u0101cija<\/p>\n<p><img decoding=\"async\" src=\"https:\/\/www.europesays.com\/lv\/wp-content\/uploads\/2025\/12\/sbsn.jpg\" alt=\"Ziemassv\u0113tki Lielbrit\u0101nij\u0101\"\/>Ziemassv\u0113tki Lielbrit\u0101nij\u0101<\/p>\n<p>Foto: P\u012bterboro latvie\u0161u \u0123ime\u0146u asoci\u0101cija<\/p>\n<p><img decoding=\"async\" src=\"https:\/\/www.europesays.com\/lv\/wp-content\/uploads\/2025\/12\/sbso.jpg\" alt=\"Ziemassv\u0113tki Lielbrit\u0101nij\u0101\"\/>Ziemassv\u0113tki Lielbrit\u0101nij\u0101<\/p>\n<p>Foto: P\u012bterboro latvie\u0161u \u0123ime\u0146u asoci\u0101cija<\/p>\n<p><img decoding=\"async\" src=\"https:\/\/www.europesays.com\/lv\/wp-content\/uploads\/2025\/12\/sbsp.jpg\" alt=\"Ziemassv\u0113tki Lielbrit\u0101nij\u0101\"\/>Ziemassv\u0113tki Lielbrit\u0101nij\u0101<\/p>\n<p>Foto: P\u012bterboro latvie\u0161u \u0123ime\u0146u asoci\u0101cija<\/p>\n<p><img decoding=\"async\" src=\"https:\/\/www.europesays.com\/lv\/wp-content\/uploads\/2025\/12\/sbsq.jpg\" alt=\"Ziemassv\u0113tki Lielbrit\u0101nij\u0101\"\/>Ziemassv\u0113tki Lielbrit\u0101nij\u0101<\/p>\n<p>Foto: P\u012bterboro latvie\u0161u \u0123ime\u0146u asoci\u0101cija<\/p><\/p>\n","protected":false},"excerpt":{"rendered":"Burk\u0101nu paci\u0146as b\u0113rniem, pipark\u016bku m\u0101ji\u0146as, izr\u0101de ar hiphopa ritmiem, muzik\u0101li pirmatska\u0146ojumi, m\u012bklu min\u0113\u0161ana un dzejo\u013ci \u2013 \u0161ie ir&hellip;\n","protected":false},"author":2,"featured_media":83351,"comment_status":"","ping_status":"","sticky":false,"template":"","format":"standard","meta":{"footnotes":""},"categories":[14],"tags":[23,57,28,29,32,33,22,30,31,35,39,38,36,37,34,40,20,26,27,24,25,54,55,56,21,58],"class_list":{"0":"post-83350","1":"post","2":"type-post","3":"status-publish","4":"format-standard","5":"has-post-thumbnail","7":"category-zinas-no-arvalstim","8":"tag-aktualitates","9":"tag-arvalstim","10":"tag-breaking-news","11":"tag-breakingnews","12":"tag-featured-news","13":"tag-featurednews","14":"tag-headlines","15":"tag-latest-news","16":"tag-latestnews","17":"tag-latvia","18":"tag-latvian","19":"tag-latviesu","20":"tag-latviesu-valoda","21":"tag-latviesuvaloda","22":"tag-latvija","23":"tag-lv","24":"tag-news","25":"tag-popularakas-zinas","26":"tag-popularakaszinas","27":"tag-top-stories","28":"tag-topstories","29":"tag-world","30":"tag-world-news","31":"tag-worldnews","32":"tag-zinas","33":"tag-zinas-no-arvalstim"},"share_on_mastodon":{"url":"https:\/\/pubeurope.com\/@lv\/115764463136147481","error":""},"_links":{"self":[{"href":"https:\/\/www.europesays.com\/lv\/wp-json\/wp\/v2\/posts\/83350","targetHints":{"allow":["GET"]}}],"collection":[{"href":"https:\/\/www.europesays.com\/lv\/wp-json\/wp\/v2\/posts"}],"about":[{"href":"https:\/\/www.europesays.com\/lv\/wp-json\/wp\/v2\/types\/post"}],"author":[{"embeddable":true,"href":"https:\/\/www.europesays.com\/lv\/wp-json\/wp\/v2\/users\/2"}],"replies":[{"embeddable":true,"href":"https:\/\/www.europesays.com\/lv\/wp-json\/wp\/v2\/comments?post=83350"}],"version-history":[{"count":0,"href":"https:\/\/www.europesays.com\/lv\/wp-json\/wp\/v2\/posts\/83350\/revisions"}],"wp:featuredmedia":[{"embeddable":true,"href":"https:\/\/www.europesays.com\/lv\/wp-json\/wp\/v2\/media\/83351"}],"wp:attachment":[{"href":"https:\/\/www.europesays.com\/lv\/wp-json\/wp\/v2\/media?parent=83350"}],"wp:term":[{"taxonomy":"category","embeddable":true,"href":"https:\/\/www.europesays.com\/lv\/wp-json\/wp\/v2\/categories?post=83350"},{"taxonomy":"post_tag","embeddable":true,"href":"https:\/\/www.europesays.com\/lv\/wp-json\/wp\/v2\/tags?post=83350"}],"curies":[{"name":"wp","href":"https:\/\/api.w.org\/{rel}","templated":true}]}}