{"id":83352,"date":"2025-12-22T17:44:10","date_gmt":"2025-12-22T17:44:10","guid":{"rendered":"https:\/\/www.europesays.com\/lv\/83352\/"},"modified":"2025-12-22T17:44:10","modified_gmt":"2025-12-22T17:44:10","slug":"pilna-vesture-bildes-iznakusi-gramata-par-rigas-doma-kora-skolu-raksts","status":"publish","type":"post","link":"https:\/\/www.europesays.com\/lv\/83352\/","title":{"rendered":"\u00abPilna v\u0113sture bild\u0113s!\u00bb Izn\u0101kusi gr\u0101mata par R\u012bgas Doma kora skolu \/ Raksts"},"content":{"rendered":"<p>\n                        \u0160odien, 19:31                    <\/p>\n<p>\n                            Autori:<br \/>\n                            Alise Z\u0101l\u012bte (LTV \u017eurn\u0101liste)                        <\/p>\n<p>R\u012bgas Doma kora skola dibin\u0101ta 1994.\u00a0gad\u0101, un savu 30 gadu jubileju t\u0101 atz\u012bm\u0113ja p\u0113rn pavasar\u012b. Par godu \u0161im noz\u012bm\u012bgajam notikumam decembra s\u0101kum\u0101 klaj\u0101 n\u0101kusi gr\u0101mata &#8220;R\u012bgas Doma kora skola&#8221; \u2013 hronolo\u0123isks skolas v\u0113stures p\u0101rskats, kas izgaismo t\u0101s dibin\u0101\u0161anas izaicin\u0101jumus, k\u0101 ar\u012b turpm\u0101ko att\u012bst\u012bbu un izaugsmi.<\/p>\n<p style=\"margin-left:0cm; margin-right:0cm\">Gr\u0101mata &#8220;R\u012bgas Doma kora skola&#8221; aptver skolas 30 gadu ce\u013cu \u2013 no t\u0101s dibin\u0101\u0161anas l\u012bdz pat \u0161\u012bs vasaras Skolu jaunatnes dziesmu un deju sv\u0113tkiem, izgaismojot ar\u012b skolas noz\u012bm\u012bgo lomu Latvijas valsts un m\u016bzikas izgl\u012bt\u012bbas att\u012bst\u012bb\u0101.<\/p>\n<p style=\"margin-left:0cm; margin-right:0cm\">Gr\u0101matas sast\u0101d\u012bt\u0101ja un kuratore\u00a0Ilze J\u0101kobsone st\u0101sta par skolas noz\u012bmi:\u00a0&#8220;Pirmk\u0101rt, vec\u0101kiem tas b\u016bs p\u0101rsteigums, kur vi\u0146u b\u0113rni m\u0101c\u0101s. (..) K\u0101, kur, cik t\u0101lu katrs b\u0113rns var izaugt, un \u0161\u012b skola dod iesp\u0113ju att\u012bst\u012bties, vajag tikai \u0146emt.<\/p>\n<blockquote>\n<p style=\"margin-left:0cm; margin-right:0cm\">Te ir tas potenci\u0101ls, ko vajag izmantot katram \u2013 maz\u0101kam, liel\u0101kam talantam.&#8221;<\/p>\n<\/blockquote>\n<p style=\"margin-left:0cm; margin-right:0cm\">Ilze J\u0101kobsone apkopojusi v\u0113sturiskus dokumentus, preses publik\u0101cijas un fotogr\u0101fijas, vienlaikus st\u0101stot par skolas pedagogiem un absolventiem un izce\u013cot vi\u0146u ietekmi m\u016bzikas pasaul\u0113 gan Latvij\u0101, gan \u0101rpus t\u0101s.<\/p>\n<p style=\"margin-left:0cm; margin-right:0cm\">\n<p>            <img decoding=\"async\" src=\"https:\/\/www.europesays.com\/lv\/wp-content\/uploads\/2025\/12\/nbgt.jpg\" alt=\"R\u012bgas Doma kora skola.\"\/><\/p>\n<p>R\u012bgas Doma kora skola.<\/p>\n<p>Arh\u012bva foto. Pievienots 21.03.2024. Vita Anstrate \/ Latvijas Telev\u012bzija<\/p>\n<\/p>\n<p style=\"margin-left:0cm; margin-right:0cm\">&#8220;Tas ir darbs arh\u012bv\u0101, darbs skolas arh\u012bv\u0101, apzin\u0101t m\u016bsu kol\u0113\u0123us, kas ir s\u0101ku\u0161i str\u0101d\u0101t no pa\u0161iem s\u0101kumiem, kas var past\u0101st\u012bt tos skolas st\u0101stus,&#8221; par p\u0113tniec\u012bbas procesu v\u0113sta J\u0101kobsone.<\/p>\n<p style=\"margin-left:0cm; margin-right:0cm\">R\u012bgas Doma kora skolas direktors\u00a0Gints Ceplenieks atkl\u0101j:\u00a0&#8220;Notikumi gr\u0101mat\u0101 ir apkopoti gan no koncertdz\u012bves, gan no skolas dz\u012bves, gan no visiem kult\u016bras notikumiem un ar\u012b v\u0113stures notikumiem. (..)<\/p>\n<blockquote>\n<p style=\"margin-left:0cm; margin-right:0cm\">Gr\u0101mata neb\u016bs tikai \u0161\u0137irst\u0101ma bil\u017eu atmi\u0146u gr\u0101mata, bet t\u0101 b\u016bs ar\u012b labs materi\u0101ls m\u016bzikas v\u0113stures p\u0113tniekiem. (..)<\/p>\n<\/blockquote>\n<p style=\"margin-left:0cm; margin-right:0cm\">Las\u012bt\u0101ji var\u0113s ieraudz\u012bt ar\u012b vienu \u012bpa\u0161u fotogr\u0101fiju no arh\u012bviem, (..) no maniem studiju gadiem.&#8221;<\/p>\n<p style=\"margin-left:0cm; margin-right:0cm\">Diri\u0123ents un m\u016bzikas pedagogs\u00a0J\u0101nis Eren\u0161treits nor\u0101da: &#8220;T\u0101 ir milzu v\u0113rt\u012bba, ak Dievs, paskat, te ir t\u0101da datu b\u0101ze iek\u0161\u0101, kas mani p\u0101rsteidz. (..)<\/p>\n<blockquote>\n<p style=\"margin-left:0cm; margin-right:0cm\">Ilze J\u0101kobsone tie\u0161\u0101m ir izdar\u012bjusi, nu, \u013coti sv\u0113t\u012bgu darbu \u2013 Doma kora skola, pilna v\u0113sture bild\u0113s!&#8221;<\/p>\n<\/blockquote>\n<p style=\"margin-left:0cm; margin-right:0cm\">Gr\u0101matas atkl\u0101\u0161anas sv\u0113tkus papildin\u0101ja R\u012bgas Doma kora skolas audz\u0113k\u0146u koncerts.<\/p>\n<p style=\"margin-left:0cm; margin-right:0cm\">R\u012bgas Doma kora skolas audz\u0113kne\u00a0Agate Gr\u012bnberga dal\u0101s sav\u0101 pieredz\u0113:\u00a0&#8220;Es \u0161eit m\u0101cos jau 12 gadus, tas noteikti ir bijis \u013coti ilgs un \u013coti kr\u0101\u0161\u0146s piedz\u012bvojums, un tas mani \u0161odien ir piln\u012bb\u0101 izveidojis k\u0101 person\u012bbu.&#8221;<\/p>\n<p style=\"margin-left:0cm; margin-right:0cm\">Sav\u0101 v\u0113l\u0113juma dal\u0101s ar\u012b R\u012bgas Doma kora skolas audz\u0113knis\u00a0J\u0113kabs Salenieks: &#8220;Lai viss sp\u012bd un laist\u0101s, lai n\u0101k b\u0113rni m\u0101c\u0101s, jo \u0161\u012b skola ir br\u012bni\u0161\u0137\u012bga, un man pa\u0161am \u013coti pat\u012bk \u2013 visu to lab\u0101ko!&#8221;<\/p>\n<p>                    Valodas k\u013c\u016bda rakst\u0101?<\/p>\n<p class=\"d-none d-md-block\">Iez\u012bm\u0113jiet tekstu un spiediet Ctrl+Enter, lai nos\u016bt\u012btu labojamo teksta fragmentu redaktoram! Par faktu k\u013c\u016bd\u0101m l\u016bdzam zi\u0146ot e-past\u0101 <a href=\"https:\/\/www.lsm.lv\/cdn-cgi\/l\/email-protection\" class=\"__cf_email__\" data-cfemail=\"3b495e5f5a505852515a7b57485615574d\" rel=\"nofollow noopener\" target=\"_blank\">[email\u00a0protected]<\/a>.<\/p>\n<p class=\"d-md-none\">Iez\u012bm\u0113jiet tekstu un spiediet uz Zi\u0146ot par k\u013c\u016bdu pogas, lai nos\u016bt\u012btu labojamo teksta fragmentu redaktoram!<\/p>\n<p>\n                    Zi\u0146ot par k\u013c\u016bdu\n                <\/p>\n","protected":false},"excerpt":{"rendered":"\u0160odien, 19:31 Autori: Alise Z\u0101l\u012bte (LTV \u017eurn\u0101liste) R\u012bgas Doma kora skola dibin\u0101ta 1994.\u00a0gad\u0101, un savu 30 gadu jubileju&hellip;\n","protected":false},"author":2,"featured_media":83353,"comment_status":"","ping_status":"","sticky":false,"template":"","format":"standard","meta":{"footnotes":""},"categories":[12],"tags":[23,28,29,32,33,22,30,31,35,39,38,36,37,34,40,20,26,27,24,25,21],"class_list":{"0":"post-83352","1":"post","2":"type-post","3":"status-publish","4":"format-standard","5":"has-post-thumbnail","7":"category-latvija","8":"tag-aktualitates","9":"tag-breaking-news","10":"tag-breakingnews","11":"tag-featured-news","12":"tag-featurednews","13":"tag-headlines","14":"tag-latest-news","15":"tag-latestnews","16":"tag-latvia","17":"tag-latvian","18":"tag-latviesu","19":"tag-latviesu-valoda","20":"tag-latviesuvaloda","21":"tag-latvija","22":"tag-lv","23":"tag-news","24":"tag-popularakas-zinas","25":"tag-popularakaszinas","26":"tag-top-stories","27":"tag-topstories","28":"tag-zinas"},"share_on_mastodon":{"url":"https:\/\/pubeurope.com\/@lv\/115764465781902179","error":""},"_links":{"self":[{"href":"https:\/\/www.europesays.com\/lv\/wp-json\/wp\/v2\/posts\/83352","targetHints":{"allow":["GET"]}}],"collection":[{"href":"https:\/\/www.europesays.com\/lv\/wp-json\/wp\/v2\/posts"}],"about":[{"href":"https:\/\/www.europesays.com\/lv\/wp-json\/wp\/v2\/types\/post"}],"author":[{"embeddable":true,"href":"https:\/\/www.europesays.com\/lv\/wp-json\/wp\/v2\/users\/2"}],"replies":[{"embeddable":true,"href":"https:\/\/www.europesays.com\/lv\/wp-json\/wp\/v2\/comments?post=83352"}],"version-history":[{"count":0,"href":"https:\/\/www.europesays.com\/lv\/wp-json\/wp\/v2\/posts\/83352\/revisions"}],"wp:featuredmedia":[{"embeddable":true,"href":"https:\/\/www.europesays.com\/lv\/wp-json\/wp\/v2\/media\/83353"}],"wp:attachment":[{"href":"https:\/\/www.europesays.com\/lv\/wp-json\/wp\/v2\/media?parent=83352"}],"wp:term":[{"taxonomy":"category","embeddable":true,"href":"https:\/\/www.europesays.com\/lv\/wp-json\/wp\/v2\/categories?post=83352"},{"taxonomy":"post_tag","embeddable":true,"href":"https:\/\/www.europesays.com\/lv\/wp-json\/wp\/v2\/tags?post=83352"}],"curies":[{"name":"wp","href":"https:\/\/api.w.org\/{rel}","templated":true}]}}