{"id":83354,"date":"2025-12-22T17:45:20","date_gmt":"2025-12-22T17:45:20","guid":{"rendered":"https:\/\/www.europesays.com\/lv\/83354\/"},"modified":"2025-12-22T17:45:20","modified_gmt":"2025-12-22T17:45:20","slug":"no-2026-gada-1-janvara-izmainas-socialas-palidzibas-nodalas-darbiba","status":"publish","type":"post","link":"https:\/\/www.europesays.com\/lv\/83354\/","title":{"rendered":"No 2026. gada 1. janv\u0101ra izmai\u0146as Soci\u0101l\u0101s pal\u012bdz\u012bbas noda\u013cas darb\u012bb\u0101"},"content":{"rendered":"<p>\t\t        \t<a href=\"https:\/\/www.daugavpils.lv\/assets\/upload\/news\/2025\/12\/d-pils-05212025-20_max.jpg\" rel=\"nofollow noopener\" target=\"_blank\"><img decoding=\"async\" src=\"https:\/\/www.europesays.com\/lv\/wp-content\/uploads\/2025\/12\/d-pils-05212025-20_sml.jpg\" class=\"news-image\" title=\"No 2026. gada 1. janv\u0101ra izmai\u0146as Soci\u0101l\u0101s pal\u012bdz\u012bbas noda\u013cas darb\u012bb\u0101\" alt=\"No 2026. gada 1. janv\u0101ra izmai\u0146as Soci\u0101l\u0101s pal\u012bdz\u012bbas noda\u013cas darb\u012bb\u0101\"\/><\/a><\/p>\n<p>Daugavpils pils\u0113tas pa\u0161vald\u012bbas iest\u0101de \u201cSoci\u0101lais dienests\u201d inform\u0113, ka no 2026. gada 1. janv\u0101ra Soci\u0101l\u0101s pal\u012bdz\u012bbas noda\u013ca vairs neatrad\u012bsies L\u0101\u010dpl\u0113\u0161a iel\u0101 39. Turpm\u0101k klientu pie\u0146em\u0161ana notiks Vien\u012bbas iel\u0101 8 un Liep\u0101jas iel\u0101 4.<\/p>\n<p>&#13;<\/p>\n<p>Savuk\u0101rt jaunais Soci\u0101l\u0101s pal\u012bdz\u012bbas noda\u013cas Klientu apkalpo\u0161anas centrs Alejas iel\u0101 68 uzs\u0101ks darbu p\u0113c telpu sagatavo\u0161anas. Pla\u0161\u0101ka inform\u0101cija sekos tuv\u0101kaj\u0101 laik\u0101.<\/p>\n<p>&#13;<\/p>\n<p>Iesniegumus soci\u0101lo pakalpojumu sa\u0146em\u0161anai no 1. janv\u0101ra Daugavpils iedz\u012bvot\u0101ji var iesniegt:<\/p>\n<p>&#13;<\/p>\n<ul>&#13;<\/p>\n<li>pap\u012bra form\u0101t\u0101, ievietojot to Soci\u0101l\u0101 dienesta pastkast\u012bt\u0113s: Vien\u012bbas iela 8, Liep\u0101jas iela 4;<\/li>\n<p>&#13;<\/p>\n<li>izmantojot ofici\u0101lo e-adresi;<\/li>\n<p>&#13;<\/p>\n<li>elektronisku dokumentu, kas parakst\u012bts ar dro\u0161u e-parakstu, s\u016btot uz <a href=\"http:\/\/www.daugavpils.lv\/cdn-cgi\/l\/email-protection#fc8f939f98bc8f939f98d2908a\" rel=\"nofollow noopener\" target=\"_blank\">[email\u00a0protected]<\/a>;<\/li>\n<p>&#13;<\/p>\n<li>pa pastu.<\/li>\n<p>&#13;\n<\/ul>\n<p>&#13;<\/p>\n<p>Pla\u0161\u0101ka inform\u0101cija pieejama, zvanot uz informat\u012bvajiem t\u0101lruni 65449907 vai 80006966.<\/p>\n<p>&#13;<\/p>\n<p>\u00a0<\/p>\n<p>&#13;<\/p>\n<p>Inform\u0101ciju sagatavoja<\/p>\n<p>&#13;<\/p>\n<p>Daugavpils valstspils\u0113tas pa\u0161vald\u012bbas<\/p>\n<p>&#13;<\/p>\n<p>Sabiedrisko attiec\u012bbu noda\u013ca,<\/p>\n<p>&#13;<\/p>\n<p>Soci\u0101lais dienests<\/p>\n","protected":false},"excerpt":{"rendered":"Daugavpils pils\u0113tas pa\u0161vald\u012bbas iest\u0101de \u201cSoci\u0101lais dienests\u201d inform\u0113, ka no 2026. gada 1. janv\u0101ra Soci\u0101l\u0101s pal\u012bdz\u012bbas noda\u013ca vairs neatrad\u012bsies&hellip;\n","protected":false},"author":2,"featured_media":83355,"comment_status":"","ping_status":"","sticky":false,"template":"","format":"standard","meta":{"footnotes":""},"categories":[5],"tags":[23,28,29,32,33,22,30,31,35,39,38,36,37,34,40,20,26,27,24,25,21],"class_list":{"0":"post-83354","1":"post","2":"type-post","3":"status-publish","4":"format-standard","5":"has-post-thumbnail","7":"category-aktualitates","8":"tag-aktualitates","9":"tag-breaking-news","10":"tag-breakingnews","11":"tag-featured-news","12":"tag-featurednews","13":"tag-headlines","14":"tag-latest-news","15":"tag-latestnews","16":"tag-latvia","17":"tag-latvian","18":"tag-latviesu","19":"tag-latviesu-valoda","20":"tag-latviesuvaloda","21":"tag-latvija","22":"tag-lv","23":"tag-news","24":"tag-popularakas-zinas","25":"tag-popularakaszinas","26":"tag-top-stories","27":"tag-topstories","28":"tag-zinas"},"share_on_mastodon":{"url":"https:\/\/pubeurope.com\/@lv\/115764469622711221","error":""},"_links":{"self":[{"href":"https:\/\/www.europesays.com\/lv\/wp-json\/wp\/v2\/posts\/83354","targetHints":{"allow":["GET"]}}],"collection":[{"href":"https:\/\/www.europesays.com\/lv\/wp-json\/wp\/v2\/posts"}],"about":[{"href":"https:\/\/www.europesays.com\/lv\/wp-json\/wp\/v2\/types\/post"}],"author":[{"embeddable":true,"href":"https:\/\/www.europesays.com\/lv\/wp-json\/wp\/v2\/users\/2"}],"replies":[{"embeddable":true,"href":"https:\/\/www.europesays.com\/lv\/wp-json\/wp\/v2\/comments?post=83354"}],"version-history":[{"count":0,"href":"https:\/\/www.europesays.com\/lv\/wp-json\/wp\/v2\/posts\/83354\/revisions"}],"wp:featuredmedia":[{"embeddable":true,"href":"https:\/\/www.europesays.com\/lv\/wp-json\/wp\/v2\/media\/83355"}],"wp:attachment":[{"href":"https:\/\/www.europesays.com\/lv\/wp-json\/wp\/v2\/media?parent=83354"}],"wp:term":[{"taxonomy":"category","embeddable":true,"href":"https:\/\/www.europesays.com\/lv\/wp-json\/wp\/v2\/categories?post=83354"},{"taxonomy":"post_tag","embeddable":true,"href":"https:\/\/www.europesays.com\/lv\/wp-json\/wp\/v2\/tags?post=83354"}],"curies":[{"name":"wp","href":"https:\/\/api.w.org\/{rel}","templated":true}]}}