{"id":83356,"date":"2025-12-22T17:47:08","date_gmt":"2025-12-22T17:47:08","guid":{"rendered":"https:\/\/www.europesays.com\/lv\/83356\/"},"modified":"2025-12-22T17:47:08","modified_gmt":"2025-12-22T17:47:08","slug":"mali-neiesit-pendeli-un-izlaiz-uzvaru-par-zambiju-futbols-sportacentrs-com","status":"publish","type":"post","link":"https:\/\/www.europesays.com\/lv\/83356\/","title":{"rendered":"Mali neiesit pendeli un izlai\u017e uzvaru p\u0101r Zambiju \u2013 Futbols \u2013 Sportacentrs.com"},"content":{"rendered":"<p>Liel\u0101ko da\u013cu pirm\u0101 puslaika bumbu kontrol\u0113ja Mali futbolisti, tom\u0113r \u2033taust\u0101mu\u2033 rezult\u0101tu tas nenesa l\u012bdz pat 38. min\u016btei, kad Zambijas soda laukum\u0101 tika nog\u0101zts Nene Dorgeless. Tiesnesis p\u0113c video atk\u0101rtojuma p\u0101rbaudes l\u0113ma par labu 11 metru sitienam uz Zambijas v\u0101rtiem.<\/p>\n<p>Pie bumbas st\u0101j\u0101s Kotdivu\u0101r\u0101 dzimu\u0161ais Stambulas \u2033Besiktas\u2033 uzbruc\u0113js El Bilals Tur\u0113, bet vi\u0146a raid\u012bjumu kreisaj\u0101 apak\u0161\u0113j\u0101 v\u0101rtu st\u016br\u012b atsita Zambijas v\u0101rtsargs Vilards Mvanza.<\/p>\n<p>Otraj\u0101 puslaik\u0101 akt\u012bv\u0101ki k\u013cuva Zambijas futbolisti, izveidojot vair\u0101kas labas epizodes, tom\u0113r 60. min\u016bt\u0113 bumba non\u0101ca vi\u0146u v\u0101rtos. Mali futbolisti tika pie st\u016bra sitiena un to paman\u012bj\u0101s izpild\u012bt v\u0113l pirms Zambijas aizsardz\u012bba bija pasp\u0113jusi sagrup\u0113ties. T\u0101 rezult\u0101t\u0101 zambie\u0161i tika pie diviem sitieniem. Pirmais no tiem tika blo\u0137\u0113ts, bet otro Mvanzas cietoksn\u012b raid\u012bja \u2033Ligue 1\u2033 kluba \u2033Auxerre\u2033 uzbruc\u0113js Las\u012bns Sinajoko.<\/p>\n<p>2012. gada \u0100frikas N\u0101ciju kausa izc\u012b\u0146as \u010dempione no zaud\u0113juma sp\u0113ja izgl\u0101bties kompens\u0101cijas laik\u0101, kad v\u0101rtus ar galvu p\u0113c centr\u0113juma guva Patsons Daka.<\/p>\n<p>Zambija pag\u0101ju\u0161o \u0100frikas N\u0101ciju kausa izc\u012b\u0146u nosl\u0113dza grupu f\u0101z\u0113, bet pirms tam tr\u012bs fin\u0101lturn\u012briem p\u0113c k\u0101rtas nekvalific\u0113j\u0101s. Savuk\u0101rt Mali 2023. gada turn\u012br\u0101 sasniedza ceturtda\u013cfin\u0101lu un p\u0113d\u0113jo reizi \u0100frikas N\u0101ciju kausu no malas v\u0113roja t\u0101laj\u0101 2006. gad\u0101.<\/p>\n<p>Pirm\u0101 sp\u0113\u013cu k\u0101rta<\/p>\n<tr>DatumsGSp\u0113leRez.<\/tr>\n<tr class=\"even\">\n<td>21.12.<\/td>\n<td>A<\/td>\n<td>Maroka \u2013 Komoras<\/td>\n<td class=\"ralign\">2:0<\/td>\n<\/tr>\n<tr class=\"odd\">\n<td>22.12.<\/td>\n<td>A<\/td>\n<td>Mali \u2013 Zambija<\/td>\n<td class=\"ralign\">1:1<\/td>\n<\/tr>\n<tr class=\"even\">\n<td\/>\n<td>B<\/td>\n<td>D\u0100R \u2013 Angola<\/td>\n<td class=\"ralign\">19.00<\/td>\n<\/tr>\n<tr class=\"odd\">\n<td\/>\n<td>B<\/td>\n<td>\u0112\u0123ipte \u2013 Zimbabve<\/td>\n<td class=\"ralign\">22.00<\/td>\n<\/tr>\n<tr class=\"even\">\n<td>23.12.<\/td>\n<td>D<\/td>\n<td>Kongo DR \u2013 Benina<\/td>\n<td class=\"ralign\">14.30<\/td>\n<\/tr>\n<tr class=\"odd\">\n<td\/>\n<td>D<\/td>\n<td>Seneg\u0101la \u2013 Botsv\u0101na<\/td>\n<td class=\"ralign\">17.00<\/td>\n<\/tr>\n<tr class=\"even\">\n<td\/>\n<td>C<\/td>\n<td>Nig\u0113rija \u2013 Tanz\u0101nija<\/td>\n<td class=\"ralign\">19.30<\/td>\n<\/tr>\n<tr class=\"odd\">\n<td\/>\n<td>C<\/td>\n<td>Tunisija \u2013 Uganda<\/td>\n<td class=\"ralign\">22.00<\/td>\n<\/tr>\n<tr class=\"even\">\n<td>24.12.<\/td>\n<td>E<\/td>\n<td>Burkinafaso \u2013 Ekvatori\u0101l\u0101 Gvineja<\/td>\n<td class=\"ralign\">14.30<\/td>\n<\/tr>\n<tr class=\"odd\">\n<td\/>\n<td>E<\/td>\n<td>Al\u017e\u012brija \u2013 Sud\u0101na<\/td>\n<td class=\"ralign\">17.00<\/td>\n<\/tr>\n<tr class=\"even\">\n<td\/>\n<td>F<\/td>\n<td>Kotdivu\u0101ra \u2013 Mozambika<\/td>\n<td class=\"ralign\">19.30<\/td>\n<\/tr>\n<tr class=\"odd\">\n<td\/>\n<td>F<\/td>\n<td>Kamer\u016bna \u2013 Gabona<\/td>\n<td class=\"ralign\">22.00<\/td>\n<\/tr>\n","protected":false},"excerpt":{"rendered":"Liel\u0101ko da\u013cu pirm\u0101 puslaika bumbu kontrol\u0113ja Mali futbolisti, tom\u0113r \u2033taust\u0101mu\u2033 rezult\u0101tu tas nenesa l\u012bdz pat 38. min\u016btei, kad&hellip;\n","protected":false},"author":2,"featured_media":83357,"comment_status":"","ping_status":"","sticky":false,"template":"","format":"standard","meta":{"footnotes":""},"categories":[17],"tags":[676,35,39,38,36,37,34,40,67],"class_list":{"0":"post-83356","1":"post","2":"type-post","3":"status-publish","4":"format-standard","5":"has-post-thumbnail","7":"category-sports","8":"tag-futbols","9":"tag-latvia","10":"tag-latvian","11":"tag-latviesu","12":"tag-latviesu-valoda","13":"tag-latviesuvaloda","14":"tag-latvija","15":"tag-lv","16":"tag-sports"},"share_on_mastodon":{"url":"https:\/\/pubeurope.com\/@lv\/115764477430488213","error":""},"_links":{"self":[{"href":"https:\/\/www.europesays.com\/lv\/wp-json\/wp\/v2\/posts\/83356","targetHints":{"allow":["GET"]}}],"collection":[{"href":"https:\/\/www.europesays.com\/lv\/wp-json\/wp\/v2\/posts"}],"about":[{"href":"https:\/\/www.europesays.com\/lv\/wp-json\/wp\/v2\/types\/post"}],"author":[{"embeddable":true,"href":"https:\/\/www.europesays.com\/lv\/wp-json\/wp\/v2\/users\/2"}],"replies":[{"embeddable":true,"href":"https:\/\/www.europesays.com\/lv\/wp-json\/wp\/v2\/comments?post=83356"}],"version-history":[{"count":0,"href":"https:\/\/www.europesays.com\/lv\/wp-json\/wp\/v2\/posts\/83356\/revisions"}],"wp:featuredmedia":[{"embeddable":true,"href":"https:\/\/www.europesays.com\/lv\/wp-json\/wp\/v2\/media\/83357"}],"wp:attachment":[{"href":"https:\/\/www.europesays.com\/lv\/wp-json\/wp\/v2\/media?parent=83356"}],"wp:term":[{"taxonomy":"category","embeddable":true,"href":"https:\/\/www.europesays.com\/lv\/wp-json\/wp\/v2\/categories?post=83356"},{"taxonomy":"post_tag","embeddable":true,"href":"https:\/\/www.europesays.com\/lv\/wp-json\/wp\/v2\/tags?post=83356"}],"curies":[{"name":"wp","href":"https:\/\/api.w.org\/{rel}","templated":true}]}}