{"id":83358,"date":"2025-12-22T17:49:09","date_gmt":"2025-12-22T17:49:09","guid":{"rendered":"https:\/\/www.europesays.com\/lv\/83358\/"},"modified":"2025-12-22T17:49:09","modified_gmt":"2025-12-22T17:49:09","slug":"somija-palielina-rezervistu-vecumu","status":"publish","type":"post","link":"https:\/\/www.europesays.com\/lv\/83358\/","title":{"rendered":"Somija palielina rezervistu vecumu"},"content":{"rendered":"<p>Somijas aizsardz\u012bbas ministrs Anti Hekenens nor\u0101d\u012bja, ka \u0161\u012b reforma, kas st\u0101sies sp\u0113k\u0101 no 1. janv\u0101ra, piecu gadu laik\u0101 palielin\u0101s rezervistu skaitu par 125 000.<\/p>\n<p>&#8220;2031. gad\u0101 Somijas rezervistu skaits sasniegs vienu miljonu,&#8221; pazi\u0146oja Hekenens.<\/p>\n<p>Somijai patlaban ir aptuveni 900 000 rezervistu, un valsts pl\u0101notais kara laika person\u0101la apjoms ir 280 000 karav\u012bru.<\/p>\n<p>Visiem Somijas v\u012brie\u0161iem milit\u0101rais dienests ir oblig\u0101ts no 18 gadu vecuma. Sievietes var izv\u0113l\u0113ties, vai dien\u0113t armij\u0101.<\/p>\n<p><a href=\"https:\/\/www.tvnet.lv\/term\/555643\/somija\" class=\"topicLink\" target=\"_blank\" rel=\"nofollow noopener\">Somija<\/a> 2023. gada apr\u012bl\u012b iest\u0101j\u0101s NATO un 2023. gada decembr\u012b sl\u0113dza robe\u017eu ar Krieviju, jo Maskava organiz\u0113ja neleg\u0101lo imigrantu iepl\u016b\u0161anu centienos destabiliz\u0113t valsti.<\/p>\n","protected":false},"excerpt":{"rendered":"Somijas aizsardz\u012bbas ministrs Anti Hekenens nor\u0101d\u012bja, ka \u0161\u012b reforma, kas st\u0101sies sp\u0113k\u0101 no 1. janv\u0101ra, piecu gadu laik\u0101&hellip;\n","protected":false},"author":2,"featured_media":83359,"comment_status":"","ping_status":"","sticky":false,"template":"","format":"standard","meta":{"footnotes":""},"categories":[14],"tags":[1546,23,57,28,29,32,33,22,30,31,35,39,38,36,37,34,40,20,26,27,490,24,25,54,55,56,21,58],"class_list":{"0":"post-83358","1":"post","2":"type-post","3":"status-publish","4":"format-standard","5":"has-post-thumbnail","7":"category-zinas-no-arvalstim","8":"tag-aizsardziba","9":"tag-aktualitates","10":"tag-arvalstim","11":"tag-breaking-news","12":"tag-breakingnews","13":"tag-featured-news","14":"tag-featurednews","15":"tag-headlines","16":"tag-latest-news","17":"tag-latestnews","18":"tag-latvia","19":"tag-latvian","20":"tag-latviesu","21":"tag-latviesu-valoda","22":"tag-latviesuvaloda","23":"tag-latvija","24":"tag-lv","25":"tag-news","26":"tag-popularakas-zinas","27":"tag-popularakaszinas","28":"tag-somija","29":"tag-top-stories","30":"tag-topstories","31":"tag-world","32":"tag-world-news","33":"tag-worldnews","34":"tag-zinas","35":"tag-zinas-no-arvalstim"},"share_on_mastodon":{"url":"https:\/\/pubeurope.com\/@lv\/115764485433075918","error":""},"_links":{"self":[{"href":"https:\/\/www.europesays.com\/lv\/wp-json\/wp\/v2\/posts\/83358","targetHints":{"allow":["GET"]}}],"collection":[{"href":"https:\/\/www.europesays.com\/lv\/wp-json\/wp\/v2\/posts"}],"about":[{"href":"https:\/\/www.europesays.com\/lv\/wp-json\/wp\/v2\/types\/post"}],"author":[{"embeddable":true,"href":"https:\/\/www.europesays.com\/lv\/wp-json\/wp\/v2\/users\/2"}],"replies":[{"embeddable":true,"href":"https:\/\/www.europesays.com\/lv\/wp-json\/wp\/v2\/comments?post=83358"}],"version-history":[{"count":0,"href":"https:\/\/www.europesays.com\/lv\/wp-json\/wp\/v2\/posts\/83358\/revisions"}],"wp:featuredmedia":[{"embeddable":true,"href":"https:\/\/www.europesays.com\/lv\/wp-json\/wp\/v2\/media\/83359"}],"wp:attachment":[{"href":"https:\/\/www.europesays.com\/lv\/wp-json\/wp\/v2\/media?parent=83358"}],"wp:term":[{"taxonomy":"category","embeddable":true,"href":"https:\/\/www.europesays.com\/lv\/wp-json\/wp\/v2\/categories?post=83358"},{"taxonomy":"post_tag","embeddable":true,"href":"https:\/\/www.europesays.com\/lv\/wp-json\/wp\/v2\/tags?post=83358"}],"curies":[{"name":"wp","href":"https:\/\/api.w.org\/{rel}","templated":true}]}}