{"id":83360,"date":"2025-12-22T17:50:10","date_gmt":"2025-12-22T17:50:10","guid":{"rendered":"https:\/\/www.europesays.com\/lv\/83360\/"},"modified":"2025-12-22T17:50:10","modified_gmt":"2025-12-22T17:50:10","slug":"izsole-piedava-iegadaties-divus-lacus","status":"publish","type":"post","link":"https:\/\/www.europesays.com\/lv\/83360\/","title":{"rendered":"Izsol\u0113 pied\u0101v\u0101 ieg\u0101d\u0101ties divus l\u0101\u010dus"},"content":{"rendered":"<p>Tikm\u0113r mini zood\u0101rzs &#8220;Raptors Park&#8221; Demenes pagast\u0101, kura apr\u016bp\u0113 abi l\u0101c\u0113ni izaugu\u0161i, n\u0101cis klaj\u0101 ar l\u016bgumu pal\u012bdz\u0113t ar ziedojumiem abu l\u0101\u010du uztur\u0113\u0161anai.<\/p>\n<p>Pirms da\u017eiem gadiem l\u0101c\u0113nus k\u0101ds parka teritorij\u0101 vienk\u0101r\u0161i bija izmetis, un parka \u012bpa\u0161nieks Aleksandrs Kala\u010dovs tos pa\u0146\u0113ma sav\u0101 pasp\u0101rn\u0113.<\/p>\n<p>Dz\u012bvnieku tur\u0113tajam bija pras\u012bts par saviem l\u012bdzek\u013ciem abus l\u0101\u010dus \u010dipot un steriliz\u0113t. No t\u0101 vi\u0146\u0161 ir atteicies.<\/p>\n<p>Rezult\u0101t\u0101 12. decembr\u012b DAP izvietoja sludin\u0101jumu izso\u013cu port\u0101l\u0101 par abu br\u016bno l\u0101\u010du atsavin\u0101\u0161anu un p\u0101rdo\u0161anu. Izsoles s\u0101kumcena \u2013 1700 eiro.<\/p>\n<p>Ja gad\u012bjum\u0101 izsol\u0113 pretendentu neb\u016bs, sekas l\u0101\u010diem var b\u016bt b\u0113d\u012bgas, proti, eitan\u0101zija.<\/p>\n<p>Izsole nosl\u0113gsies 5. janv\u0101r\u012b.<\/p>\n","protected":false},"excerpt":{"rendered":"Tikm\u0113r mini zood\u0101rzs &#8220;Raptors Park&#8221; Demenes pagast\u0101, kura apr\u016bp\u0113 abi l\u0101c\u0113ni izaugu\u0161i, n\u0101cis klaj\u0101 ar l\u016bgumu pal\u012bdz\u0113t ar&hellip;\n","protected":false},"author":2,"featured_media":83361,"comment_status":"","ping_status":"","sticky":false,"template":"","format":"standard","meta":{"footnotes":""},"categories":[12],"tags":[23,28,29,1153,4953,32,33,22,30,31,35,39,38,36,37,34,40,20,26,27,24,25,21],"class_list":{"0":"post-83360","1":"post","2":"type-post","3":"status-publish","4":"format-standard","5":"has-post-thumbnail","7":"category-latvija","8":"tag-aktualitates","9":"tag-breaking-news","10":"tag-breakingnews","11":"tag-daba","12":"tag-dabas-aizsardziba","13":"tag-featured-news","14":"tag-featurednews","15":"tag-headlines","16":"tag-latest-news","17":"tag-latestnews","18":"tag-latvia","19":"tag-latvian","20":"tag-latviesu","21":"tag-latviesu-valoda","22":"tag-latviesuvaloda","23":"tag-latvija","24":"tag-lv","25":"tag-news","26":"tag-popularakas-zinas","27":"tag-popularakaszinas","28":"tag-top-stories","29":"tag-topstories","30":"tag-zinas"},"share_on_mastodon":{"url":"https:\/\/pubeurope.com\/@lv\/115764489294006649","error":""},"_links":{"self":[{"href":"https:\/\/www.europesays.com\/lv\/wp-json\/wp\/v2\/posts\/83360","targetHints":{"allow":["GET"]}}],"collection":[{"href":"https:\/\/www.europesays.com\/lv\/wp-json\/wp\/v2\/posts"}],"about":[{"href":"https:\/\/www.europesays.com\/lv\/wp-json\/wp\/v2\/types\/post"}],"author":[{"embeddable":true,"href":"https:\/\/www.europesays.com\/lv\/wp-json\/wp\/v2\/users\/2"}],"replies":[{"embeddable":true,"href":"https:\/\/www.europesays.com\/lv\/wp-json\/wp\/v2\/comments?post=83360"}],"version-history":[{"count":0,"href":"https:\/\/www.europesays.com\/lv\/wp-json\/wp\/v2\/posts\/83360\/revisions"}],"wp:featuredmedia":[{"embeddable":true,"href":"https:\/\/www.europesays.com\/lv\/wp-json\/wp\/v2\/media\/83361"}],"wp:attachment":[{"href":"https:\/\/www.europesays.com\/lv\/wp-json\/wp\/v2\/media?parent=83360"}],"wp:term":[{"taxonomy":"category","embeddable":true,"href":"https:\/\/www.europesays.com\/lv\/wp-json\/wp\/v2\/categories?post=83360"},{"taxonomy":"post_tag","embeddable":true,"href":"https:\/\/www.europesays.com\/lv\/wp-json\/wp\/v2\/tags?post=83360"}],"curies":[{"name":"wp","href":"https:\/\/api.w.org\/{rel}","templated":true}]}}