{"id":83364,"date":"2025-12-22T17:56:10","date_gmt":"2025-12-22T17:56:10","guid":{"rendered":"https:\/\/www.europesays.com\/lv\/83364\/"},"modified":"2025-12-22T17:56:10","modified_gmt":"2025-12-22T17:56:10","slug":"ministre-noraida-parmetumus-par-maf-programmu-sliktu-parvaldibu-tvnet","status":"publish","type":"post","link":"https:\/\/www.europesays.com\/lv\/83364\/","title":{"rendered":"Ministre noraida p\u0101rmetumus par MAF programmu sliktu p\u0101rvald\u012bbu &#8211; TVNET"},"content":{"rendered":"<ol>\n<li><a href=\"https:\/\/news.google.com\/rss\/articles\/CBMilwFBVV95cUxQVnlwVTBPVGZJY2RKWThDM0pZUTNJNUl2a2p2LU1tUDEyNTlZOGRUZEVKZmpxLWVyZC0yWWtGYktnQTJZWnMteVpOa2lLRExZTnlRb3BaejltczZPSno4eDlkOTdJRnEydG1XT2JTM3hOM0J3QU4yRDVoZmNJVHFHbC14RzhsZzRJTnBSanJtb3dRRXVUV0ZV?oc=5\" target=\"_blank\" rel=\"nofollow noopener\">Ministre noraida p\u0101rmetumus par MAF programmu sliktu p\u0101rvald\u012bbu<\/a>&nbsp;&nbsp;TVNET<\/li>\n<li><a href=\"https:\/\/news.google.com\/rss\/articles\/CBMixgFBVV95cUxQMk1Yb3dXbWRkaE9PT2VhdG1lSlY2LWZoX0E4b0FybFBEYjllOGxqQ3VOdG9xVFZLQjU2dmVBVjN1MGJpRW05OGk1RllvQmdZQ0RxZ1BFUm5OV1MyLVpzWDZFOHBjcFlveTBhRl9OQW5wZlFUSXdJUTBKMFRHZGVrRjM1QnM5Y2tnaExNUjQ2bm84emFSQnhQazgzZ1FBS0RSUXhoX2FfMmZLSHRCTE5ROUNjdHBXSzE1YmRrUnhRc2lOeHZfMlE?oc=5\" target=\"_blank\" rel=\"nofollow noopener\">Kult\u016bras ministre Agnese L\u0101ce neredz pamatu izteikt neuztic\u012bbu SIF padomes priek\u0161s\u0113d\u0113t\u0101jai<\/a>&nbsp;&nbsp;Jauns.lv<\/li>\n<li><a href=\"https:\/\/news.google.com\/rss\/articles\/CBMitgFBVV95cUxOOVQ1TFZJa2VET0JHTkM5UlhJQUFiZG85VlJQQWVsZzFNNEhveGt5YnpaTFI4NjBmaldudUc1S1AtZElCX2ZuRDgzTU5UYy1rQm0yZGhVYVh3X0Y2N0tXUmppMWc3ZGxRZTV4YzNmX05ta2Y2emZkeVlNZDE0N3Z6SUpwS1NXTnlRX010QUFJOWNQOTlRMXVJM09qUkJCSGs1cDNtUm9HTUJwbEE1b196V0RtSlc4UQ?oc=5\" target=\"_blank\" rel=\"nofollow noopener\">V\u0113l viena organiz\u0101cija publiski atbalsta izmai\u0146as Mediju atbalsta fond\u0101<\/a>&nbsp;&nbsp;Delfi<\/li>\n<li><a href=\"https:\/\/news.google.com\/rss\/articles\/CBMi-gFBVV95cUxNXzFsOVAtUXBCYUc2a0JXMHlQWS04QjRlSlhYTURIbVRPNXl6TDNqei1IS3FtQ2dWSW5FMlBwQXBVYVZEQ0o1ZVhudHFjaXg5a0RCM00tMUJQNVlWWEJPbmZOVnYxbGR4UzEwTFZPSjNSTFlhaDNReWwxNUM0LUp2WDlhTTJPdUFWNW4wR1lQbXdteHVtV1lzdGJDNkNkZTRmVXFWNWJlTjR6NzFzVFBOWGRwcU13N3RLRG5kMjVJcTBmNERMX0N0S2hvN1pldk9qVDBWcEQxeU5saVI4RWE1dC1ldG9nZGZtaTAwV2RIVWNYNXNlT2VES1BR?oc=5\" target=\"_blank\" rel=\"nofollow noopener\">P\u0113c \u017eurn\u0101listu paust\u0101s neuztic\u012bbas Sabiedr\u012bbas integr\u0101cijas fonda padomes vad\u012bt\u0101ja neredz pamatu atk\u0101pties<\/a>&nbsp;&nbsp;LSM<\/li>\n<li><a href=\"https:\/\/news.google.com\/rss\/articles\/CBMid0FVX3lxTE1MaF9TU21UaWZ4amVqWlgwdGRHcUVTYmVRTGNZNnZtQTVhZ255cWtPR2NsdXVqNWVlQ3lYZVFqTjNFa1FnQTJfVVNoUm9Ydng4NjF6RVhPVFNmVzdVN1ZFellBeGRSNnpZRW9wenI4N1NNYlpiYUdz?oc=5\" target=\"_blank\" rel=\"nofollow noopener\">Vai b\u016btu j\u0101b\u0113d\u0101jas par SIF likvid\u0113\u0161anu?<\/a>&nbsp;&nbsp;Pietiek.com<\/li>\n<\/ol>\n","protected":false},"excerpt":{"rendered":"Ministre noraida p\u0101rmetumus par MAF programmu sliktu p\u0101rvald\u012bbu&nbsp;&nbsp;TVNET Kult\u016bras ministre Agnese L\u0101ce neredz pamatu izteikt neuztic\u012bbu SIF padomes&hellip;\n","protected":false},"author":2,"featured_media":79118,"comment_status":"","ping_status":"","sticky":false,"template":"","format":"standard","meta":{"footnotes":""},"categories":[12],"tags":[8981,23,28,29,32,33,22,30,31,35,39,38,36,37,34,40,20,26,27,4393,24,25,21],"class_list":{"0":"post-83364","1":"post","2":"type-post","3":"status-publish","4":"format-standard","5":"has-post-thumbnail","7":"category-latvija","8":"tag-agnese-lace","9":"tag-aktualitates","10":"tag-breaking-news","11":"tag-breakingnews","12":"tag-featured-news","13":"tag-featurednews","14":"tag-headlines","15":"tag-latest-news","16":"tag-latestnews","17":"tag-latvia","18":"tag-latvian","19":"tag-latviesu","20":"tag-latviesu-valoda","21":"tag-latviesuvaloda","22":"tag-latvija","23":"tag-lv","24":"tag-news","25":"tag-popularakas-zinas","26":"tag-popularakaszinas","27":"tag-sif","28":"tag-top-stories","29":"tag-topstories","30":"tag-zinas"},"share_on_mastodon":{"url":"https:\/\/pubeurope.com\/@lv\/115764512930120179","error":""},"_links":{"self":[{"href":"https:\/\/www.europesays.com\/lv\/wp-json\/wp\/v2\/posts\/83364","targetHints":{"allow":["GET"]}}],"collection":[{"href":"https:\/\/www.europesays.com\/lv\/wp-json\/wp\/v2\/posts"}],"about":[{"href":"https:\/\/www.europesays.com\/lv\/wp-json\/wp\/v2\/types\/post"}],"author":[{"embeddable":true,"href":"https:\/\/www.europesays.com\/lv\/wp-json\/wp\/v2\/users\/2"}],"replies":[{"embeddable":true,"href":"https:\/\/www.europesays.com\/lv\/wp-json\/wp\/v2\/comments?post=83364"}],"version-history":[{"count":0,"href":"https:\/\/www.europesays.com\/lv\/wp-json\/wp\/v2\/posts\/83364\/revisions"}],"wp:featuredmedia":[{"embeddable":true,"href":"https:\/\/www.europesays.com\/lv\/wp-json\/wp\/v2\/media\/79118"}],"wp:attachment":[{"href":"https:\/\/www.europesays.com\/lv\/wp-json\/wp\/v2\/media?parent=83364"}],"wp:term":[{"taxonomy":"category","embeddable":true,"href":"https:\/\/www.europesays.com\/lv\/wp-json\/wp\/v2\/categories?post=83364"},{"taxonomy":"post_tag","embeddable":true,"href":"https:\/\/www.europesays.com\/lv\/wp-json\/wp\/v2\/tags?post=83364"}],"curies":[{"name":"wp","href":"https:\/\/api.w.org\/{rel}","templated":true}]}}