{"id":83434,"date":"2025-12-22T19:50:17","date_gmt":"2025-12-22T19:50:17","guid":{"rendered":"https:\/\/www.europesays.com\/lv\/83434\/"},"modified":"2025-12-22T19:50:17","modified_gmt":"2025-12-22T19:50:17","slug":"latvijas-ekonomika-2025-gada-varetu-parspet-ieprieksejos-cetrus-gadus-pateicoties-atkopsanas-tendencem-lente-lv","status":"publish","type":"post","link":"https:\/\/www.europesays.com\/lv\/83434\/","title":{"rendered":"Latvijas ekonomika 2025. gad\u0101 var\u0113tu p\u0101rsp\u0113t iepriek\u0161\u0113jos \u010detrus gadus, pateicoties atkop\u0161an\u0101s tendenc\u0113m\u00a0\u2014\u00a0Lente.lv"},"content":{"rendered":"<p>Gada rezult\u0101ti \u2013 cer\u012bbas uz izaugsmi<\/p>\n<p>Lai gan par Latvijas iek\u0161zemes kopprodukta (IKP) gala rezult\u0101tiem \u0161aj\u0101 gad\u0101 v\u0113l nav prec\u012bzu apr\u0113\u0137inu, ir pamats prognoz\u0113t, ka tie b\u016bs lab\u0101ki nek\u0101 p\u0113rn, zi\u0146o Nra.lv. Dati no Centr\u0101l\u0101s statistikas p\u0101rvaldes liecina, ka tre\u0161aj\u0101 ceturksn\u012b IKP sal\u012bdzin\u0101maj\u0101s cen\u0101s gada griezum\u0101 pieaudzis par 2,5% (bez sezon\u0101l\u0101s un kalend\u0101r\u0101s korekcijas). Sal\u012bdzin\u0101jum\u0101 ar iepriek\u0161\u0113jo ceturksni, \u0146emot v\u0113r\u0101 sezon\u0101lo korekciju, re\u0123istr\u0113ta 0,6% pieeauguma. Liel\u0101kais devums \u0161aj\u0101 izaugsm\u0113 bija apstr\u0101des r\u016bpniec\u012bbai.<\/p>\n<p>\u0160ie r\u0101d\u012bt\u0101ji dod pamatu cer\u0113t, ka gada griezum\u0101 ekonomika uzr\u0101d\u012bs kaut nelielu, bet tom\u0113r izaugsmi, at\u0161\u0137ir\u012bb\u0101 no 2024. gada, kad tika fiks\u0113ts 0,4% kritums. Ekspertu l\u0113sumi nor\u0101da, ka IKP pieaugums \u0161ogad var\u0113tu sasniegt 1,5\u20132% atz\u012bmi.<\/p>\n<p>P\u0101rskats par atkop\u0161an\u0101s faktoriem<\/p>\n<p>Bankas Citadele galvenais ekonomists K\u0101rlis Purgailis nor\u0101da, ka \u0161is gads k\u013cuvis par vienu no veiksm\u012bg\u0101kajiem Latvijas tautsaimniec\u012bbai p\u0113d\u0113j\u0101 laik\u0101: p\u0113c vair\u0101ku gadu stagn\u0101cijas t\u0101 atkal s\u0101kusi augt. Izaugsmi veicin\u0101ju\u0161i faktori, kas stiprin\u0101ju\u0161i gan uz\u0146\u0113m\u0113jdarb\u012bbas aktivit\u0101ti, gan iedz\u012bvot\u0101ju pat\u0113ri\u0146u. Lai gan infl\u0101cija Latvij\u0101 joproj\u0101m ir augst\u0101ka nek\u0101 Eiropas vid\u0113jais l\u012bmenis, algas augu\u0161as strauj\u0101k, kas uzlabojis iedz\u012bvot\u0101ju pirktsp\u0113ju. Tom\u0113r, p\u0113c eksperta v\u0101rdiem, past\u0101v ar\u012b riski, kas var\u0113tu ietekm\u0113t turpm\u0101ko att\u012bst\u012bbas tempu.<\/p>\n<p>Visu nozaru dinamika un at\u0161\u0137ir\u012bbas<\/p>\n<p>P\u0113c 2021. gad\u0101 s\u0101kt\u0101 krituma un stagn\u0101cijas, \u0161\u012b gada pirmajos divos cetuqrk\u0161\u0146os ekonomika p\u0101rg\u0101ja uz pieaugo\u0161u tendenci, ko l\u012bdz gada vidum demonstr\u0113ja gandr\u012bz visas nozares. Atjaunoj\u0101s ra\u017eo\u0161ana, ko sekm\u0113ja piepras\u012bjums gan eksporta, gan iek\u0161zemes tirg\u016b. Izaugsme nov\u0113rota ar\u012b finan\u0161u sektor\u0101, pakalpojumu sf\u0113r\u0101 un Latvijai b\u016btiskaj\u0101 me\u017esaimniec\u012bb\u0101. Kritums fiks\u0113ts ieguves r\u016bpniec\u012bb\u0101 un karjeru izstr\u0101d\u0113, k\u0101 ar\u012b maz\u0101k\u0101 m\u0113r\u0101 \u2014 nekustamo \u012bpa\u0161umu, tirdzniec\u012bbas, transporta un t\u016brisma jom\u0101s.<\/p>\n<p>\u010cetri pamata dzin\u0113jsp\u0113ki<\/p>\n<p>K\u0101rlis Purgailis izce\u013c \u010detrus galvenos iemeslus ekonomiskajai atvese\u013co\u0161anai: iek\u0161zemes pat\u0113ri\u0146a pieaugumu, pre\u010du un pakalpojumu eksporta palielin\u0101\u0161anos, Eiropas Centr\u0101l\u0101s bankas (ECB) procentu likmju samazin\u0101\u0161anos, k\u0101 ar\u012b Eiropas Savien\u012bbas (ES) fondu apguves aktiviz\u0113\u0161anos. Ekonomists ar\u012b piev\u0113r\u0161 uzman\u012bbu t\u0101 saukto \u201cTrampa tarifu karu\u201d paradoks\u0101lajam efektam, kas \u0161ogad izr\u0101d\u012bj\u0101s izdev\u012bgs Latvijai. Tas notika t\u0101d\u0113\u013c, ka ASV import\u0113t\u0101ji s\u0101ka steidzami iepirkt Eirop\u0101 un cit\u0101s valst\u012bs ra\u017eot\u0101s preces.<\/p>\n","protected":false},"excerpt":{"rendered":"Gada rezult\u0101ti \u2013 cer\u012bbas uz izaugsmi Lai gan par Latvijas iek\u0161zemes kopprodukta (IKP) gala rezult\u0101tiem \u0161aj\u0101 gad\u0101 v\u0113l&hellip;\n","protected":false},"author":2,"featured_media":83435,"comment_status":"","ping_status":"","sticky":false,"template":"","format":"standard","meta":{"footnotes":""},"categories":[12],"tags":[23,28,29,21086,32,33,22,21084,21085,30,31,35,39,38,36,37,34,1045,40,20,26,27,549,24,25,21],"class_list":{"0":"post-83434","1":"post","2":"type-post","3":"status-publish","4":"format-standard","5":"has-post-thumbnail","7":"category-latvija","8":"tag-aktualitates","9":"tag-breaking-news","10":"tag-breakingnews","11":"tag-eksporta-pieaugums","12":"tag-featured-news","13":"tag-featurednews","14":"tag-headlines","15":"tag-ikp-izaugsme","16":"tag-karlis-purgailis","17":"tag-latest-news","18":"tag-latestnews","19":"tag-latvia","20":"tag-latvian","21":"tag-latviesu","22":"tag-latviesu-valoda","23":"tag-latviesuvaloda","24":"tag-latvija","25":"tag-latvijas-ekonomika","26":"tag-lv","27":"tag-news","28":"tag-popularakas-zinas","29":"tag-popularakaszinas","30":"tag-procentu-likmes","31":"tag-top-stories","32":"tag-topstories","33":"tag-zinas"},"share_on_mastodon":{"url":"https:\/\/pubeurope.com\/@lv\/115764961245409211","error":""},"_links":{"self":[{"href":"https:\/\/www.europesays.com\/lv\/wp-json\/wp\/v2\/posts\/83434","targetHints":{"allow":["GET"]}}],"collection":[{"href":"https:\/\/www.europesays.com\/lv\/wp-json\/wp\/v2\/posts"}],"about":[{"href":"https:\/\/www.europesays.com\/lv\/wp-json\/wp\/v2\/types\/post"}],"author":[{"embeddable":true,"href":"https:\/\/www.europesays.com\/lv\/wp-json\/wp\/v2\/users\/2"}],"replies":[{"embeddable":true,"href":"https:\/\/www.europesays.com\/lv\/wp-json\/wp\/v2\/comments?post=83434"}],"version-history":[{"count":0,"href":"https:\/\/www.europesays.com\/lv\/wp-json\/wp\/v2\/posts\/83434\/revisions"}],"wp:featuredmedia":[{"embeddable":true,"href":"https:\/\/www.europesays.com\/lv\/wp-json\/wp\/v2\/media\/83435"}],"wp:attachment":[{"href":"https:\/\/www.europesays.com\/lv\/wp-json\/wp\/v2\/media?parent=83434"}],"wp:term":[{"taxonomy":"category","embeddable":true,"href":"https:\/\/www.europesays.com\/lv\/wp-json\/wp\/v2\/categories?post=83434"},{"taxonomy":"post_tag","embeddable":true,"href":"https:\/\/www.europesays.com\/lv\/wp-json\/wp\/v2\/tags?post=83434"}],"curies":[{"name":"wp","href":"https:\/\/api.w.org\/{rel}","templated":true}]}}