{"id":83450,"date":"2025-12-22T20:12:10","date_gmt":"2025-12-22T20:12:10","guid":{"rendered":"https:\/\/www.europesays.com\/lv\/83450\/"},"modified":"2025-12-22T20:12:10","modified_gmt":"2025-12-22T20:12:10","slug":"nba-un-fiba-plano-uzrunat-eiropas-klubus-par-jaunas-basketbola-ligas-izveidi-lente-lv","status":"publish","type":"post","link":"https:\/\/www.europesays.com\/lv\/83450\/","title":{"rendered":"NBA un FIBA pl\u0101no uzrun\u0101t Eiropas klubus par jaunas basketbola l\u012bgas izveidi\u00a0\u2014\u00a0Lente.lv"},"content":{"rendered":"<p>S\u0101ksies intere\u0161u apzin\u0101\u0161ana Eiropas klubos<\/p>\n<p>Nacion\u0101l\u0101 Basketbola asoci\u0101cija (NBA) un Starptautisk\u0101 Basketbola feder\u0101cija (FIBA) n\u0101kamaj\u0101 m\u0113nes\u012b uzs\u0101ks konsult\u0101cijas ar Eiropas basketbola komand\u0101m un klubu \u012bpa\u0161niekiem, lai apzin\u0101tu vi\u0146u interesi par dal\u012bbu jaun\u0101, kop\u012bgi veidot\u0101 kontinent\u0101laj\u0101 sacens\u012bb\u0101s. K\u0101 inform\u0113 telekan\u0101ls EuroNews, \u0161\u012b iecere paredz izveidot jaunu basketbola l\u012bgu, kur\u0101 past\u0101v\u0113tu gan garant\u0113tas vietas, gan ikgad\u0113ja kvalifik\u0101cijas sist\u0113ma.<\/p>\n<p>Organizatori skaidro, ka jaun\u0101 sist\u0113ma ietvers garant\u0113tas vietas noteikt\u0101m komand\u0101m, savuk\u0101rt p\u0101r\u0113j\u0101s vietas tiks sadal\u012btas, pamatojoties uz ikgad\u0113ju kvalifik\u0101ciju, kas notiktu caur FIBA \u010cempionu l\u012bgu (Basketball Champions League) vai ar\u012b p\u0113c sezonas nosl\u0113guma turn\u012bra. Tiek nor\u0101d\u012bts, ka taj\u0101 var\u0113tu piedal\u012bties visi klubi, kas start\u0113 FIBA sankcion\u0113t\u0101s Eiropas l\u012bg\u0101s.<\/p>\n<p>FIBA \u0123ener\u0101lsekret\u0101rs Andreass Zagklis uzsv\u0113ra, ka \u0161\u0101ds sacens\u012bbu form\u0101ts respekt\u0113 Eiropas sporta trad\u012bcijas, nodro\u0161inot katram ambiciozam kontinent\u0101lajam klubam re\u0101lu iesp\u0113ju sasniegt augst\u0101ko l\u012bmeni.<\/p>\n<p>S\u012bk\u0101ka inform\u0101cija par strukt\u016bru un m\u0113r\u0137a datumiem<\/p>\n<p>V\u0113l ir j\u0101preciz\u0113 vair\u0101ki jaun\u0101s sacens\u012bbu sist\u0113mas aspekti. Tie ietver gan prec\u012bzu s\u0101kuma datumu, kas pa\u0161laik tiek pl\u0101nots 2027. gada oktobr\u012b, gan ar\u012b dal\u012bbnieku skaitu pirmaj\u0101 sezon\u0101. Viena no apsprie\u017eamaj\u0101m sh\u0113m\u0101m paredz 16 komandu form\u0101tu, kur\u0101 12 b\u016btu past\u0101v\u012bg\u0101s komandas, bet atliku\u0161\u0101s \u010detras vietas ieg\u016btu caur kvalifik\u0101ciju.<\/p>\n<p>NBA un FIBA \u0161\u0101das idejas par Eiropas l\u012bgu apsprie\u017e jau vair\u0101kus gadus. Pl\u0101no\u0161anas process iev\u0113rojami pa\u0101trin\u0101j\u0101s p\u0113c 2024. gada Par\u012bzes Olimpiskaj\u0101m sp\u0113l\u0113m. Agr\u0101k \u0161\u012b gada s\u0101kum\u0101 abi sporta vad\u012bt\u0101ji \u2013 NBA komis\u0101rs \u0100dams Silveris un Zagklis \u2013 apstiprin\u0101ja preses konferenc\u0113 \u0145ujork\u0101, ka projekts virz\u0101s uz priek\u0161u.<\/p>\n<p>\u0160ovasar \u0161im uz\u0146\u0113mumam pievienoj\u0101s ar\u012b finan\u0161u konsultanti no JPMorgan un The Raine Group. \u0100dams Silveris nor\u0101d\u012bjis, ka diskusijas ar da\u017e\u0101daj\u0101m Eiropas ieinteres\u0113taj\u0101m pus\u0113m nostiprin\u0101ju\u0161as p\u0101rliec\u012bbu par iev\u0113rojamu potenci\u0101lu, radot jaunu kontinent\u0101lo l\u012bgu.<\/p>\n<p>Eiropas basketbola ietekme uz NBA<\/p>\n<p>Eiropas basketbola loma k\u013c\u016bst arvien noz\u012bm\u012bg\u0101ka, jo daudzi no NBA pa\u0161reiz\u0113j\u0101s zvaigznes n\u0101k tie\u0161i no \u0161\u012b kontinenta. Starp spilgt\u0101kajiem piem\u0113riem ir Nikola Joki\u010ds (Denveras \u201cNuggets\u201d), Jannis Adetokunbo (Milvoki \u201cBucks\u201d), Viktors Vembanjama (Sanantonio \u201cSpurs\u201d), Luka Don\u010di\u010ds (Losand\u017eelosas \u201cLakers\u201d) un Lauri Markkanens (J\u016btas \u201cJazz\u201d). Aptuveni viens no se\u0161iem NBA sp\u0113l\u0113t\u0101jiem ir Eiropas izcelsmes.<\/p>\n<p>Potenci\u0101l\u0101s uz\u0146\u0113m\u0113jvalstis un tuv\u0101kie NBA pas\u0101kumi<\/p>\n<p>Tiek apsv\u0113rtas vair\u0101kas Eiropas pils\u0113tas, kur\u0101s var\u0113tu notikt NBA un FIBA kop\u012bg\u0101 projekta sp\u0113les. Starp apspriestaj\u0101m viet\u0101m min\u0113tas t\u0101das metropoles k\u0101 Londona un Man\u010destra (Lielbrit\u0101nija), Par\u012bze un Liona (Francija), Madride un Barselona (Sp\u0101nija), k\u0101 ar\u012b Roma un Mil\u0101na (It\u0101lija). T\u0101pat tiek izskat\u012btas V\u0101cijas pils\u0113tas Minhene un Berl\u012bne, k\u0101 ar\u012b At\u0113nas un Stambula.<\/p>\n<p>J\u0101atz\u012bm\u0113, ka NBA jau ir pl\u0101nojusi divas regul\u0101r\u0101s sezonas sp\u0113les Eirop\u0101 \u0161\u0101 gada janv\u0101ra vid\u016b. \u0160aj\u0101 pas\u0101kum\u0101 Memfisas \u201cGrizzlies\u201d un Orlando \u201cMagic\u201d sp\u0113kosies Berl\u012bn\u0113 un London\u0101, kas kalpo k\u0101 papildu demonstr\u0101cija NBA interesei par kontinentu.<\/p>\n","protected":false},"excerpt":{"rendered":"S\u0101ksies intere\u0161u apzin\u0101\u0161ana Eiropas klubos Nacion\u0101l\u0101 Basketbola asoci\u0101cija (NBA) un Starptautisk\u0101 Basketbola feder\u0101cija (FIBA) n\u0101kamaj\u0101 m\u0113nes\u012b uzs\u0101ks konsult\u0101cijas&hellip;\n","protected":false},"author":2,"featured_media":83451,"comment_status":"","ping_status":"","sticky":false,"template":"","format":"standard","meta":{"footnotes":""},"categories":[17],"tags":[21089,21088,2178,35,39,38,36,37,34,40,1258,21090,67],"class_list":{"0":"post-83450","1":"post","2":"type-post","3":"status-publish","4":"format-standard","5":"has-post-thumbnail","7":"category-sports","8":"tag-basketbola-sadarbiba","9":"tag-eiropas-basketbola-liga","10":"tag-fiba","11":"tag-latvia","12":"tag-latvian","13":"tag-latviesu","14":"tag-latviesu-valoda","15":"tag-latviesuvaloda","16":"tag-latvija","17":"tag-lv","18":"tag-nba","19":"tag-profesionalais-sports","20":"tag-sports"},"share_on_mastodon":{"url":"https:\/\/pubeurope.com\/@lv\/115765047644008949","error":""},"_links":{"self":[{"href":"https:\/\/www.europesays.com\/lv\/wp-json\/wp\/v2\/posts\/83450","targetHints":{"allow":["GET"]}}],"collection":[{"href":"https:\/\/www.europesays.com\/lv\/wp-json\/wp\/v2\/posts"}],"about":[{"href":"https:\/\/www.europesays.com\/lv\/wp-json\/wp\/v2\/types\/post"}],"author":[{"embeddable":true,"href":"https:\/\/www.europesays.com\/lv\/wp-json\/wp\/v2\/users\/2"}],"replies":[{"embeddable":true,"href":"https:\/\/www.europesays.com\/lv\/wp-json\/wp\/v2\/comments?post=83450"}],"version-history":[{"count":0,"href":"https:\/\/www.europesays.com\/lv\/wp-json\/wp\/v2\/posts\/83450\/revisions"}],"wp:featuredmedia":[{"embeddable":true,"href":"https:\/\/www.europesays.com\/lv\/wp-json\/wp\/v2\/media\/83451"}],"wp:attachment":[{"href":"https:\/\/www.europesays.com\/lv\/wp-json\/wp\/v2\/media?parent=83450"}],"wp:term":[{"taxonomy":"category","embeddable":true,"href":"https:\/\/www.europesays.com\/lv\/wp-json\/wp\/v2\/categories?post=83450"},{"taxonomy":"post_tag","embeddable":true,"href":"https:\/\/www.europesays.com\/lv\/wp-json\/wp\/v2\/tags?post=83450"}],"curies":[{"name":"wp","href":"https:\/\/api.w.org\/{rel}","templated":true}]}}