{"id":83480,"date":"2025-12-22T20:53:21","date_gmt":"2025-12-22T20:53:21","guid":{"rendered":"https:\/\/www.europesays.com\/lv\/83480\/"},"modified":"2025-12-22T20:53:21","modified_gmt":"2025-12-22T20:53:21","slug":"gada-nogales-aicinajumi-no-22-lidz-31-decembrim-no-heinrihsones-rozem-lidz-svetku-koncertiem-lente-lv","status":"publish","type":"post","link":"https:\/\/www.europesays.com\/lv\/83480\/","title":{"rendered":"Gada Nogales Aicin\u0101jumi No 22. L\u012bdz 31. Decembrim \u2013 No Heinrihsones Roz\u0113m L\u012bdz Sv\u0113tku Koncertiem\u00a0\u2014\u00a0Lente.lv"},"content":{"rendered":"<p>Ievads: Skaistuma Mekl\u0113jumi Gada Nogal\u0113<\/p>\n<p>Decembra p\u0113d\u0113j\u0101s dienas Latvij\u0101 mudina apst\u0101ties, nov\u0113rt\u0113t gada notikumus un ieskat\u012bties n\u0101kotn\u0113, nezaud\u0113jot saikni ar kult\u016bras notikumiem. K\u0101 inform\u0113 port\u0101ls jauns.lv, ned\u0113\u013ca no 22. decembra l\u012bdz 31. decembrim sniedz iesp\u0113ju baud\u012bt gan m\u0101kslas izst\u0101des, gan \u012bpa\u0161us sv\u0113tku pas\u0101kumus. Indra Vilipsone, izdevniec\u012bbas \u201eR\u012bgas Vi\u013c\u0146i\u201d kult\u016bras satura redaktore, pied\u0101v\u0101 savu atlasi, kur\u0101 \u0161oreiz centr\u0101 izvirz\u0101s m\u0101kslinieces Hel\u0113nas Heinrihsones jaun\u0101k\u0101 izst\u0101de, kuras moto \u201cAk Dievs, cik skaisti!\u201d iek\u013cauj sev\u012b gan saj\u016bsmu, gan ironisku atsauc\u012bbu uz apk\u0101rt\u0113jo pasauli.<\/p>\n<p>\u0160aj\u0101 \u012bpa\u0161aj\u0101 period\u0101, kad daudzi jau ir iesl\u012bgu\u0161i sv\u0113tku drudz\u012b, Vilipsones ieteikumi pal\u012bdz atrast mierpiln\u0101kus un dzi\u013c\u0101kus notikumus, kas \u013cauj iesl\u0113gties gada nogales noska\u0146\u0101, ne tikai p\u0113rkot d\u0101vanas un gatavojot mielastus.<\/p>\n<p>Hel\u0113nas Heinrihsones Drosm\u012bg\u0101s Rozes Galerij\u0101 \u201cM\u0101ksla XO\u201d<\/p>\n<p>Viens no \u0161\u012bs ned\u0113\u013cas (un ar\u012b turpm\u0101k\u0101s) oblig\u0101tajiem pieturas punktiem ir Hel\u0113nas Heinrihsones person\u0101lizst\u0101de \u201cAk, Dievs, cik skaisti!\u201d, kas atkl\u0101ta galerij\u0101 \u201cM\u0101ksla XO\u201d. Izst\u0101de ir atv\u0113rta no 11. decembra un priec\u0113s apmekl\u0113t\u0101jus l\u012bdz pat 2026. gada 24. janv\u0101rim. T\u0101tad \u2013 \u0161aj\u0101 ned\u0113\u013c\u0101 ir lieliska iesp\u0113ja to apmekl\u0113t pirmaj\u0101 viln\u012b.<\/p>\n<p>Heinrihsone, kas tiek raksturota k\u0101 p\u0101rliecin\u0101ta moderniste, \u0161oreiz atkal piev\u0113rsusies savam ikoniskajam t\u0113lam \u2013 roz\u0113m. Tom\u0113r m\u0101ksliniece uzsver, ka izst\u0101de nav tikai par ziediem; t\u0101 ir drosm\u012bga refleksija par br\u012bv\u012bbu un skaistuma p\u0101rsp\u012bl\u0113jumu, ko vi\u0146a pau\u017e ar vieglu ironiju. \u201cIzst\u0101de nav tikai par roz\u0113m, t\u0101 ir par br\u012bv\u012bbu. Manai atbr\u012bvo\u0161anai kalpo rozes un ironija,\u201d m\u0101ksliniece cit\u0113ta. \u0160is dzi\u013c\u0101kais sl\u0101nis pied\u0101v\u0101 skat\u012bt\u0101jam vair\u0101k nek\u0101 vienk\u0101r\u0161u est\u0113tisku baud\u012bjumu, aicinot p\u0101rdom\u0101t rado\u0161o br\u012bv\u012bbu un drosmi izteikties.<\/p>\n<p>Tekstilm\u0101kslas Varen\u012bba: Georga Bark\u0101na Simtgades Izst\u0101de<\/p>\n<p>V\u0113l viens kult\u016bras p\u0113rlis, kas vilina apmekl\u0113t\u0101jus decembr\u012b, ir tekstilm\u0101kslinieka Georga Bark\u0101na simtgadei velt\u012bt\u0101 izst\u0101de \u201cPatv\u0113rums vienradzim\u201d Dekorat\u012bv\u0101s m\u0101kslas un dizaina muzej\u0101. Lai gan izst\u0101de s\u0101k\u0101s jau 18. decembr\u012b un turpin\u0101sies l\u012bdz 2026. gada 8. febru\u0101rim, decembra beigas ir labs laiks, lai iepaz\u012btos ar \u0161o 20. gadsimta otr\u0101s puses latvie\u0161u tekstilm\u0101kslas uzplaukuma noz\u012bm\u012bgo fig\u016bru.<\/p>\n<p>Georgs Bark\u0101ns (1925\u20132010) bija m\u0101kslinieks, kura tekstilm\u0101ksla emancip\u0113j\u0101s no lieti\u0161\u0137\u0101s m\u0101kslas statusa un k\u013cuva t\u0113laina un eksperiment\u0101la. Izst\u0101de glab\u0101 v\u0113rt\u012bg\u0101ko no vi\u0146a mantojuma \u2013 gobel\u0113nus un batikas, atkl\u0101jot gan vi\u0146a person\u012bbu, gan laikmeta kontekstu. \u0160\u012b izst\u0101de ir \u012bpa\u0161a, jo Bark\u0101na darbi, piem\u0113ram, gobel\u0113ni par vienrad\u017ea t\u0113mu, tiek interpret\u0113ti k\u0101 rado\u0161a poz\u012bcija pret apk\u0101rt\u0113j\u0101s pasaules unific\u0113to realit\u0101ti.<\/p>\n<p>R\u012bgas Sv\u0113tku Programmas Ieskandin\u0101jums<\/p>\n<p>P\u0113d\u0113j\u0101s dienas pirms jaun\u0101 gada bie\u017ei vien paiet steig\u0101, ta\u010du sv\u0113tku noska\u0146ai ir paredz\u0113ti ar\u012b \u012bpa\u0161i publiski pas\u0101kumi. Lai gan daudzi lielie sv\u0113tku koncerti var b\u016bt notiku\u0161i iepriek\u0161\u0113j\u0101s ned\u0113\u013c\u0101s, festiv\u0101ls \u201cEiropas Ziemassv\u0113tki\u201d pied\u0101v\u0101 koncertprogrammu \u201cVecgada koncerts sve\u010du gaism\u0101\u201d, kas ir lielisks veids, k\u0101 sagaid\u012bt Jauno gadu mierpiln\u0101 un gaismas piln\u0101 atmosf\u0113r\u0101. \u0160\u0101das kompoz\u012bcijas pied\u0101v\u0101 iesp\u0113ju apvienot gada nosl\u0113gumu ar tradicion\u0101lu sv\u0113tku noska\u0146u, kas Latvij\u0101 vienm\u0113r ir \u012bpa\u0161i gaid\u012bta.<\/p>\n<p>T\u0101pat, lai g\u016btu iedvesmu, var iel\u016bkoties ar\u012b Vecgada pied\u0101v\u0101jum\u0101 citviet. Piem\u0113ram, ja ir iesp\u0113ja, v\u0113rts atskat\u012bties uz notikumiem, kas risin\u0101j\u0101s dr\u012bz pirms \u0161\u012bm datumiem, lai g\u016btu piln\u012bg\u0101ku ainu. V\u0113l nesen (19. decembr\u012b) Dailes te\u0101tr\u012b piedz\u012bvota Ziemassv\u0113tku koncerta \u201cP\u0113k\u0161\u0146i gaism\u0101\u201d pirmizr\u0101de, un \u0161\u0101di notikumi var turpin\u0101ties vai sniegt iedvesmu apmekl\u0113t citus muzik\u0101lus pas\u0101kumus gada p\u0113d\u0113j\u0101s dien\u0101s.<\/p>\n<p>M\u0101kslas Muzeju Kl\u0101sts: Portretu Miniat\u016bras un Izgl\u012btojo\u0161\u0101s Nodarb\u012bbas<\/p>\n<p>Ieskatoties M\u0101kslas muzeja \u201cR\u012bgas bir\u017ea\u201d pied\u0101v\u0101jum\u0101, apmekl\u0113t\u0101ji v\u0113l var pag\u016bt apl\u016bkot 18.\u201319. gadsimta portreta miniat\u016bru izlasi no muzeja kr\u0101juma. \u0160\u012b ekspoz\u012bcija atkl\u0101j vienu no Eiropas m\u0101kslas izsmalcin\u0101t\u0101kaj\u0101m form\u0101m un demonstr\u0113 gan Baltijas re\u0123iona, gan pla\u0161\u0101ka Eiropas m\u0101kslas skolu ietekmi. Lai gan izst\u0101des s\u0101kums dat\u0113ts ar 12. decembri, t\u0101 ir pieejama vis\u0101 Vilipsones kult\u016brpieturu ned\u0113\u013cas garum\u0101.<\/p>\n<p>Lai gan specifiski notikumi tie\u0161i 22.\u201331. decembrim \u0101rpus R\u012bgas vairs nav tik pla\u0161i atspogu\u013coti k\u0101 iepriek\u0161\u0113j\u0101s ned\u0113\u013c\u0101s, novados, piem\u0113ram, Smiltenes pus\u0113, 22. decembr\u012b ir notikusi Jaunie\u0161u centra atkl\u0101\u0161ana un B\u0113rnu un jaunie\u0161u rado\u0161a nodarb\u012bba \u201cZiemassv\u0113tku ball\u012bte\u201d. \u0160\u0101di lok\u0101lie notikumi apliecina, ka kult\u016bras dz\u012bve Latvij\u0101 rit vienm\u0113r\u012bgi, pat sv\u0113tku gaid\u0101s.<\/p>\n<p>Kopum\u0101, Indras Vilipsones kult\u016brpieturas \u0161ai ned\u0113\u013cai aicina Lielr\u012bgas iedz\u012bvot\u0101jus un viesus uz p\u0101rdom\u0101m caur m\u0101kslu \u2013 s\u0101kot ar drosm\u012bgo Heinrihsones ironiju un beidzot ar v\u0113stures dzi\u013cumu Bark\u0101na tekstiliju vid\u016b, savuk\u0101rt gada izska\u0146ai pied\u0101v\u0101jot iesp\u0113ju baud\u012bt gaismu un m\u016bziku.<\/p>\n","protected":false},"excerpt":{"rendered":"Ievads: Skaistuma Mekl\u0113jumi Gada Nogal\u0113 Decembra p\u0113d\u0113j\u0101s dienas Latvij\u0101 mudina apst\u0101ties, nov\u0113rt\u0113t gada notikumus un ieskat\u012bties n\u0101kotn\u0113, nezaud\u0113jot&hellip;\n","protected":false},"author":2,"featured_media":83481,"comment_status":"","ping_status":"","sticky":false,"template":"","format":"standard","meta":{"footnotes":""},"categories":[19],"tags":[89,21102,18546,21101,90,21100,35,39,38,36,37,34,40,21103],"class_list":{"0":"post-83480","1":"post","2":"type-post","3":"status-publish","4":"format-standard","5":"has-post-thumbnail","7":"category-izklaide","8":"tag-entertainment","9":"tag-georgs-barkans","10":"tag-helena-heinrihsone","11":"tag-indra-vilipsone","12":"tag-izklaide","13":"tag-kulturas-pieturas","14":"tag-latvia","15":"tag-latvian","16":"tag-latviesu","17":"tag-latviesu-valoda","18":"tag-latviesuvaloda","19":"tag-latvija","20":"tag-lv","21":"tag-rigas-kulturas-notikumi"},"share_on_mastodon":{"url":"https:\/\/pubeurope.com\/@lv\/115765208888514541","error":""},"_links":{"self":[{"href":"https:\/\/www.europesays.com\/lv\/wp-json\/wp\/v2\/posts\/83480","targetHints":{"allow":["GET"]}}],"collection":[{"href":"https:\/\/www.europesays.com\/lv\/wp-json\/wp\/v2\/posts"}],"about":[{"href":"https:\/\/www.europesays.com\/lv\/wp-json\/wp\/v2\/types\/post"}],"author":[{"embeddable":true,"href":"https:\/\/www.europesays.com\/lv\/wp-json\/wp\/v2\/users\/2"}],"replies":[{"embeddable":true,"href":"https:\/\/www.europesays.com\/lv\/wp-json\/wp\/v2\/comments?post=83480"}],"version-history":[{"count":0,"href":"https:\/\/www.europesays.com\/lv\/wp-json\/wp\/v2\/posts\/83480\/revisions"}],"wp:featuredmedia":[{"embeddable":true,"href":"https:\/\/www.europesays.com\/lv\/wp-json\/wp\/v2\/media\/83481"}],"wp:attachment":[{"href":"https:\/\/www.europesays.com\/lv\/wp-json\/wp\/v2\/media?parent=83480"}],"wp:term":[{"taxonomy":"category","embeddable":true,"href":"https:\/\/www.europesays.com\/lv\/wp-json\/wp\/v2\/categories?post=83480"},{"taxonomy":"post_tag","embeddable":true,"href":"https:\/\/www.europesays.com\/lv\/wp-json\/wp\/v2\/tags?post=83480"}],"curies":[{"name":"wp","href":"https:\/\/api.w.org\/{rel}","templated":true}]}}