{"id":83484,"date":"2025-12-22T21:00:11","date_gmt":"2025-12-22T21:00:11","guid":{"rendered":"https:\/\/www.europesays.com\/lv\/83484\/"},"modified":"2025-12-22T21:00:11","modified_gmt":"2025-12-22T21:00:11","slug":"kirkeide-dramatiski-parsteidz-francijas-fanus-uzvarot-saspringta-biatlona-masu-starta-finisa-lente-lv","status":"publish","type":"post","link":"https:\/\/www.europesays.com\/lv\/83484\/","title":{"rendered":"Kirkeide dramatiski p\u0101rsteidz Francijas fanus, uzvarot saspringt\u0101 biatlona masu starta fini\u0161\u0101\u00a0\u2014\u00a0Lente.lv"},"content":{"rendered":"<p>Kirkeide triumfs saspringt\u0101 fini\u0161\u0101 Ans\u012b<\/p>\n<p>Norv\u0113\u0123ijas biatloniste M\u0101rena Kirkeide \u0161odien, 22. decembr\u012b, izc\u012bn\u012bja sensacion\u0101lu uzvaru sezonas pirmaj\u0101 Pasaules kausa posma masu start\u0101 Francijas tras\u0113 Ans\u012b \u2013 Le Grand Bornand. Dramatisk\u0101 fini\u0161\u0101 vi\u0146a sp\u0113ja p\u0101rsp\u0113t m\u0101jinie\u010du favor\u012btes, saboj\u0101jot Francijas l\u012bdzjut\u0113ju cer\u012bbas uz m\u0101j\u0101s gaid\u012btu triumfu.<\/p>\n<p>Sacens\u012bbas nosl\u0113dz\u0101s ar \u012bpa\u0161i aizraujo\u0161u tr\u012bs sportistu fini\u0161a spuru. Kirkeide fini\u0161\u0113ja tikai par 0,3 sekundes \u0101tr\u0101k nek\u0101 Francijas p\u0101rst\u0101ve L\u016b \u017danmonno, bet v\u0113l 0,5 sekundes v\u0113l\u0101k fini\u0161u sasniedza tre\u0161\u0101 \u2013 \u017dist\u012bna Brez\u0101-Bu\u0161\u0113. Kirkeides uzvara k\u013cuva par vi\u0146as pirm\u0101s zelta meda\u013cas reizi Pasaules kausa posmos.<\/p>\n<p>Franc\u016bzietes cer\u012bbas kusa p\u0113d\u0113j\u0101 sprint\u0101<\/p>\n<p>M\u0101su starts sieviet\u0113m, 12,5 kilometru distanc\u0113, bez Latvijas p\u0101rst\u0101vniec\u012bbas, izv\u0113rt\u0101s par \u012bstu dr\u0101mu franc\u016b\u017eiem. L\u016b \u017danmonno, kura Ans\u012b iepriek\u0161\u0113j\u0101s dien\u0101s demonstr\u0113ja sp\u0113c\u012bgu sniegumu, ieskaitot uzvaru iedz\u012b\u0161an\u0101, izvirz\u012bj\u0101s vad\u012bb\u0101 un, \u0161\u0137ietami, kontrol\u0113ja sacens\u012bbu gaitu.<\/p>\n<p>Tom\u0113r fini\u0161\u0101 Kirkeide, demonstr\u0113jot izcilu fini\u0161sp\u0113ku, sp\u0113ja apsteigt abas franc\u016bzietes, kuras neiztur\u0113ja Norv\u0113\u0123ietes spiedienu. L\u012bdz ar \u017danmonno zaud\u0113jumu uzvara palika aiz m\u0101j\u0101s eso\u0161aj\u0101m sportist\u0113m, lai gan \u017danmono \u0161aj\u0101 posm\u0101 iepriek\u0161 izc\u012bn\u012bja uzvaru iedz\u012b\u0161an\u0101 un p\u0101r\u0146\u0113ma l\u012bderes dzelteno krekli\u0146u.<\/p>\n<p>\u0160au\u0161anas rezult\u0101ti un starta poz\u012bcijas<\/p>\n<p>Masu starts tradicion\u0101li dod startu tiem sportistiem, kuri p\u0113c sprinta un iedz\u012b\u0161anas sacens\u012bb\u0101m ie\u0146em augst\u0101k\u0101s vietas Pasaules kausa kopv\u0113rt\u0113jum\u0101. Tie\u0161i uz \u0161o discipl\u012bnu atlase notika iepriek\u0161\u0113j\u0101s dien\u0101s notiku\u0161aj\u0101s sacens\u012bb\u0101s.<\/p>\n<p>Sestdienas iedz\u012b\u0161an\u0101 \u017danmonno bija triumf\u0113jusi ar prec\u012bzu sniegumu \u0161autuv\u0113. L\u012bdz ar to uz sv\u0113tdienas masu startu vi\u0146a dev\u0101s no pirm\u0101s rindas, k\u0101 ar\u012b it\u0101liete Doroteja V\u012brere un zviedriete Anna Magnusone. Kirkeide \u0161aj\u0101 iedz\u012b\u0161an\u0101 fini\u0161\u0113ja dev\u012bt\u0101, kas nodro\u0161in\u0101ja tai vietu starta sarakst\u0101.<\/p>\n<p>Pirmaj\u0101 \u0161au\u0161an\u0101 gu\u013cus poz\u012bcij\u0101 starp l\u012bder\u0113m bija 17 sportistes, kas uzreiz rad\u012bja bl\u012bvu grupu. Zviedriete Hanna \u0112berga \u012bslaic\u012bgi p\u0101r\u0146\u0113ma vad\u012bbu, bet dr\u012bz p\u0113c tam sacens\u012bbu gaitu main\u012bja otr\u0101 \u0161au\u0161ana, kur\u0101 l\u012bderpoz\u012bcij\u0101 izvirz\u012bj\u0101s cita zviedriete Ella Halvarsone.<\/p>\n<p>Biatlona posma gaita un citu rezult\u0101ti<\/p>\n<p>Tre\u0161aj\u0101, jau st\u0101vus poz\u012bcijas, \u0161au\u0161an\u0101 zviedru sportistes piedz\u012bvoja kritumu, kam\u0113r Francijas sportistes atkal spieda uz \u0101trumu. Tom\u0113r fini\u0161\u0101 iz\u0161\u0137iro\u0161\u0101 bija Kirkeides sp\u0113ja notur\u0113ties l\u012bdergrup\u0101 un, izmantojot savu sl\u0113po\u0161anas \u0101trumu p\u0113d\u0113jos metros, p\u0101rsteigt m\u0101jinieces.<\/p>\n<p>Igaunijas sportistei Reg\u012bnai Ermitsai, kas Ans\u012b sprint\u0101 pirmaj\u0101 \u0161au\u0161an\u0101 pie\u013c\u0101va divas k\u013c\u016bdas, bet p\u0101r\u0113j\u0101s trij\u0101s ugunsl\u012bnij\u0101s sasniedza perfekti, izdev\u0101s ielauzties lab\u0101ko divdesmitniek\u0101, fini\u0161\u0113jot 17. viet\u0101. Lai gan Latvijas sportist\u0113m \u0161aj\u0101 masu start\u0101 nebija p\u0101rst\u0101vniec\u012bbas, Baiba Bendika iepriek\u0161\u0113j\u0101 sprint\u0101 ieguva 27. vietu, kas ir vi\u0146as tre\u0161ais Top 30 rezult\u0101ts p\u0113c k\u0101rtas sprint\u0101 \u0161aj\u0101 sezon\u0101.<\/p>\n<p>Sezonas turpin\u0101jums Latvijas biatlonam<\/p>\n<p>Biatlona Pasaules kausa sezona, p\u0113c Anes\u012b\u2013Le Grand Bornand posma, kas norisin\u0101j\u0101s no 18. l\u012bdz 21. decembrim, turpin\u0101sies V\u0101cijas tras\u0113s Oberhof\u0101 un R\u016bpolding\u0101. Sportisti gatavojas ar\u012b startiem n\u0101kam\u0101 gada Pasaules \u010dempion\u0101t\u0101.<\/p>\n<p>Latvijas biatlonisti, k\u0101 Andrejs Rastorgujevs un Baiba Bendika, Ans\u012b posm\u0101 guva svar\u012bgu pieredzi, gatavojoties iz\u0161\u0137iro\u0161ajai sezonas da\u013cai. Lai gan masu start\u0101 Latvijai nebija p\u0101rst\u0101vju, individu\u0101lie starti dod iesp\u0113ju uzkr\u0101t Pasaules kausa punktus un uzlabot poz\u012bcijas kopv\u0113rt\u0113jum\u0101.<\/p>\n","protected":false},"excerpt":{"rendered":"Kirkeide triumfs saspringt\u0101 fini\u0161\u0101 Ans\u012b Norv\u0113\u0123ijas biatloniste M\u0101rena Kirkeide \u0161odien, 22. decembr\u012b, izc\u012bn\u012bja sensacion\u0101lu uzvaru sezonas pirmaj\u0101 Pasaules&hellip;\n","protected":false},"author":2,"featured_media":83485,"comment_status":"","ping_status":"","sticky":false,"template":"","format":"standard","meta":{"footnotes":""},"categories":[17],"tags":[20603,21105,35,39,38,36,37,34,21106,40,21104,21107,67],"class_list":{"0":"post-83484","1":"post","2":"type-post","3":"status-publish","4":"format-standard","5":"has-post-thumbnail","7":"category-sports","8":"tag-ansi","9":"tag-biatlons-pasaules-kauss","10":"tag-latvia","11":"tag-latvian","12":"tag-latviesu","13":"tag-latviesu-valoda","14":"tag-latviesuvaloda","15":"tag-latvija","16":"tag-lu-zanmonno","17":"tag-lv","18":"tag-marena-kirkeide","19":"tag-masu-starts","20":"tag-sports"},"share_on_mastodon":{"url":"https:\/\/pubeurope.com\/@lv\/115765236414758130","error":""},"_links":{"self":[{"href":"https:\/\/www.europesays.com\/lv\/wp-json\/wp\/v2\/posts\/83484","targetHints":{"allow":["GET"]}}],"collection":[{"href":"https:\/\/www.europesays.com\/lv\/wp-json\/wp\/v2\/posts"}],"about":[{"href":"https:\/\/www.europesays.com\/lv\/wp-json\/wp\/v2\/types\/post"}],"author":[{"embeddable":true,"href":"https:\/\/www.europesays.com\/lv\/wp-json\/wp\/v2\/users\/2"}],"replies":[{"embeddable":true,"href":"https:\/\/www.europesays.com\/lv\/wp-json\/wp\/v2\/comments?post=83484"}],"version-history":[{"count":0,"href":"https:\/\/www.europesays.com\/lv\/wp-json\/wp\/v2\/posts\/83484\/revisions"}],"wp:featuredmedia":[{"embeddable":true,"href":"https:\/\/www.europesays.com\/lv\/wp-json\/wp\/v2\/media\/83485"}],"wp:attachment":[{"href":"https:\/\/www.europesays.com\/lv\/wp-json\/wp\/v2\/media?parent=83484"}],"wp:term":[{"taxonomy":"category","embeddable":true,"href":"https:\/\/www.europesays.com\/lv\/wp-json\/wp\/v2\/categories?post=83484"},{"taxonomy":"post_tag","embeddable":true,"href":"https:\/\/www.europesays.com\/lv\/wp-json\/wp\/v2\/tags?post=83484"}],"curies":[{"name":"wp","href":"https:\/\/api.w.org\/{rel}","templated":true}]}}