{"id":83536,"date":"2025-12-22T22:17:08","date_gmt":"2025-12-22T22:17:08","guid":{"rendered":"https:\/\/www.europesays.com\/lv\/83536\/"},"modified":"2025-12-22T22:17:08","modified_gmt":"2025-12-22T22:17:08","slug":"par-aiziesanu-no-teatra-uzvedumu-disko-roze-un-filmu-tikla-ttt-legendas-dzimsana","status":"publish","type":"post","link":"https:\/\/www.europesays.com\/lv\/83536\/","title":{"rendered":"par aizie\u0161anu no te\u0101tra, uzvedumu &#8220;Disko roze&#8221; un filmu &#8220;T\u012bkl\u0101. TTT le\u0123endas dzim\u0161ana&#8221;"},"content":{"rendered":"<p>2025. gads ar uzviju gatavojas nosl\u0113gties kino un te\u0101tra aktrisei Agnesei Budovskai: kop\u0161 Dzintara Dreiberga jaun\u0101k\u0101s sp\u0113lfilmas \u201cT\u012bkl\u0101. TTT le\u0123endas dzim\u0161ana\u201d pirmizr\u0101des t\u0101s seansus apmekl\u0113ju\u0161i vair\u0101k nek\u0101 100 000 skat\u012bt\u0101ju kinote\u0101tros un kult\u016bras centros vis\u0101 Latvij\u0101. Agneses veidols padomju laika basketbolistes t\u0113rp\u0101 redzams gan pils\u0113tvid\u0113, gan t\u012bmek\u013ca lap\u0101s, un vi\u0146as rado\u0161ie ce\u013ci atkl\u0101j ik pa jaunam un jaunam pagriezienam.<\/p>\n","protected":false},"excerpt":{"rendered":"2025. gads ar uzviju gatavojas nosl\u0113gties kino un te\u0101tra aktrisei Agnesei Budovskai: kop\u0161 Dzintara Dreiberga jaun\u0101k\u0101s sp\u0113lfilmas \u201cT\u012bkl\u0101.&hellip;\n","protected":false},"author":2,"featured_media":83537,"comment_status":"","ping_status":"","sticky":false,"template":"","format":"standard","meta":{"footnotes":""},"categories":[19],"tags":[2516,5391,2427,18555,89,90,35,39,38,36,37,34,1376,40,611,6782],"class_list":{"0":"post-83536","1":"post","2":"type-post","3":"status-publish","4":"format-standard","5":"has-post-thumbnail","7":"category-izklaide","8":"tag-agnese-budovska","9":"tag-andris-keiss","10":"tag-dzintars-dreibergs","11":"tag-edgars-makens","12":"tag-entertainment","13":"tag-izklaide","14":"tag-latvia","15":"tag-latvian","16":"tag-latviesu","17":"tag-latviesu-valoda","18":"tag-latviesuvaloda","19":"tag-latvija","20":"tag-latvijas-nacionalais-teatris","21":"tag-lv","22":"tag-matiss-kaza","23":"tag-muzikas-nams-daile"},"share_on_mastodon":{"url":"https:\/\/pubeurope.com\/@lv\/115765539196189827","error":""},"_links":{"self":[{"href":"https:\/\/www.europesays.com\/lv\/wp-json\/wp\/v2\/posts\/83536","targetHints":{"allow":["GET"]}}],"collection":[{"href":"https:\/\/www.europesays.com\/lv\/wp-json\/wp\/v2\/posts"}],"about":[{"href":"https:\/\/www.europesays.com\/lv\/wp-json\/wp\/v2\/types\/post"}],"author":[{"embeddable":true,"href":"https:\/\/www.europesays.com\/lv\/wp-json\/wp\/v2\/users\/2"}],"replies":[{"embeddable":true,"href":"https:\/\/www.europesays.com\/lv\/wp-json\/wp\/v2\/comments?post=83536"}],"version-history":[{"count":0,"href":"https:\/\/www.europesays.com\/lv\/wp-json\/wp\/v2\/posts\/83536\/revisions"}],"wp:featuredmedia":[{"embeddable":true,"href":"https:\/\/www.europesays.com\/lv\/wp-json\/wp\/v2\/media\/83537"}],"wp:attachment":[{"href":"https:\/\/www.europesays.com\/lv\/wp-json\/wp\/v2\/media?parent=83536"}],"wp:term":[{"taxonomy":"category","embeddable":true,"href":"https:\/\/www.europesays.com\/lv\/wp-json\/wp\/v2\/categories?post=83536"},{"taxonomy":"post_tag","embeddable":true,"href":"https:\/\/www.europesays.com\/lv\/wp-json\/wp\/v2\/tags?post=83536"}],"curies":[{"name":"wp","href":"https:\/\/api.w.org\/{rel}","templated":true}]}}