{"id":83717,"date":"2025-12-23T06:13:07","date_gmt":"2025-12-23T06:13:07","guid":{"rendered":"https:\/\/www.europesays.com\/lv\/83717\/"},"modified":"2025-12-23T06:13:07","modified_gmt":"2025-12-23T06:13:07","slug":"darba-deveju-konfederacija-aicina-grozit-mediju-atbalsta-fonda-sadales-principus","status":"publish","type":"post","link":"https:\/\/www.europesays.com\/lv\/83717\/","title":{"rendered":"Darba dev\u0113ju konfeder\u0101cija aicina groz\u012bt Mediju atbalsta fonda sadales principus"},"content":{"rendered":"<p>Jau zi\u0146ots, ka kult\u016bras ministre Agnese L\u0101ce (P) piekritusi MAF finans\u0113juma sadali turpin\u0101t p\u0113c mediju form\u0101tu veidiem, &#8220;ja tie atbilst minim\u0101lajiem atbilst\u012bbas un kvalit\u0101tes krit\u0113rijiem&#8221;.<\/p>\n<p>KM apstiprin\u0101\u0161anai SIF padom\u0113 virz\u012btais pied\u0101v\u0101jums paredz, ka re\u0123ion\u0101l\u0101, diasporas un Latgales mediju atbalsta programm\u0101 paliks eso\u0161ie l\u012bdzek\u013cu sadales nosac\u012bjumi.<\/p>\n<p>Nacion\u0101la l\u012bme\u0146a atbalsta programm\u0101 tiek pied\u0101v\u0101tas pak\u0101peniskas izmai\u0146as, proti, da\u013c\u0113ji saglab\u0101t eso\u0161o atbalsta finans\u0113juma sadali p\u0113c mediju form\u0101tu veidiem, kad vismaz puse finans\u0113juma tiek pied\u0101v\u0101ta konkurs\u0101 br\u012bv\u0101 konkurenc\u0113, neskatoties uz mediju form\u0101tiem, bet otra puse &#8211; saglab\u0101jot katram mediju form\u0101tam vismaz 250 000 eiro garant\u0113tu aploksni l\u012bdz\u012bgi k\u0101 l\u012bdz \u0161im.<\/p>\n<p>KM un Mediju politikas konsultat\u012bv\u0101 padome virz\u012bja izmai\u0146as MAF nacion\u0101lo mediju konkurs\u0101, pied\u0101v\u0101jot main\u012bt finans\u0113juma sadal\u012b\u0161anas k\u0101rt\u012bbu, p\u0101rejot no l\u012bdz\u0161in\u0113j\u0101s finans\u0113juma sadales starp mediju veidiem uz &#8220;atv\u0113rtu, konkurenci un kvalit\u0101ti veicino\u0161u konkursa modeli&#8221;.<\/p>\n<p>LDDK ir nacion\u0101la l\u012bme\u0146a darba dev\u0113ju p\u0101rst\u0101vis, soci\u0101lekonomisko sarunu partneris Ministru kabinetam un Latvijas Br\u012bvo arodbiedr\u012bbu savien\u012bbai, k\u0101 ar\u012b organiz\u0101cija p\u0101rst\u0101v darba dev\u0113ju intereses Saeim\u0101.<\/p>\n","protected":false},"excerpt":{"rendered":"Jau zi\u0146ots, ka kult\u016bras ministre Agnese L\u0101ce (P) piekritusi MAF finans\u0113juma sadali turpin\u0101t p\u0113c mediju form\u0101tu veidiem, &#8220;ja&hellip;\n","protected":false},"author":2,"featured_media":83718,"comment_status":"","ping_status":"","sticky":false,"template":"","format":"standard","meta":{"footnotes":""},"categories":[12],"tags":[23,28,29,32,33,22,30,31,35,39,38,36,37,34,435,40,20662,20,26,27,24,25,21],"class_list":{"0":"post-83717","1":"post","2":"type-post","3":"status-publish","4":"format-standard","5":"has-post-thumbnail","7":"category-latvija","8":"tag-aktualitates","9":"tag-breaking-news","10":"tag-breakingnews","11":"tag-featured-news","12":"tag-featurednews","13":"tag-headlines","14":"tag-latest-news","15":"tag-latestnews","16":"tag-latvia","17":"tag-latvian","18":"tag-latviesu","19":"tag-latviesu-valoda","20":"tag-latviesuvaloda","21":"tag-latvija","22":"tag-lddk","23":"tag-lv","24":"tag-mediju-bizness","25":"tag-news","26":"tag-popularakas-zinas","27":"tag-popularakaszinas","28":"tag-top-stories","29":"tag-topstories","30":"tag-zinas"},"share_on_mastodon":{"url":"https:\/\/pubeurope.com\/@lv\/115767410884047677","error":""},"_links":{"self":[{"href":"https:\/\/www.europesays.com\/lv\/wp-json\/wp\/v2\/posts\/83717","targetHints":{"allow":["GET"]}}],"collection":[{"href":"https:\/\/www.europesays.com\/lv\/wp-json\/wp\/v2\/posts"}],"about":[{"href":"https:\/\/www.europesays.com\/lv\/wp-json\/wp\/v2\/types\/post"}],"author":[{"embeddable":true,"href":"https:\/\/www.europesays.com\/lv\/wp-json\/wp\/v2\/users\/2"}],"replies":[{"embeddable":true,"href":"https:\/\/www.europesays.com\/lv\/wp-json\/wp\/v2\/comments?post=83717"}],"version-history":[{"count":0,"href":"https:\/\/www.europesays.com\/lv\/wp-json\/wp\/v2\/posts\/83717\/revisions"}],"wp:featuredmedia":[{"embeddable":true,"href":"https:\/\/www.europesays.com\/lv\/wp-json\/wp\/v2\/media\/83718"}],"wp:attachment":[{"href":"https:\/\/www.europesays.com\/lv\/wp-json\/wp\/v2\/media?parent=83717"}],"wp:term":[{"taxonomy":"category","embeddable":true,"href":"https:\/\/www.europesays.com\/lv\/wp-json\/wp\/v2\/categories?post=83717"},{"taxonomy":"post_tag","embeddable":true,"href":"https:\/\/www.europesays.com\/lv\/wp-json\/wp\/v2\/tags?post=83717"}],"curies":[{"name":"wp","href":"https:\/\/api.w.org\/{rel}","templated":true}]}}