{"id":83740,"date":"2025-12-23T06:46:09","date_gmt":"2025-12-23T06:46:09","guid":{"rendered":"https:\/\/www.europesays.com\/lv\/83740\/"},"modified":"2025-12-23T06:46:09","modified_gmt":"2025-12-23T06:46:09","slug":"labums-no-partikas-cenu-memoranda-nav-redzams-uzsver-zemnieku-saeima-tvnet","status":"publish","type":"post","link":"https:\/\/www.europesays.com\/lv\/83740\/","title":{"rendered":"Labums no p\u0101rtikas cenu memoranda nav redzams, uzsver &quot;Zemnieku saeima&quot; &#8211; TVNET"},"content":{"rendered":"<ol>\n<li><a href=\"https:\/\/news.google.com\/rss\/articles\/CBMingFBVV95cUxQaU04MERMNjk3TGQ3dXdjUVFWMHJXdUNieW5STVhZZFRYRzJFX3ZJRDdHZFo0a2ZRbXdIaDZTUVRuU1ROM0xhQ3J3Zncwd1paU0Z1RVJYUTE3am9fLUlEclRod2tUdUhyRE9GQ1NFYzdET0RXbmlVbHB2Zkx2Zm5Zak1nWHZwQ3p1ZUhWV3BJS0VrUThvNFhadWdBNEZWZw?oc=5\" target=\"_blank\" rel=\"nofollow noopener\">Labums no p\u0101rtikas cenu memoranda nav redzams, uzsver &#8220;Zemnieku saeima&#8221;<\/a>&nbsp;&nbsp;TVNET<\/li>\n<li><a href=\"https:\/\/news.google.com\/rss\/articles\/CBMiqwFBVV95cUxQN2NnMjVqY192WWJKbVFLdUtSMDQ1azFpV1pic05FanU1RHh4QWFRS3pZWExPQ0gtNUJSdm9fbGQxUzZ0aWg3M2Vrc205dnctLVZYMklXaF9nYVZwaWtobUxlMWxJRUd5OEhUeENiaFNUM18tX3dHTjZ4OTBPQUhCSVJENnJHdThWWlJPaG5KaGZKdmh2bGs2cUduSlBVcUNBYjMyS3J2WmtIU3c?oc=5\" target=\"_blank\" rel=\"nofollow noopener\">P\u0101rmai\u0146u laiks graudkop\u012bb\u0101 &#8211; iz\u0161\u0137iro\u0161ie faktori ce\u013c\u0101 uz 2026. gada ra\u017eu<\/a>&nbsp;&nbsp;IR.lv<\/li>\n<li><a href=\"https:\/\/news.google.com\/rss\/articles\/CBMiiwFBVV95cUxOY2lRNzltcjh3dTFoakkydmQ3bkxSUEJNS2JsYkp3OEw2ZUxFa2FpSnM5SUw5TkR5VVk2cE40NXhYYmVHREU4SVhHRnZIQmh6eXdlWVBYTnB5QjBfNGpaaExLZkNnT3FkbkhmQ1RXdm5FbWI0MjVUWUpXMjJDeDFkWmpGRThZVHBNUHJB?oc=5\" target=\"_blank\" rel=\"nofollow noopener\">Vai p\u0101rtikas cenu memoranda parakst\u012b\u0161ana attaisnojusies?<\/a>&nbsp;&nbsp;ReTV<\/li>\n<li><a href=\"https:\/\/news.google.com\/rss\/articles\/CBMirwFBVV95cUxPQjQxd2d0dHdyZkFwS3N6cUNWaGNrRWxYeFh6a3YzTHctUHB6R0w4TE9MSy1Md0hTTFZQRDY4Q0RWLUdad3lDU3QxNjVHOFo1NTZ0NjhDblAwdmFSQ21wSl93bFpFaG5sUnM0T0JlOUk5WjRXZGdCdXk2YThYRUVtb1FOLWgzTDlfajZDOEJ6ZGMtY1F1WUFiYmZrTVBrSmVJYWlfZnFocWphc0tta2tZ?oc=5\" target=\"_blank\" rel=\"nofollow noopener\">Lazdi\u0146\u0161: Tikai &#8220;m\u0113slu kravas&#8221; var uzlabot situ\u0101ciju mazumtirdzniec\u012bb\u0101, veikalu attieksme pret viet\u0113jo produkciju ir slikta<\/a>&nbsp;&nbsp;NRA<\/li>\n<li><a href=\"https:\/\/news.google.com\/rss\/articles\/CBMihAJBVV95cUxNQnRJZ25TVkpFcVM2a1lDcGRnUHRCRVl4djRFdktyT3JHTWFWVEdkRWlDMDdHR2RfcXFCX2VRX2JXNGhKTi1keEhFM3JDdVdTbTJnWkRiNmFnaW1UVlJrY3BvQVdaUWJON0s3Ukx3QVlicjVlTnl0RlBQMXhpVlNvTXpfSURZdEdscjZMdlBoRXBFWEo3TlQxLU8wQWxHNjlIbEhPWTFCUGlxOVZiOWZCNkpWSGk1TU1lbHpmYnJpejRTTk5qcHVxNEVZOXBxNVA1UnVDU1V4NzlpRS1sMkdTaE1sdVNwcXVKVzVhdlQ0YlUtVjB1QjZTZW9rSS1BTURSZzE5NA?oc=5\" target=\"_blank\" rel=\"nofollow noopener\">Lauksaimniec\u012bb\u0101 izsludin\u0101t\u0101 \u0101rk\u0101rtas situ\u0101cija: zemnieku zaud\u0113jumi p\u0101rsniedz 110 miljonus eiro sliktu laikapst\u0101k\u013cu d\u0113\u013c<\/a>&nbsp;&nbsp;Lente.lv<\/li>\n<\/ol>\n","protected":false},"excerpt":{"rendered":"Labums no p\u0101rtikas cenu memoranda nav redzams, uzsver &#8220;Zemnieku saeima&#8221;&nbsp;&nbsp;TVNET P\u0101rmai\u0146u laiks graudkop\u012bb\u0101 &#8211; iz\u0161\u0137iro\u0161ie faktori ce\u013c\u0101 uz&hellip;\n","protected":false},"author":2,"featured_media":83741,"comment_status":"","ping_status":"","sticky":false,"template":"","format":"standard","meta":{"footnotes":""},"categories":[5],"tags":[23,28,29,32,33,22,30,31,35,39,38,36,37,34,7604,2441,40,20,26,27,24,25,12369,21],"class_list":{"0":"post-83740","1":"post","2":"type-post","3":"status-publish","4":"format-standard","5":"has-post-thumbnail","7":"category-aktualitates","8":"tag-aktualitates","9":"tag-breaking-news","10":"tag-breakingnews","11":"tag-featured-news","12":"tag-featurednews","13":"tag-headlines","14":"tag-latest-news","15":"tag-latestnews","16":"tag-latvia","17":"tag-latvian","18":"tag-latviesu","19":"tag-latviesu-valoda","20":"tag-latviesuvaloda","21":"tag-latvija","22":"tag-lauksaimnieciba","23":"tag-lauksaimnieki","24":"tag-lv","25":"tag-news","26":"tag-popularakas-zinas","27":"tag-popularakaszinas","28":"tag-top-stories","29":"tag-topstories","30":"tag-zemnieku-saeima","31":"tag-zinas"},"share_on_mastodon":{"url":"https:\/\/pubeurope.com\/@lv\/115767540780170014","error":""},"_links":{"self":[{"href":"https:\/\/www.europesays.com\/lv\/wp-json\/wp\/v2\/posts\/83740","targetHints":{"allow":["GET"]}}],"collection":[{"href":"https:\/\/www.europesays.com\/lv\/wp-json\/wp\/v2\/posts"}],"about":[{"href":"https:\/\/www.europesays.com\/lv\/wp-json\/wp\/v2\/types\/post"}],"author":[{"embeddable":true,"href":"https:\/\/www.europesays.com\/lv\/wp-json\/wp\/v2\/users\/2"}],"replies":[{"embeddable":true,"href":"https:\/\/www.europesays.com\/lv\/wp-json\/wp\/v2\/comments?post=83740"}],"version-history":[{"count":0,"href":"https:\/\/www.europesays.com\/lv\/wp-json\/wp\/v2\/posts\/83740\/revisions"}],"wp:featuredmedia":[{"embeddable":true,"href":"https:\/\/www.europesays.com\/lv\/wp-json\/wp\/v2\/media\/83741"}],"wp:attachment":[{"href":"https:\/\/www.europesays.com\/lv\/wp-json\/wp\/v2\/media?parent=83740"}],"wp:term":[{"taxonomy":"category","embeddable":true,"href":"https:\/\/www.europesays.com\/lv\/wp-json\/wp\/v2\/categories?post=83740"},{"taxonomy":"post_tag","embeddable":true,"href":"https:\/\/www.europesays.com\/lv\/wp-json\/wp\/v2\/tags?post=83740"}],"curies":[{"name":"wp","href":"https:\/\/api.w.org\/{rel}","templated":true}]}}