{"id":83810,"date":"2025-12-23T07:44:09","date_gmt":"2025-12-23T07:44:09","guid":{"rendered":"https:\/\/www.europesays.com\/lv\/83810\/"},"modified":"2025-12-23T07:44:09","modified_gmt":"2025-12-23T07:44:09","slug":"vidzemes-lauku-partneriba-brasla-izsludina-leader-projektu-konkursa-v-kartu-sabiedriska-labuma-projektiem-no-2026-gada-23-janvara-lidz-23-februarim","status":"publish","type":"post","link":"https:\/\/www.europesays.com\/lv\/83810\/","title":{"rendered":"Vidzemes lauku partner\u012bba &#8220;Brasla&#8221; izsludina LEADER projektu konkursa V k\u0101rtu sabiedrisk\u0101 labuma projektiem no 2026. gada 23. janv\u0101ra l\u012bdz 23. febru\u0101rim"},"content":{"rendered":"<p>23.12.2025<\/p>\n<p>Projekti, Sabiedr\u012bba<\/p>\n<p>Projektu konkurss norit atbilsto\u0161i Vidzemes lauku partner\u012bbas \u201cBrasla\u201d SVVA strat\u0113\u0123ijai 2023.-2027. gadam un 2023. gada 10. oktobra Ministru kabineta noteikumiem Nr.580 Valsts un Eiropas Savien\u012bbas atbalsta pie\u0161\u0137ir\u0161anas k\u0101rt\u012bba Eiropas Lauksaimniec\u012bbas fonda lauku att\u012bst\u012bbai intervenc\u0113 \u201cDarb\u012bbu \u012bsteno\u0161ana saska\u0146\u0101 ar sabiedr\u012bbas virz\u012btas viet\u0113j\u0101s att\u012bst\u012bbas strat\u0113\u0123iju, tostarp sadarb\u012bbas aktivit\u0101tes un to sagatavo\u0161ana\u201d aktivit\u0101t\u0113 \u201cKopienu sp\u0113cino\u0161as un vietas att\u012bst\u012bbu sekm\u0113jo\u0161as iniciat\u012bvas\u201d.<\/p>\n<p>2.R\u012bc\u012bb\u0101: \u201cKopienu sp\u0113cino\u0161as un vietas att\u012bst\u012bbu sekm\u0113jo\u0161as iniciat\u012bvas\u201d pieejamais finans\u0113jums 185\u00a0679,19 EUR.<\/p>\n<p>Maksim\u0101l\u0101 attiecin\u0101mo izmaksu summa vienam projektam:<\/p>\n<ul class=\"wp-block-list\">\n<li>25 000,00 EUR;<\/li>\n<li>50 000,00 EUR ieguld\u012bjumiem pa\u0161vald\u012bbas infrastrukt\u016bras izveidei t.sk. kopprojektos.<\/li>\n<\/ul>\n<p>Atbalsta intensit\u0101te:<\/p>\n<ul class=\"wp-block-list\">\n<li>Pamata atbalsta likme \u2013 70%;<\/li>\n<li>Maksim\u0101l\u0101 atbalsta likme l\u012bdz \u2013 90%.<\/li>\n<\/ul>\n<p>R\u012bc\u012bbas ietvaros paredz\u0113ts atbalst\u012bt partner\u012bbas teritorij\u0101 eso\u0161o publisko (valsts, re\u0123iona un viet\u0113j\u0101s noz\u012bmes) kult\u016bras un dabas mantojuma infrastrukt\u016bru (kas veicina vietas identit\u0101tes izcel\u0161anu, v\u0113rt\u012bgu, ainavisku objektu saglab\u0101\u0161anu, pakalpojumu nodro\u0161in\u0101\u0161anu). Sabiedriskas aktivit\u0101tes, kas v\u0113rstas uz kult\u016bru, reli\u0123iju, rekre\u0101ciju un t\u016brismu, nodro\u0161inot vienl\u012bdz\u012bgas iesp\u0113jas vis\u0101m m\u0113r\u0137a grup\u0101m. Noz\u012bm\u012bgs ir jau eso\u0161o izveidoto resursu lietder\u012bgas izmanto\u0161anas un p\u0113ctec\u012bguma princips to ilgtsp\u0113j\u012bgas darb\u012bbas nodro\u0161in\u0101\u0161ana.<\/p>\n<p>\u201cJaunie\u0161u iniciat\u012bvas\u201d paredz atbalstu jaunie\u0161u vienotu intere\u0161u grupu iniciat\u012bv\u0101m, kas v\u0113rstas uz partner\u012bbas teritorijas starpnovadu sadarb\u012bbas veido\u0161anu, lai nodro\u0161in\u0101tu iesp\u0113ju ieg\u016bt dz\u012bvei nepiecie\u0161am\u0101s prasmes, zin\u0101\u0161anas un kompetences neform\u0101l\u0101s izgl\u012bt\u012bbas ce\u013c\u0101, kas n\u0101kotn\u0113 veicin\u0101s lauku apdz\u012bvot\u012bbas izl\u012bdzsvaro\u0161anu, jaunu speci\u0101listu un cilv\u0113ku piesaisti. Jaunie\u0161u projekt\u0101 j\u0101iesaista vismaz desmit dal\u012bbnieki no partner\u012bbas lauku teritorijas, no kuriem vismaz 80% j\u0101b\u016bt vecum\u0101 no 13 l\u012bdz 25 gadiem.<\/p>\n<p>Atbalstu var sa\u0146emt pretendents saimniecisk\u0101s darb\u012bbas \u012bsteno\u0161anai, ja sak\u0101rto attiec\u012bgo teritoriju, vidi \u2013 uzbrauktuves, bezmaksas st\u0101vlaukumus, liftus, durvis, tualetes, du\u0161as telpas \u2013 pl\u0101nots piel\u0101got person\u0101m ar dzirdes, redzes vai kust\u012bbu trauc\u0113jumiem, rati\u0146kr\u0113slu un rati\u0146u lietot\u0101jiem (atbilsto\u0161i normat\u012bvo aktu nosac\u012bjumiem).<\/p>\n<p>Kontaktinform\u0101cija: L\u012bga K\u0101rkli\u0146a, t\u0101lr. 26137342, e-pasts: <a href=\"https:\/\/www.valmierasnovads.lv\/vidzemes-lauku-partneriba-brasla-izsludina-leader-projektu-konkursa-v-kartu-sabiedriska-labuma-projektiem-no-2026-gada-23-janvara-lidz-23-februarim\/javascript:;\" data-enc-email=\"yvtn[at]oenfyn.yi\" class=\"mail-link\" data-wpel-link=\"ignore\" rel=\"nofollow noopener\" target=\"_blank\"><\/a><br \/>Vair\u0101k inform\u0101cijas: www.brasla.lv<\/p>\n<p><img loading=\"lazy\" decoding=\"async\" width=\"1024\" height=\"348\" alt=\"\" class=\"wp-image-283943 lazyload\" src=\"https:\/\/www.europesays.com\/lv\/wp-content\/uploads\/2025\/12\/LOGO_canva_1-1024x348.jpg\"  data- data-eio-rwidth=\"1024\" data-eio-rheight=\"348\"\/><\/p>\n","protected":false},"excerpt":{"rendered":"23.12.2025 Projekti, Sabiedr\u012bba Projektu konkurss norit atbilsto\u0161i Vidzemes lauku partner\u012bbas \u201cBrasla\u201d SVVA strat\u0113\u0123ijai 2023.-2027. gadam un 2023. gada&hellip;\n","protected":false},"author":2,"featured_media":83811,"comment_status":"","ping_status":"","sticky":false,"template":"","format":"standard","meta":{"footnotes":""},"categories":[5],"tags":[23,28,29,32,33,22,30,31,35,39,38,36,37,34,40,20,26,27,24,25,21],"class_list":{"0":"post-83810","1":"post","2":"type-post","3":"status-publish","4":"format-standard","5":"has-post-thumbnail","7":"category-aktualitates","8":"tag-aktualitates","9":"tag-breaking-news","10":"tag-breakingnews","11":"tag-featured-news","12":"tag-featurednews","13":"tag-headlines","14":"tag-latest-news","15":"tag-latestnews","16":"tag-latvia","17":"tag-latvian","18":"tag-latviesu","19":"tag-latviesu-valoda","20":"tag-latviesuvaloda","21":"tag-latvija","22":"tag-lv","23":"tag-news","24":"tag-popularakas-zinas","25":"tag-popularakaszinas","26":"tag-top-stories","27":"tag-topstories","28":"tag-zinas"},"share_on_mastodon":{"url":"https:\/\/pubeurope.com\/@lv\/115767768865086016","error":""},"_links":{"self":[{"href":"https:\/\/www.europesays.com\/lv\/wp-json\/wp\/v2\/posts\/83810","targetHints":{"allow":["GET"]}}],"collection":[{"href":"https:\/\/www.europesays.com\/lv\/wp-json\/wp\/v2\/posts"}],"about":[{"href":"https:\/\/www.europesays.com\/lv\/wp-json\/wp\/v2\/types\/post"}],"author":[{"embeddable":true,"href":"https:\/\/www.europesays.com\/lv\/wp-json\/wp\/v2\/users\/2"}],"replies":[{"embeddable":true,"href":"https:\/\/www.europesays.com\/lv\/wp-json\/wp\/v2\/comments?post=83810"}],"version-history":[{"count":0,"href":"https:\/\/www.europesays.com\/lv\/wp-json\/wp\/v2\/posts\/83810\/revisions"}],"wp:featuredmedia":[{"embeddable":true,"href":"https:\/\/www.europesays.com\/lv\/wp-json\/wp\/v2\/media\/83811"}],"wp:attachment":[{"href":"https:\/\/www.europesays.com\/lv\/wp-json\/wp\/v2\/media?parent=83810"}],"wp:term":[{"taxonomy":"category","embeddable":true,"href":"https:\/\/www.europesays.com\/lv\/wp-json\/wp\/v2\/categories?post=83810"},{"taxonomy":"post_tag","embeddable":true,"href":"https:\/\/www.europesays.com\/lv\/wp-json\/wp\/v2\/tags?post=83810"}],"curies":[{"name":"wp","href":"https:\/\/api.w.org\/{rel}","templated":true}]}}