{"id":83841,"date":"2025-12-23T08:15:11","date_gmt":"2025-12-23T08:15:11","guid":{"rendered":"https:\/\/www.europesays.com\/lv\/83841\/"},"modified":"2025-12-23T08:15:11","modified_gmt":"2025-12-23T08:15:11","slug":"olga-rajecka-atklaj-savu-svetku-miera-ostu-un-planus-ziemassvetku-vakaram","status":"publish","type":"post","link":"https:\/\/www.europesays.com\/lv\/83841\/","title":{"rendered":"Olga Rajecka atkl\u0101j savu sv\u0113tku miera ostu un pl\u0101nus Ziemassv\u0113tku vakaram"},"content":{"rendered":"<p>M\u0101jokl\u012b \u012bpa\u0161u noska\u0146u rada ne tikai sv\u0113tku dekor\u0101cijas, bet ar\u012b senas, r\u016bp\u012bgi restaur\u0113tas m\u0113beles. Dzied\u0101t\u0101ja atz\u012bst, ka vi\u0146ai pat\u012bk \u0161\u012b vide, kas citiem varb\u016bt \u0161\u0137istu ban\u0101la, bet vi\u0146ai sniedz prieku. Katrai lietai \u0161eit ir sava v\u0113sture, un interjeru papildina ziedi, kas Olgas m\u0101j\u0101s ir atrodami visu gadu.<\/p>\n<p>Ener\u0123ijas atg\u016b\u0161ana ir svar\u012bga pirms jaun\u0101 gada izaicin\u0101jumiem, t\u0101p\u0113c sv\u0113tku pl\u0101ns ir skaidrs. Dzied\u0101t\u0101ja atkl\u0101jusi, ka Ziemassv\u0113tku vakar\u0101 dosies uz Lielv\u0101rdi, lai svin\u0113tu sv\u0113tkus pla\u0161\u0101 radu lok\u0101, t\u0101d\u0113j\u0101di g\u016bstot sp\u0113ku n\u0101kamajiem koncertiem un darbiem.<\/p>\n<p>Vair\u0101k lasi \u017eurn\u0101la &#8220;Priv\u0101t\u0101 Dz\u012bve&#8221; 23. decembra numur\u0101!<\/p>\n","protected":false},"excerpt":{"rendered":"M\u0101jokl\u012b \u012bpa\u0161u noska\u0146u rada ne tikai sv\u0113tku dekor\u0101cijas, bet ar\u012b senas, r\u016bp\u012bgi restaur\u0113tas m\u0113beles. Dzied\u0101t\u0101ja atz\u012bst, ka vi\u0146ai&hellip;\n","protected":false},"author":2,"featured_media":71675,"comment_status":"","ping_status":"","sticky":false,"template":"","format":"standard","meta":{"footnotes":""},"categories":[19],"tags":[89,90,35,39,38,36,37,34,1429,40,11585],"class_list":{"0":"post-83841","1":"post","2":"type-post","3":"status-publish","4":"format-standard","5":"has-post-thumbnail","7":"category-izklaide","8":"tag-entertainment","9":"tag-izklaide","10":"tag-latvia","11":"tag-latvian","12":"tag-latviesu","13":"tag-latviesu-valoda","14":"tag-latviesuvaloda","15":"tag-latvija","16":"tag-latvijas-zurnali","17":"tag-lv","18":"tag-olga-rajecka"},"share_on_mastodon":{"url":"https:\/\/pubeurope.com\/@lv\/115767890674303662","error":""},"_links":{"self":[{"href":"https:\/\/www.europesays.com\/lv\/wp-json\/wp\/v2\/posts\/83841","targetHints":{"allow":["GET"]}}],"collection":[{"href":"https:\/\/www.europesays.com\/lv\/wp-json\/wp\/v2\/posts"}],"about":[{"href":"https:\/\/www.europesays.com\/lv\/wp-json\/wp\/v2\/types\/post"}],"author":[{"embeddable":true,"href":"https:\/\/www.europesays.com\/lv\/wp-json\/wp\/v2\/users\/2"}],"replies":[{"embeddable":true,"href":"https:\/\/www.europesays.com\/lv\/wp-json\/wp\/v2\/comments?post=83841"}],"version-history":[{"count":0,"href":"https:\/\/www.europesays.com\/lv\/wp-json\/wp\/v2\/posts\/83841\/revisions"}],"wp:featuredmedia":[{"embeddable":true,"href":"https:\/\/www.europesays.com\/lv\/wp-json\/wp\/v2\/media\/71675"}],"wp:attachment":[{"href":"https:\/\/www.europesays.com\/lv\/wp-json\/wp\/v2\/media?parent=83841"}],"wp:term":[{"taxonomy":"category","embeddable":true,"href":"https:\/\/www.europesays.com\/lv\/wp-json\/wp\/v2\/categories?post=83841"},{"taxonomy":"post_tag","embeddable":true,"href":"https:\/\/www.europesays.com\/lv\/wp-json\/wp\/v2\/tags?post=83841"}],"curies":[{"name":"wp","href":"https:\/\/api.w.org\/{rel}","templated":true}]}}