{"id":83863,"date":"2025-12-23T08:31:09","date_gmt":"2025-12-23T08:31:09","guid":{"rendered":"https:\/\/www.europesays.com\/lv\/83863\/"},"modified":"2025-12-23T08:31:09","modified_gmt":"2025-12-23T08:31:09","slug":"par-pirotehnikas-tirdzniecibu-soditi-vairaki-cilveki","status":"publish","type":"post","link":"https:\/\/www.europesays.com\/lv\/83863\/","title":{"rendered":"Par pirotehnikas tirdzniec\u012bbu sod\u012bti vair\u0101ki cilv\u0113ki"},"content":{"rendered":"<p>Likumsargi sa\u0146\u0113ma inform\u0101ciju par diviem gad\u012bjumiem, kad sazi\u0146as vietn\u0113 &#8220;Telegram&#8221; personas bija izvietoju\u0161as sludin\u0101jumus, ka Daugavpil\u012b iesp\u0113jams ieg\u0101d\u0101ties pirotehniku.<\/p>\n<p>Vien\u0101 gad\u012bjum\u0101 likumsargi 15. decembr\u012b konstat\u0113ja, ka 2007. gad\u0101 dzimu\u0161ajam jaunietim, kur\u0161 bija public\u0113jis p\u0101rdo\u0161anas sludin\u0101jumu, nav speci\u0101l\u0101s at\u013caujas, lai p\u0101rdotu pirotehniku, kas atbilst F2, F3 vai F4 kategorijas ugu\u0146o\u0161anas ier\u012bc\u0113m. Likumsargi kopum\u0101 iz\u0146\u0113ma 460 petardes. V\u012brietim ir piem\u0113rots 280 eiro naudas sods.<\/p>\n<p>Saist\u012bb\u0101 ar otru sludin\u0101jumu 11. decembr\u012b pie 2008. gad\u0101 dzimu\u0161\u0101 nepilngad\u012bg\u0101 likumsargi ar\u012b konstat\u0113ja vair\u0101kas petardes, kuras vi\u0146\u0161 tirgoja bez speci\u0101l\u0101s at\u013caujas. Jaunietim ir piem\u0113rots 140 eiro naudas sods.<\/p>\n<p>T\u0101pat 15. decembr\u012b likumsargi sa\u0146\u0113ma inform\u0101ciju, ka sazi\u0146as vietn\u0113 &#8220;WhatsApp&#8221; k\u0101d\u0101 grup\u0101 1996. gad\u0101 dzimusi sieviete bija izvietojusi sludin\u0101jumu par pirotehnikas tirdzniec\u012bbu. Likumsargi konstat\u0113ja, ka vi\u0146ai ar\u012b nav at\u013caujas pirotehnikas izstr\u0101d\u0101jumu p\u0101rdo\u0161anai. Sievietei piem\u0113rots 280 eiro naudas sods.<\/p>\n<p>Bet 18. decembr\u012b R\u0113zekn\u0113 konstat\u0113ja v\u0113l vienu gad\u012bjumu, kad 1998. gad\u0101 dzimis v\u012brietis, kuram ar\u012b nav speci\u0101l\u0101s at\u013caujas, p\u0101rdeva pirotehniku. Likumsargi iz\u0146\u0113ma vair\u0101kus pirotehnikas izstr\u0101d\u0101jumus un saist\u012bb\u0101 ar p\u0101rk\u0101pumu VP s\u0101kts administrat\u012bv\u0101 p\u0101rk\u0101puma process.<\/p>\n","protected":false},"excerpt":{"rendered":"Likumsargi sa\u0146\u0113ma inform\u0101ciju par diviem gad\u012bjumiem, kad sazi\u0146as vietn\u0113 &#8220;Telegram&#8221; personas bija izvietoju\u0161as sludin\u0101jumus, ka Daugavpil\u012b iesp\u0113jams ieg\u0101d\u0101ties&hellip;\n","protected":false},"author":2,"featured_media":83864,"comment_status":"","ping_status":"","sticky":false,"template":"","format":"standard","meta":{"footnotes":""},"categories":[12],"tags":[23,28,29,32,33,22,30,31,35,39,38,36,37,34,40,20,19673,163,26,27,24,25,21],"class_list":{"0":"post-83863","1":"post","2":"type-post","3":"status-publish","4":"format-standard","5":"has-post-thumbnail","7":"category-latvija","8":"tag-aktualitates","9":"tag-breaking-news","10":"tag-breakingnews","11":"tag-featured-news","12":"tag-featurednews","13":"tag-headlines","14":"tag-latest-news","15":"tag-latestnews","16":"tag-latvia","17":"tag-latvian","18":"tag-latviesu","19":"tag-latviesu-valoda","20":"tag-latviesuvaloda","21":"tag-latvija","22":"tag-lv","23":"tag-news","24":"tag-pirotehnika","25":"tag-policija","26":"tag-popularakas-zinas","27":"tag-popularakaszinas","28":"tag-top-stories","29":"tag-topstories","30":"tag-zinas"},"share_on_mastodon":{"url":"https:\/\/pubeurope.com\/@lv\/115767953920873121","error":""},"_links":{"self":[{"href":"https:\/\/www.europesays.com\/lv\/wp-json\/wp\/v2\/posts\/83863","targetHints":{"allow":["GET"]}}],"collection":[{"href":"https:\/\/www.europesays.com\/lv\/wp-json\/wp\/v2\/posts"}],"about":[{"href":"https:\/\/www.europesays.com\/lv\/wp-json\/wp\/v2\/types\/post"}],"author":[{"embeddable":true,"href":"https:\/\/www.europesays.com\/lv\/wp-json\/wp\/v2\/users\/2"}],"replies":[{"embeddable":true,"href":"https:\/\/www.europesays.com\/lv\/wp-json\/wp\/v2\/comments?post=83863"}],"version-history":[{"count":0,"href":"https:\/\/www.europesays.com\/lv\/wp-json\/wp\/v2\/posts\/83863\/revisions"}],"wp:featuredmedia":[{"embeddable":true,"href":"https:\/\/www.europesays.com\/lv\/wp-json\/wp\/v2\/media\/83864"}],"wp:attachment":[{"href":"https:\/\/www.europesays.com\/lv\/wp-json\/wp\/v2\/media?parent=83863"}],"wp:term":[{"taxonomy":"category","embeddable":true,"href":"https:\/\/www.europesays.com\/lv\/wp-json\/wp\/v2\/categories?post=83863"},{"taxonomy":"post_tag","embeddable":true,"href":"https:\/\/www.europesays.com\/lv\/wp-json\/wp\/v2\/tags?post=83863"}],"curies":[{"name":"wp","href":"https:\/\/api.w.org\/{rel}","templated":true}]}}