{"id":8387,"date":"2025-09-30T04:22:07","date_gmt":"2025-09-30T04:22:07","guid":{"rendered":"https:\/\/www.europesays.com\/lv\/8387\/"},"modified":"2025-09-30T04:22:07","modified_gmt":"2025-09-30T04:22:07","slug":"otrdienas-rita-debesis-klas-makoni-tvnet-laika-zinas","status":"publish","type":"post","link":"https:\/\/www.europesays.com\/lv\/8387\/","title":{"rendered":"Otrdienas r\u012bt\u0101 debesis kl\u0101s m\u0101ko\u0146i &#8211; TVNET &#8211; Laika zi\u0146as"},"content":{"rendered":"<ol>\n<li><a href=\"https:\/\/news.google.com\/rss\/articles\/CBMidkFVX3lxTE5xYm9LTm9NTGh3R1RzcmdLWTZzSU5qeW1mM1BCZUdrVDdRMEVrRDdYbWZ4ZVkxTTVFVGRKZncyaWJUU0tmb3ZycGt1cHhOWE1IcU1kZDR5bnJJV0hXVks3ZXE2cE5lTTNFa3BuMTBCRGtWRHpXemc?oc=5\" target=\"_blank\" rel=\"nofollow noopener\">Otrdienas r\u012bt\u0101 debesis kl\u0101s m\u0101ko\u0146i<\/a>&nbsp;&nbsp;TVNET &#8211; Laika zi\u0146as<\/li>\n<li><a href=\"https:\/\/news.google.com\/rss\/articles\/CBMisgFBVV95cUxOMzR4T2J6bk5Ld3FzYk5MSTlfemx1SmtyZGsxZllrd0pOQTJab3g0LTlIbXJoSWRlWjZUOEhWZEFrYmFvWUZ6ZEx3d2MzdjhaYnF1OGozTnVTcjdlc19pcFFKcVNhS051djA4dk5WbFZfQTVwczZNMDE1SWI4dTJjMVVKX2Y2SzNySF9uR1VyQ2k3XzdQSEJzc2VTZDhlTW9LMUlqMGR6S0haS0Z1bEJMTWR3?oc=5\" target=\"_blank\" rel=\"nofollow noopener\">Otrdien laiks Latvij\u0101 saglab\u0101sies saulains \/ Raksts<\/a>&nbsp;&nbsp;LSM<\/li>\n<li><a href=\"https:\/\/news.google.com\/rss\/articles\/CBMigwFBVV95cUxQRV9DSld6UDlKZy03RU1ad0w2XzNlWTR4S1FMZERBQll3N3pnTWQ4bGhsVTdyYWkwQ0NkVk9LYXowOG95Ymw0MGhLR0hRMTZnTnVKYWtRVzBkd0hmT1NaRnBvYVYzZk5YVDg0OWVMeWRKSGN2VlRlSnVUV2htNzBib3hVNA?oc=5\" target=\"_blank\" rel=\"nofollow noopener\">Vai aukstums kniebs degun\u0101 ar\u012b r\u012bt? Laika prognoze otrdienai<\/a>&nbsp;&nbsp;LA.LV<\/li>\n<li><a href=\"https:\/\/news.google.com\/rss\/articles\/CBMiwgFBVV95cUxOTTk2c182LWFlMi0zd3VfbTRqdVpOVDhIcDg1ckFWby1feHFoTlg1T0hKR2FxU2FjV1J5VHE4ZVB6VkpNdjJzX3pKV0tPRFpub3VBVk1ZX2xDVWY2ZXF4WGRHemZPNk5xV2FtNVo2SXloaFRWQTdZM19JOHVmbmlzelR6cC1IbTd0U2I2UzRrMzhseGFfdFdVbUliY3dzeHlaN2o5cF82cDNiQkVBMmo5aGtCaG1RbEJGWEFnQ3FWSGRVUQ?oc=5\" target=\"_blank\" rel=\"nofollow noopener\">Tas s\u0101ksies 29. septembr\u012b jau no r\u012bta un ilgs piecas dienas: sinopti\u0137i teica, kam sagatavoties<\/a>&nbsp;&nbsp;Dzentlmenis.lv<\/li>\n<li><a href=\"https:\/\/news.google.com\/rss\/articles\/CBMijwFBVV95cUxONF9BOHB0dTlFNGZPZjRIdFJWMVJhZFFFdjR0em1oMENvWVgxRjM4TTA3M0hQNzdvbjRZbWFxZjJvelNheHU5TG1fb3EtQTJyeDE3THo2YmFGVVRPWmZBa0dFZjVleEg4ZEV1WUFQMVhzam4wcm5neDFHR2NrZEliaER3ajJhZEE1U0owbGR5SQ?oc=5\" target=\"_blank\" rel=\"nofollow noopener\">Otrdien b\u016bs main\u012bgs m\u0101ko\u0146u daudzums<\/a>&nbsp;&nbsp;Diena<\/li>\n<\/ol>\n","protected":false},"excerpt":{"rendered":"Otrdienas r\u012bt\u0101 debesis kl\u0101s m\u0101ko\u0146i&nbsp;&nbsp;TVNET &#8211; Laika zi\u0146as Otrdien laiks Latvij\u0101 saglab\u0101sies saulains \/ Raksts&nbsp;&nbsp;LSM Vai aukstums kniebs&hellip;\n","protected":false},"author":2,"featured_media":8388,"comment_status":"","ping_status":"","sticky":false,"template":"","format":"standard","meta":{"footnotes":""},"categories":[5],"tags":[23,28,29,32,33,22,396,397,30,31,35,39,38,36,37,34,40,20,26,27,24,25,21],"class_list":{"0":"post-8387","1":"post","2":"type-post","3":"status-publish","4":"format-standard","5":"has-post-thumbnail","7":"category-aktualitates","8":"tag-aktualitates","9":"tag-breaking-news","10":"tag-breakingnews","11":"tag-featured-news","12":"tag-featurednews","13":"tag-headlines","14":"tag-laika-zinas","15":"tag-laikapstakli","16":"tag-latest-news","17":"tag-latestnews","18":"tag-latvia","19":"tag-latvian","20":"tag-latviesu","21":"tag-latviesu-valoda","22":"tag-latviesuvaloda","23":"tag-latvija","24":"tag-lv","25":"tag-news","26":"tag-popularakas-zinas","27":"tag-popularakaszinas","28":"tag-top-stories","29":"tag-topstories","30":"tag-zinas"},"share_on_mastodon":{"url":"","error":""},"_links":{"self":[{"href":"https:\/\/www.europesays.com\/lv\/wp-json\/wp\/v2\/posts\/8387","targetHints":{"allow":["GET"]}}],"collection":[{"href":"https:\/\/www.europesays.com\/lv\/wp-json\/wp\/v2\/posts"}],"about":[{"href":"https:\/\/www.europesays.com\/lv\/wp-json\/wp\/v2\/types\/post"}],"author":[{"embeddable":true,"href":"https:\/\/www.europesays.com\/lv\/wp-json\/wp\/v2\/users\/2"}],"replies":[{"embeddable":true,"href":"https:\/\/www.europesays.com\/lv\/wp-json\/wp\/v2\/comments?post=8387"}],"version-history":[{"count":0,"href":"https:\/\/www.europesays.com\/lv\/wp-json\/wp\/v2\/posts\/8387\/revisions"}],"wp:featuredmedia":[{"embeddable":true,"href":"https:\/\/www.europesays.com\/lv\/wp-json\/wp\/v2\/media\/8388"}],"wp:attachment":[{"href":"https:\/\/www.europesays.com\/lv\/wp-json\/wp\/v2\/media?parent=8387"}],"wp:term":[{"taxonomy":"category","embeddable":true,"href":"https:\/\/www.europesays.com\/lv\/wp-json\/wp\/v2\/categories?post=8387"},{"taxonomy":"post_tag","embeddable":true,"href":"https:\/\/www.europesays.com\/lv\/wp-json\/wp\/v2\/tags?post=8387"}],"curies":[{"name":"wp","href":"https:\/\/api.w.org\/{rel}","templated":true}]}}