{"id":83874,"date":"2025-12-23T08:38:08","date_gmt":"2025-12-23T08:38:08","guid":{"rendered":"https:\/\/www.europesays.com\/lv\/83874\/"},"modified":"2025-12-23T08:38:08","modified_gmt":"2025-12-23T08:38:08","slug":"darba-inspekcija-plano-vertet-virsstundu-darbu-rigas-satiksme","status":"publish","type":"post","link":"https:\/\/www.europesays.com\/lv\/83874\/","title":{"rendered":"Darba inspekcija pl\u0101no v\u0113rt\u0113t virsstundu darbu &#8220;R\u012bgas satiksm\u0113&#8221;"},"content":{"rendered":"<p>K\u0101 v\u0113st\u012bja TV3 raid\u012bjums &#8220;Nek\u0101 person\u012bga&#8221;, biju\u0161ais &#8220;R\u012bgas satiksmes&#8221; \u0161oferis zi\u0146ojis par nelikum\u012bb\u0101m transporta vad\u012bt\u0101ju virsstund\u0101s. Biju\u0161ais \u0161oferis trauksmes c\u0113l\u0101ja zi\u0146ojum\u0101 nor\u0101d\u012bjis, ka \u0161oferi p\u0101rstr\u0101d\u0101 likum\u0101 noteikto virsstundu skaitu, bet kapit\u0101lsabiedr\u012bba liek str\u0101d\u0101t vair\u0101k, aizbildinoties, ka tr\u016bkstot \u0161oferu un bez virsstund\u0101m sabiedrisk\u0101 transporta pakalpojumus eso\u0161aj\u0101 apjom\u0101 nevar nodro\u0161in\u0101t.<\/p>\n","protected":false},"excerpt":{"rendered":"K\u0101 v\u0113st\u012bja TV3 raid\u012bjums &#8220;Nek\u0101 person\u012bga&#8221;, biju\u0161ais &#8220;R\u012bgas satiksmes&#8221; \u0161oferis zi\u0146ojis par nelikum\u012bb\u0101m transporta vad\u012bt\u0101ju virsstund\u0101s. Biju\u0161ais \u0161oferis&hellip;\n","protected":false},"author":2,"featured_media":83875,"comment_status":"","ping_status":"","sticky":false,"template":"","format":"standard","meta":{"footnotes":""},"categories":[5],"tags":[23,28,29,32,33,22,30,31,35,39,38,36,37,34,40,20,26,27,24,25,21],"class_list":{"0":"post-83874","1":"post","2":"type-post","3":"status-publish","4":"format-standard","5":"has-post-thumbnail","7":"category-aktualitates","8":"tag-aktualitates","9":"tag-breaking-news","10":"tag-breakingnews","11":"tag-featured-news","12":"tag-featurednews","13":"tag-headlines","14":"tag-latest-news","15":"tag-latestnews","16":"tag-latvia","17":"tag-latvian","18":"tag-latviesu","19":"tag-latviesu-valoda","20":"tag-latviesuvaloda","21":"tag-latvija","22":"tag-lv","23":"tag-news","24":"tag-popularakas-zinas","25":"tag-popularakaszinas","26":"tag-top-stories","27":"tag-topstories","28":"tag-zinas"},"share_on_mastodon":{"url":"https:\/\/pubeurope.com\/@lv\/115767981131476695","error":""},"_links":{"self":[{"href":"https:\/\/www.europesays.com\/lv\/wp-json\/wp\/v2\/posts\/83874","targetHints":{"allow":["GET"]}}],"collection":[{"href":"https:\/\/www.europesays.com\/lv\/wp-json\/wp\/v2\/posts"}],"about":[{"href":"https:\/\/www.europesays.com\/lv\/wp-json\/wp\/v2\/types\/post"}],"author":[{"embeddable":true,"href":"https:\/\/www.europesays.com\/lv\/wp-json\/wp\/v2\/users\/2"}],"replies":[{"embeddable":true,"href":"https:\/\/www.europesays.com\/lv\/wp-json\/wp\/v2\/comments?post=83874"}],"version-history":[{"count":0,"href":"https:\/\/www.europesays.com\/lv\/wp-json\/wp\/v2\/posts\/83874\/revisions"}],"wp:featuredmedia":[{"embeddable":true,"href":"https:\/\/www.europesays.com\/lv\/wp-json\/wp\/v2\/media\/83875"}],"wp:attachment":[{"href":"https:\/\/www.europesays.com\/lv\/wp-json\/wp\/v2\/media?parent=83874"}],"wp:term":[{"taxonomy":"category","embeddable":true,"href":"https:\/\/www.europesays.com\/lv\/wp-json\/wp\/v2\/categories?post=83874"},{"taxonomy":"post_tag","embeddable":true,"href":"https:\/\/www.europesays.com\/lv\/wp-json\/wp\/v2\/tags?post=83874"}],"curies":[{"name":"wp","href":"https:\/\/api.w.org\/{rel}","templated":true}]}}