{"id":83880,"date":"2025-12-23T08:43:09","date_gmt":"2025-12-23T08:43:09","guid":{"rendered":"https:\/\/www.europesays.com\/lv\/83880\/"},"modified":"2025-12-23T08:43:09","modified_gmt":"2025-12-23T08:43:09","slug":"kukulecka-dejotaji-tikas-ar-polijas-republikas-prezidentu","status":"publish","type":"post","link":"https:\/\/www.europesays.com\/lv\/83880\/","title":{"rendered":"\u201eKukule\u010dka\u201d dejot\u0101ji tik\u0101s ar Polijas Republikas prezidentu"},"content":{"rendered":"<p class=\"western\" lang=\"lv-LV\">2025. gada 11. decembr\u012b Itas Kozak\u0113vi\u010das R\u012bgas Po\u013cu vidusskol\u0101 (R\u012bg\u0101) viesoj\u0101s Polijas Republikas prezidents Karols Navrockis, lai tiktos ar Latvijas po\u013cu kopienas p\u0101rst\u0101vjiem, skol\u0113niem un skolot\u0101jiem, k\u0101 ar\u012b pasniegtu valsts apbalvojumus par ieguld\u012bjumu po\u013cu izgl\u012bt\u012bbas att\u012bst\u012bb\u0101 Latvij\u0101.<\/p>\n<p class=\"western\" align=\"justify\">Svin\u012bgaj\u0101 pas\u0101kum\u0101 piedal\u012bj\u0101s ar\u012b Vien\u012bbas nama Po\u013cu kult\u016bras centra tautas deju kolekt\u012bvs \u201eKukule\u010dka\u201d. Savos kr\u0101\u0161\u0146ajos tautas t\u0113rpos, p\u0101rst\u0101vot Daugavpils po\u013cu kopienu, jaunie m\u0101kslinieki ar lepnumu un prieku sav\u0101 programm\u0101 prezent\u0113ja savu sen\u010du trad\u012bciju elementus, kuri ir k\u0101 dz\u012bvs po\u013cu kult\u016bras skaistuma apliecin\u0101jums. \u201eKukule\u010dka\u201d dal\u012bbnieki atz\u012bst, ka iesp\u0113ja uzst\u0101ties Polijas Republikas prezidentam bija ne tikai liels gods, bet ar\u012b simbolisks apliecin\u0101jums tam, ka vi\u0146u ikdienas darbs \u2014 m\u0113\u0123in\u0101jumi, koncerti, trad\u012bciju kop\u0161ana \u2014 ir noz\u012bm\u012bgs un skan t\u0101lu aiz Daugavpils robe\u017e\u0101m.<\/p>\n<p class=\"western\" align=\"justify\">Daugavpils po\u013cu kopienas p\u0101rst\u0101vji nor\u0101d\u012bja:\u00a0\u201eTik\u0161an\u0101s R\u012bg\u0101 par\u0101d\u012bja, ka po\u013cu kult\u016bra, kas tiek kopta ar m\u012blest\u012bbu un atdevi, paliek dz\u012bva un iedvesmojo\u0161a. Savuk\u0101rt \u201eKukule\u010dkas\u201d uzst\u0101\u0161an\u0101s bija ne tikai m\u0101kslinieciska pas\u0101kuma rota, bet ar\u012b jaun\u0101s paaudzes balss, kas ar lepnumu nes pasaul\u0113 savu sen\u010du mantojumu, un atg\u0101din\u0101jums, ka po\u013cu trad\u012bcijas vieno tautie\u0161u sirdis neatkar\u012bgi no dz\u012bvesvietas.\u201d<\/p>\n<p class=\"western\" lang=\"lv-LV\">\u00a0<\/p>\n","protected":false},"excerpt":{"rendered":"2025. gada 11. decembr\u012b Itas Kozak\u0113vi\u010das R\u012bgas Po\u013cu vidusskol\u0101 (R\u012bg\u0101) viesoj\u0101s Polijas Republikas prezidents Karols Navrockis, lai tiktos&hellip;\n","protected":false},"author":2,"featured_media":83881,"comment_status":"","ping_status":"","sticky":false,"template":"","format":"standard","meta":{"footnotes":""},"categories":[12],"tags":[23,28,29,32,33,22,30,31,35,39,38,36,37,34,40,20,26,27,24,25,21],"class_list":{"0":"post-83880","1":"post","2":"type-post","3":"status-publish","4":"format-standard","5":"has-post-thumbnail","7":"category-latvija","8":"tag-aktualitates","9":"tag-breaking-news","10":"tag-breakingnews","11":"tag-featured-news","12":"tag-featurednews","13":"tag-headlines","14":"tag-latest-news","15":"tag-latestnews","16":"tag-latvia","17":"tag-latvian","18":"tag-latviesu","19":"tag-latviesu-valoda","20":"tag-latviesuvaloda","21":"tag-latvija","22":"tag-lv","23":"tag-news","24":"tag-popularakas-zinas","25":"tag-popularakaszinas","26":"tag-top-stories","27":"tag-topstories","28":"tag-zinas"},"share_on_mastodon":{"url":"https:\/\/pubeurope.com\/@lv\/115768000799163447","error":""},"_links":{"self":[{"href":"https:\/\/www.europesays.com\/lv\/wp-json\/wp\/v2\/posts\/83880","targetHints":{"allow":["GET"]}}],"collection":[{"href":"https:\/\/www.europesays.com\/lv\/wp-json\/wp\/v2\/posts"}],"about":[{"href":"https:\/\/www.europesays.com\/lv\/wp-json\/wp\/v2\/types\/post"}],"author":[{"embeddable":true,"href":"https:\/\/www.europesays.com\/lv\/wp-json\/wp\/v2\/users\/2"}],"replies":[{"embeddable":true,"href":"https:\/\/www.europesays.com\/lv\/wp-json\/wp\/v2\/comments?post=83880"}],"version-history":[{"count":0,"href":"https:\/\/www.europesays.com\/lv\/wp-json\/wp\/v2\/posts\/83880\/revisions"}],"wp:featuredmedia":[{"embeddable":true,"href":"https:\/\/www.europesays.com\/lv\/wp-json\/wp\/v2\/media\/83881"}],"wp:attachment":[{"href":"https:\/\/www.europesays.com\/lv\/wp-json\/wp\/v2\/media?parent=83880"}],"wp:term":[{"taxonomy":"category","embeddable":true,"href":"https:\/\/www.europesays.com\/lv\/wp-json\/wp\/v2\/categories?post=83880"},{"taxonomy":"post_tag","embeddable":true,"href":"https:\/\/www.europesays.com\/lv\/wp-json\/wp\/v2\/tags?post=83880"}],"curies":[{"name":"wp","href":"https:\/\/api.w.org\/{rel}","templated":true}]}}