{"id":83885,"date":"2025-12-23T08:49:10","date_gmt":"2025-12-23T08:49:10","guid":{"rendered":"https:\/\/www.europesays.com\/lv\/83885\/"},"modified":"2025-12-23T08:49:10","modified_gmt":"2025-12-23T08:49:10","slug":"sabiedribas-integracijas-fonda-padome-atbalsta-lidzeklu-sadales-principus-maf-programma","status":"publish","type":"post","link":"https:\/\/www.europesays.com\/lv\/83885\/","title":{"rendered":"Sabiedr\u012bbas integr\u0101cijas fonda padome atbalsta l\u012bdzek\u013cu sadales principus MAF programm\u0101"},"content":{"rendered":"<p>Garant\u0113tais finans\u0113jums katr\u0101 mediju pamatform\u0101ta kategorij\u0101 tiek pie\u0161\u0137irts no taj\u0101 konkurs\u0101 pieejam\u0101 finans\u0113juma, kur\u0101 projekta pieteikums ir iesniegts. P\u0113c garant\u0113t\u0101 finans\u0113juma pie\u0161\u0137ir\u0161anas, balstoties uz mediju pamatform\u0101tiem, atliku\u0161ais konkursu finans\u0113jums tiek sadal\u012bts starp projektu pieteic\u0113jiem neatkar\u012bgi no mediju pamatform\u0101ta.<\/p>\n<p>Minim\u0101lais garant\u0113tais finans\u0113jums audiovizu\u0101lajiem elektroniskajiem pla\u0161sazi\u0146as l\u012bdzek\u013ciem ir 350 000 eiro, audio elektroniskajiem pla\u0161sazi\u0146as l\u012bdzek\u013ciem &#8211; 250 000 eiro, preses izdevumiem &#8211; 265 000 eiro, interneta vietn\u0113m &#8211; 250 000 eiro. Kop\u0101 &#8211; 1 115 000 eiro.<\/p>\n<p>Atliku\u0161ais konkursa finans\u0113jums, kuru sadal\u012bs starp projektu pieteic\u0113jiem, neatkar\u012bgi no mediju platform\u0101m, ir 999 198 eiro. \u0160aj\u0101 k\u0101rt\u0101 katrs no medijiem var\u0113s pieteikties trijiem makro un trijiem mikro projektiem, bet izv\u0113l\u0113ti var\u0113s tikt ne vair\u0101k k\u0101 divi makro un divi mikro projekti. Par vienu makro projektu pie\u0161\u0137irs l\u012bdz 100 000 eiro, bet par mikro &#8211; l\u012bdz 50 000 eiro. T\u0101d\u0113j\u0101di vienam medijam pieejamais maksim\u0101lais finans\u0113jums b\u016btu 300 000 eiro.<\/p>\n<p>S\u0113d\u0113 izmai\u0146as atbalst\u012bja devi\u0146i no desmit <a href=\"https:\/\/www.tvnet.lv\/term\/592009\/sif\" class=\"topicLink\" target=\"_blank\" rel=\"nofollow noopener\">SIF<\/a> padomes locek\u013ciem, kuriem bija j\u0101balso.<\/p>\n<p>Jau zi\u0146ots, ka p\u0113d\u0113j\u0101 laik\u0101 asas domstarp\u012bbas izrais\u012bju\u0161as ieceres main\u012bt MAF naudas dal\u012b\u0161anas principus.<\/p>\n<p>Zi\u0146ots ar\u012b, ka SIF l\u012bdz \u0161im bija apstiprin\u0101jusi tr\u012bs no \u010detriem MAF konkursu nolikumus. S\u0113d\u0113 5. decembr\u012b tika apstiprin\u0101ts nolikums konkurs\u0101 &#8220;Atbalsts novadu zi\u0146u veido\u0161anai 2026. gad\u0101&#8221;. Savuk\u0101rt 19. decembr\u012b tika apstiprin\u0101ti nolikumi konkursiem &#8220;V\u0113l\u0113\u0161anu diskusijas elektronisko pla\u0161sazi\u0146as l\u012bdzek\u013cu telev\u012bzijas programm\u0101s&#8221; un &#8220;Re\u0123ion\u0101lo, viet\u0113jo, diasporas mediju un sadarb\u012bbas projektu atbalsta programma&#8221;.<\/p>\n","protected":false},"excerpt":{"rendered":"Garant\u0113tais finans\u0113jums katr\u0101 mediju pamatform\u0101ta kategorij\u0101 tiek pie\u0161\u0137irts no taj\u0101 konkurs\u0101 pieejam\u0101 finans\u0113juma, kur\u0101 projekta pieteikums ir iesniegts.&hellip;\n","protected":false},"author":2,"featured_media":83886,"comment_status":"","ping_status":"","sticky":false,"template":"","format":"standard","meta":{"footnotes":""},"categories":[12],"tags":[23,28,29,32,33,22,30,31,35,39,38,36,37,34,40,20,26,27,4393,24,25,21],"class_list":{"0":"post-83885","1":"post","2":"type-post","3":"status-publish","4":"format-standard","5":"has-post-thumbnail","7":"category-latvija","8":"tag-aktualitates","9":"tag-breaking-news","10":"tag-breakingnews","11":"tag-featured-news","12":"tag-featurednews","13":"tag-headlines","14":"tag-latest-news","15":"tag-latestnews","16":"tag-latvia","17":"tag-latvian","18":"tag-latviesu","19":"tag-latviesu-valoda","20":"tag-latviesuvaloda","21":"tag-latvija","22":"tag-lv","23":"tag-news","24":"tag-popularakas-zinas","25":"tag-popularakaszinas","26":"tag-sif","27":"tag-top-stories","28":"tag-topstories","29":"tag-zinas"},"share_on_mastodon":{"url":"https:\/\/pubeurope.com\/@lv\/115768024338410938","error":""},"_links":{"self":[{"href":"https:\/\/www.europesays.com\/lv\/wp-json\/wp\/v2\/posts\/83885","targetHints":{"allow":["GET"]}}],"collection":[{"href":"https:\/\/www.europesays.com\/lv\/wp-json\/wp\/v2\/posts"}],"about":[{"href":"https:\/\/www.europesays.com\/lv\/wp-json\/wp\/v2\/types\/post"}],"author":[{"embeddable":true,"href":"https:\/\/www.europesays.com\/lv\/wp-json\/wp\/v2\/users\/2"}],"replies":[{"embeddable":true,"href":"https:\/\/www.europesays.com\/lv\/wp-json\/wp\/v2\/comments?post=83885"}],"version-history":[{"count":0,"href":"https:\/\/www.europesays.com\/lv\/wp-json\/wp\/v2\/posts\/83885\/revisions"}],"wp:featuredmedia":[{"embeddable":true,"href":"https:\/\/www.europesays.com\/lv\/wp-json\/wp\/v2\/media\/83886"}],"wp:attachment":[{"href":"https:\/\/www.europesays.com\/lv\/wp-json\/wp\/v2\/media?parent=83885"}],"wp:term":[{"taxonomy":"category","embeddable":true,"href":"https:\/\/www.europesays.com\/lv\/wp-json\/wp\/v2\/categories?post=83885"},{"taxonomy":"post_tag","embeddable":true,"href":"https:\/\/www.europesays.com\/lv\/wp-json\/wp\/v2\/tags?post=83885"}],"curies":[{"name":"wp","href":"https:\/\/api.w.org\/{rel}","templated":true}]}}