{"id":83891,"date":"2025-12-23T08:55:12","date_gmt":"2025-12-23T08:55:12","guid":{"rendered":"https:\/\/www.europesays.com\/lv\/83891\/"},"modified":"2025-12-23T08:55:12","modified_gmt":"2025-12-23T08:55:12","slug":"daugavpili-aizvaditas-lugsanu-brokastis","status":"publish","type":"post","link":"https:\/\/www.europesays.com\/lv\/83891\/","title":{"rendered":"Daugavpil\u012b aizvad\u012btas l\u016bg\u0161anu brokastis"},"content":{"rendered":"<p>\t\t        \t<a href=\"https:\/\/www.daugavpils.lv\/assets\/upload\/news\/2025\/12\/lganu-brokastis-19222025-3_max.jpg\" rel=\"nofollow noopener\" target=\"_blank\"><img decoding=\"async\" src=\"https:\/\/www.europesays.com\/lv\/wp-content\/uploads\/2025\/12\/lganu-brokastis-19222025-3_sml.jpg\" class=\"news-image\" title=\"Daugavpil\u012b aizvad\u012btas l\u016bg\u0161anu brokastis\" alt=\"Daugavpil\u012b aizvad\u012btas l\u016bg\u0161anu brokastis\"\/><\/a><\/p>\n<p>Piektdien, 19. decembr\u012b, Rotko muzej\u0101 Daugavpil\u012b aizvad\u012btas \u201cL\u016bg\u0161anu brokastis\u201d. Labdar\u012bbas pas\u0101kums vienoja gar\u012bdzniekus, pa\u0161vald\u012bbas p\u0101rst\u0101vjus un uz\u0146\u0113m\u0113jus kop\u012bgam m\u0113r\u0137im \u2013 atbalsta snieg\u0161anai b\u0113rniem ar autisk\u0101 spektra trauc\u0113jumiem.<\/p>\n<p>&#13;<\/p>\n<p>\u0160\u012b gada l\u016bg\u0161anu brokastis organiz\u0113ja biedr\u012bba \u201cUztic\u012bbas fonds\u201d. Galvenais labdar\u012bbas m\u0113r\u0137is bija sensor\u0101s istabas izveide Latgales b\u0113rnu ar autismu soci\u0101l\u0101s rehabilit\u0101cijas un att\u012bst\u012bbas centr\u0101 \u201cVALENSIA\u201d. Pas\u0101kuma laik\u0101 sav\u0101ktie ziedojumi tiks novirz\u012bti speci\u0101li apr\u012bkotas, dro\u0161as un terapeitiskas vides rad\u012b\u0161anai, kas ir b\u016btisks priek\u0161nosac\u012bjums b\u0113rnu sekm\u012bgai rehabilit\u0101cijai un att\u012bst\u012bbai.<\/p>\n<p>&#13;<\/p>\n<p>Pas\u0101kuma laik\u0101 kl\u0101teso\u0161os uzrun\u0101ja da\u017e\u0101du krist\u012bgo konfesiju gar\u012bdznieki, daloties gar\u012bg\u0101s p\u0101rdom\u0101s un aizl\u016bdzot par Daugavpils pils\u0113tu, t\u0101s \u0123imen\u0113m un b\u0113rnu labkl\u0101j\u012bbu. Svin\u012bgo un sirsn\u012bgo gaisotni papildin\u0101ja muzik\u0101l\u0101 programma, kur\u0101 k\u0101 \u012bpa\u0161\u0101 vie\u0161\u0146a uzst\u0101j\u0101s dzied\u0101t\u0101ja Kata\u017eina Dudareva.<\/p>\n<p>&#13;<\/p>\n<p>L\u016bg\u0161anu brokastis starptautiska iniciat\u012bva, kas aizs\u0101k\u0101s 1952. gad\u0101 Amerikas Savienotaj\u0101s Valst\u012bs, kad valsts un sabiedriskie l\u012bderi saprata, ka labkl\u0101j\u012bba vien nesp\u0113s risin\u0101t daudzos izaicin\u0101jumus sabiedr\u012bb\u0101. L\u012bdz\u012bgi pas\u0101kumi katru gadu notiek vair\u0101k nek\u0101 40 valst\u012bs, to skait\u0101 ar\u012b Latvij\u0101. Katru gadu arvien jaunas valstis uzs\u0101k \u0161o trad\u012bciju, uzaicinot valsts un pa\u0161vald\u012bbu l\u012bderus, uz\u0146\u0113m\u0113jus un sabiedriskos akt\u012bvistus kop\u012bgai sadraudz\u012bbai, iedro\u0161in\u0101jumam un Dieva mekl\u0113jumiem l\u016bg\u0161an\u0101.<\/p>\n<p>&#13;<\/p>\n<p>Latvij\u0101 L\u016bg\u0161anu brokastu trad\u012bcija tika aizs\u0101kta 2005. gad\u0101\u00a0p\u0113c Latvijas Eva\u0146\u0123\u0113liski Luterisk\u0101s bazn\u012bcas arhib\u012bskapa iniciat\u012bvas.\u00a0L\u016bg\u0161anu brokast\u012bm k\u013c\u016bstot pla\u0161\u0101k\u0101m, iesaist\u012bj\u0101s Latvijas liel\u0101k\u0101s krist\u012bg\u0101s konfesijas, organiz\u0101cijas, k\u0101 ar\u012b parlamenta p\u0101rst\u0101vji.<\/p>\n<p>&#13;<\/p>\n<p>\u00a0<\/p>\n<p>&#13;<\/p>\n<p>Inform\u0101ciju sagatavoja<\/p>\n<p>&#13;<\/p>\n<p>Daugavpils valstspils\u0113tas pa\u0161vald\u012bbas<\/p>\n<p>&#13;<\/p>\n<p>Sabiedrisko attiec\u012bbu noda\u013ca<\/p>\n","protected":false},"excerpt":{"rendered":"Piektdien, 19. decembr\u012b, Rotko muzej\u0101 Daugavpil\u012b aizvad\u012btas \u201cL\u016bg\u0161anu brokastis\u201d. Labdar\u012bbas pas\u0101kums vienoja gar\u012bdzniekus, pa\u0161vald\u012bbas p\u0101rst\u0101vjus un uz\u0146\u0113m\u0113jus kop\u012bgam&hellip;\n","protected":false},"author":2,"featured_media":83892,"comment_status":"","ping_status":"","sticky":false,"template":"","format":"standard","meta":{"footnotes":""},"categories":[12],"tags":[23,28,29,32,33,22,30,31,35,39,38,36,37,34,40,20,26,27,24,25,21],"class_list":{"0":"post-83891","1":"post","2":"type-post","3":"status-publish","4":"format-standard","5":"has-post-thumbnail","7":"category-latvija","8":"tag-aktualitates","9":"tag-breaking-news","10":"tag-breakingnews","11":"tag-featured-news","12":"tag-featurednews","13":"tag-headlines","14":"tag-latest-news","15":"tag-latestnews","16":"tag-latvia","17":"tag-latvian","18":"tag-latviesu","19":"tag-latviesu-valoda","20":"tag-latviesuvaloda","21":"tag-latvija","22":"tag-lv","23":"tag-news","24":"tag-popularakas-zinas","25":"tag-popularakaszinas","26":"tag-top-stories","27":"tag-topstories","28":"tag-zinas"},"share_on_mastodon":{"url":"https:\/\/pubeurope.com\/@lv\/115768048228088208","error":""},"_links":{"self":[{"href":"https:\/\/www.europesays.com\/lv\/wp-json\/wp\/v2\/posts\/83891","targetHints":{"allow":["GET"]}}],"collection":[{"href":"https:\/\/www.europesays.com\/lv\/wp-json\/wp\/v2\/posts"}],"about":[{"href":"https:\/\/www.europesays.com\/lv\/wp-json\/wp\/v2\/types\/post"}],"author":[{"embeddable":true,"href":"https:\/\/www.europesays.com\/lv\/wp-json\/wp\/v2\/users\/2"}],"replies":[{"embeddable":true,"href":"https:\/\/www.europesays.com\/lv\/wp-json\/wp\/v2\/comments?post=83891"}],"version-history":[{"count":0,"href":"https:\/\/www.europesays.com\/lv\/wp-json\/wp\/v2\/posts\/83891\/revisions"}],"wp:featuredmedia":[{"embeddable":true,"href":"https:\/\/www.europesays.com\/lv\/wp-json\/wp\/v2\/media\/83892"}],"wp:attachment":[{"href":"https:\/\/www.europesays.com\/lv\/wp-json\/wp\/v2\/media?parent=83891"}],"wp:term":[{"taxonomy":"category","embeddable":true,"href":"https:\/\/www.europesays.com\/lv\/wp-json\/wp\/v2\/categories?post=83891"},{"taxonomy":"post_tag","embeddable":true,"href":"https:\/\/www.europesays.com\/lv\/wp-json\/wp\/v2\/tags?post=83891"}],"curies":[{"name":"wp","href":"https:\/\/api.w.org\/{rel}","templated":true}]}}