{"id":83915,"date":"2025-12-23T09:18:08","date_gmt":"2025-12-23T09:18:08","guid":{"rendered":"https:\/\/www.europesays.com\/lv\/83915\/"},"modified":"2025-12-23T09:18:08","modified_gmt":"2025-12-23T09:18:08","slug":"venss-izrada-skepsi-par-izredzem-panakt-mieru-ukraina","status":"publish","type":"post","link":"https:\/\/www.europesays.com\/lv\/83915\/","title":{"rendered":"Venss izr\u0101da skepsi par izredz\u0113m pan\u0101kt mieru Ukrain\u0101"},"content":{"rendered":"<p>&#8220;M\u0113s turpin\u0101sim miera sarunas. Es dom\u0101ju, ka esam pan\u0101ku\u0161i progresu, bet, s\u0113\u017eot \u0161eit \u0161odien, es nevaru ar p\u0101rliec\u012bbu teikt, ka m\u0113s pan\u0101ksim mier\u012bgu risin\u0101jumu,&#8221; viceprezidents teica intervij\u0101 izdevumam &#8220;UnHerd&#8221;.<\/p>\n<p>Venss uzsv\u0113ra, ka miera sarunu izn\u0101kums ir str\u012bd\u012bgs. &#8220;Es dom\u0101ju, ka past\u0101v laba iesp\u0113ja, ka tas izdosies, un tikpat laba iesp\u0113ja, ka ne.&#8221;<\/p>\n<p>Vensa skat\u012bjum\u0101 galvenie \u0161\u0137\u0113r\u0161\u013ci mieram ir teritori\u0101lie jaut\u0101jumi, \u012bpa\u0161i Donbasa re\u0123iona kontrole, Zapori\u017ejas atomelektrostacijas n\u0101kotne, k\u0101 ar\u012b etnisko ukrai\u0146u un krievu liktenis okup\u0113taj\u0101s teritorij\u0101s.<\/p>\n<p>K\u0101 raksta &#8220;Politico&#8221;, \u0161ie apgalvojumi ir viens no pesimistisk\u0101kajiem miera izred\u017eu nov\u0113rt\u0113jumiem, ko l\u012bdz \u0161im izteikusi augsta <a href=\"https:\/\/www.apollo.lv\/term\/555410\/asv\" class=\"topicLink\" target=\"_blank\" rel=\"nofollow noopener\">ASV<\/a> amatpersona. Kam\u0113r ASV valsts sekret\u0101rs Marko Rubio piektdien atzina, ka konflikta risin\u0101jums, vi\u0146apr\u0101t, ir &#8220;t\u0101lu&#8221;, prezidents <a href=\"https:\/\/www.apollo.lv\/term\/555636\/donalds-tramps\" class=\"topicLink\" target=\"_blank\" rel=\"nofollow noopener\">Donalds Tramps<\/a> un \u012bpa\u0161ais s\u016btnis St\u012bvs Vitkofs, kur\u0161 vada sarunas, savos izteikumos par miera centieniem biju\u0161i optimistisk\u0101ki.<\/p>\n<blockquote class=\"quote ck-widget\" contenteditable=\"false\">\n<p>\u0160aj\u0101 ned\u0113\u013cas nogal\u0113 Vitkofs Maiami vad\u012bjis sarunas gan ar Ukrainas, gan Krievijas p\u0101rst\u0101vjiem. Vi\u0146\u0161 abas tik\u0161an\u0101s raksturojis k\u0101 &#8220;konstrukt\u012bvas un produkt\u012bvas&#8221;, neizkl\u0101stot konkr\u0113tus sarunu pan\u0101kumus. Vitkofs uzsv\u0113ris, ka sarunas turpin\u0101sies un ka abas valstis ir &#8220;ap\u0146\u0113mu\u0161\u0101s&#8221; pan\u0101kt mieru.<\/p>\n<\/blockquote>\n<p>Ar\u012b Ukrainas prezidents Volodimirs Zelenskis p\u0113c sarun\u0101m Maiami pav\u0113st\u012bja, ka starp Ukrainas un ASV p\u0101rst\u0101vjiem ir pan\u0101kts strauj\u0161 progress. Vi\u0146\u0161 run\u0101ja par konstrukt\u012bv\u0101m sarun\u0101m, bet nesniedza nek\u0101das deta\u013cas.<\/p>\n<p>Zelenskis nor\u0101d\u012bja, ka daudz kas ir atkar\u012bgs no t\u0101, vai Krievija jut\u012bs nepiecie\u0161am\u012bbu patie\u0161\u0101m izbeigt karu, bet vi\u0146\u0161 piebilda, ka pagaid\u0101m Maskava s\u016bta tikai negat\u012bvus sign\u0101lus.<\/p>\n","protected":false},"excerpt":{"rendered":"&#8220;M\u0113s turpin\u0101sim miera sarunas. Es dom\u0101ju, ka esam pan\u0101ku\u0161i progresu, bet, s\u0113\u017eot \u0161eit \u0161odien, es nevaru ar p\u0101rliec\u012bbu&hellip;\n","protected":false},"author":2,"featured_media":7099,"comment_status":"","ping_status":"","sticky":false,"template":"","format":"standard","meta":{"footnotes":""},"categories":[14],"tags":[23,57,292,28,29,542,3019,32,33,22,74,30,31,35,39,38,36,37,34,40,20,26,27,24,25,54,55,56,21,58],"class_list":{"0":"post-83915","1":"post","2":"type-post","3":"status-publish","4":"format-standard","5":"has-post-thumbnail","7":"category-zinas-no-arvalstim","8":"tag-aktualitates","9":"tag-arvalstim","10":"tag-asv","11":"tag-breaking-news","12":"tag-breakingnews","13":"tag-donalds-tramps","14":"tag-dzeimss-deivids-venss","15":"tag-featured-news","16":"tag-featurednews","17":"tag-headlines","18":"tag-krievijas-iebrukums-ukraina","19":"tag-latest-news","20":"tag-latestnews","21":"tag-latvia","22":"tag-latvian","23":"tag-latviesu","24":"tag-latviesu-valoda","25":"tag-latviesuvaloda","26":"tag-latvija","27":"tag-lv","28":"tag-news","29":"tag-popularakas-zinas","30":"tag-popularakaszinas","31":"tag-top-stories","32":"tag-topstories","33":"tag-world","34":"tag-world-news","35":"tag-worldnews","36":"tag-zinas","37":"tag-zinas-no-arvalstim"},"share_on_mastodon":{"url":"https:\/\/pubeurope.com\/@lv\/115768138402631081","error":""},"_links":{"self":[{"href":"https:\/\/www.europesays.com\/lv\/wp-json\/wp\/v2\/posts\/83915","targetHints":{"allow":["GET"]}}],"collection":[{"href":"https:\/\/www.europesays.com\/lv\/wp-json\/wp\/v2\/posts"}],"about":[{"href":"https:\/\/www.europesays.com\/lv\/wp-json\/wp\/v2\/types\/post"}],"author":[{"embeddable":true,"href":"https:\/\/www.europesays.com\/lv\/wp-json\/wp\/v2\/users\/2"}],"replies":[{"embeddable":true,"href":"https:\/\/www.europesays.com\/lv\/wp-json\/wp\/v2\/comments?post=83915"}],"version-history":[{"count":0,"href":"https:\/\/www.europesays.com\/lv\/wp-json\/wp\/v2\/posts\/83915\/revisions"}],"wp:featuredmedia":[{"embeddable":true,"href":"https:\/\/www.europesays.com\/lv\/wp-json\/wp\/v2\/media\/7099"}],"wp:attachment":[{"href":"https:\/\/www.europesays.com\/lv\/wp-json\/wp\/v2\/media?parent=83915"}],"wp:term":[{"taxonomy":"category","embeddable":true,"href":"https:\/\/www.europesays.com\/lv\/wp-json\/wp\/v2\/categories?post=83915"},{"taxonomy":"post_tag","embeddable":true,"href":"https:\/\/www.europesays.com\/lv\/wp-json\/wp\/v2\/tags?post=83915"}],"curies":[{"name":"wp","href":"https:\/\/api.w.org\/{rel}","templated":true}]}}