{"id":83928,"date":"2025-12-23T09:28:09","date_gmt":"2025-12-23T09:28:09","guid":{"rendered":"https:\/\/www.europesays.com\/lv\/83928\/"},"modified":"2025-12-23T09:28:09","modified_gmt":"2025-12-23T09:28:09","slug":"aicinam-atbalstit-ezerzeme-du-un-anastasiju-samoilovu-un-tinu-graudinu","status":"publish","type":"post","link":"https:\/\/www.europesays.com\/lv\/83928\/","title":{"rendered":"aicin\u0101m atbalst\u012bt \u201cEzerzeme\u201d\/DU un Anastasiju Samoilovu un T\u012bnu Graudi\u0146u"},"content":{"rendered":"<p>\t\t        \t<a href=\"https:\/\/www.daugavpils.lv\/assets\/upload\/news\/2025\/12\/samoilova-graudina-001_max.jpg\" rel=\"nofollow noopener\" target=\"_blank\"><img decoding=\"async\" src=\"https:\/\/www.europesays.com\/lv\/wp-content\/uploads\/2025\/12\/samoilova-graudina-001_sml.jpg\" class=\"news-image\" title=\"S\u0101cies \u201cGada balvas volejbol\u0101 2025\u201d balsojums: aicin\u0101m atbalst\u012bt \u201cEzerzeme\u201d\/DU un Anastasiju Samoilovu un T\u012bnu Graudi\u0146u\" alt=\"S\u0101cies \u201cGada balvas volejbol\u0101 2025\u201d balsojums: aicin\u0101m atbalst\u012bt \u201cEzerzeme\u201d\/DU un Anastasiju Samoilovu un T\u012bnu Graudi\u0146u\"\/><\/a><\/p>\n<p>L\u012bdz 5. janv\u0101rim ikviens var balsot par savu favor\u012btu \u201cGada balvai volejbol\u0101 2025\u201d, ko organiz\u0113 Latvijas Volejbola feder\u0101cija. Starp nominantiem \u0161ogad ir ar\u012b Daugavpils sportisti, kuri izc\u012bn\u012bju\u0161i augstus sasniegumus gan nacion\u0101l\u0101, gan pasaules m\u0113rog\u0101.<\/p>\n<p>&#13;<\/p>\n<p>Nomin\u0101cij\u0101 \u201cGada komanda\u201d Latviju un Daugavpili p\u0101rst\u0101v v\u012brie\u0161u volejbola komanda \u201cEzerzeme\u201d\/Daugavpils Universit\u0101te. Galven\u0101 trenera Riharda Pu\u0137\u012b\u0161a vad\u012bb\u0101 komanda aizvad\u012bja sp\u0113c\u012bgu un rezultat\u012bvu 2024.\/2025. gada sezonu, apliecinot savu vietu Latvijas vado\u0161o volejbola klubu vid\u016b. \u201cEzerzeme\u201d\/DU ie\u0146\u0113ma 4. vietu Baltijas l\u012bg\u0101, k\u013cuva par Latvijas \u010dempion\u0101ta sudraba meda\u013cu ieguv\u0113ju un triumf\u0113ja CEWOOD Latvijas kaus\u0101 2025, izc\u012bnot nacion\u0101lo trofeju. \u0160ie sasniegumi padara Daugavpils komandu par vienu no p\u0101rliecino\u0161\u0101kaj\u0101m pretendent\u0113m uz uzvaru sav\u0101 nomin\u0101cij\u0101.<\/p>\n<p>&#13;<\/p>\n<p>Daugavpilij noz\u012bm\u012bga ir ar\u012b nomin\u0101cija \u201cGada pludmales volejbola komanda\u201d, kur Latviju p\u0101rst\u0101v T\u012bna Graudi\u0146a un daugavpiliete Anastasija Samoilova. Latvijas duets k\u013cuva par pasaules \u010dempion\u0113m pludmales volejbol\u0101, izc\u012bnot zelta meda\u013cas un sasniedzot v\u0113sturisku pan\u0101kumu starptautiskaj\u0101 ar\u0113n\u0101.<\/p>\n<p>&#13;<\/p>\n<p>Sabiedr\u012bbas balsojums nomin\u0101cij\u0101s: Gada volejbolists, Gada volejboliste, Gada komanda, Gada pludmales volejbola komanda un Gada uzleco\u0161\u0101 zvaigzne. Balsojums turpin\u0101s l\u012bdz 2026. gada 5. janv\u0101rim (ieskaitot) vietn\u0113 <a class=\"www\" href=\"https:\/\/balso.volejbols.lv\/labakie-2025\" rel=\"nofollow noopener\" target=\"_blank\">balso.volejbols.lv<\/a>. Sabiedr\u012bbas balsojuma rezult\u0101ti veidos 30% no kop\u0113j\u0101 v\u0113rt\u0113juma, savuk\u0101rt gala l\u0113mums tiks pie\u0146emts, apvienojot LVF Balso\u0161anas komisijas l\u0113mumu, mediju \u017e\u016brijas v\u0113rt\u0113jumu un sabiedr\u012bbas balsojuma rezult\u0101tus.<\/p>\n<p>&#13;<\/p>\n<p>\u201cGada balvas volejbol\u0101 2025\u201d apbalvo\u0161anas ceremonija notiks 2026. gada 24. janv\u0101r\u012b.<\/p>\n<p>&#13;<\/p>\n<p>Daugavpils sportisti ir starp sp\u0113c\u012bg\u0101kajiem pretendentiem, un iedz\u012bvot\u0101ju atbalsts var b\u016bt iz\u0161\u0137iro\u0161s. Aicin\u0101m balsot par \u201cEzerzeme\u201d\/DU nomin\u0101cij\u0101 \u201cGada komanda\u201d un atbalst\u012bt T\u012bnu Graudi\u0146u un Anastasiju Samoilovu nomin\u0101cij\u0101 \u201cGada pludmales volejbola komanda\u201d.<\/p>\n<p>&#13;<\/p>\n<p>\u00a0<\/p>\n<p>&#13;<\/p>\n<p>Inform\u0101ciju sagatavoja<\/p>\n<p>&#13;<\/p>\n<p>Daugavpils valstspils\u0113tas pa\u0161vald\u012bbas<\/p>\n<p>&#13;<\/p>\n<p>Sabiedrisko attiec\u012bbu noda\u013ca<\/p>\n<p><a href=\"https:\/\/www.daugavpils.lv\/assets\/upload\/news\/2025\/12\/ezerzemedu-viriesu-komanda-001_max.jpg\" rel=\"nofollow noopener\" target=\"_blank\"><img decoding=\"async\" src=\"https:\/\/www.europesays.com\/lv\/wp-content\/uploads\/2025\/12\/ezerzemedu-viriesu-komanda-001_min.jpg\" title=\"S\u0101cies \u201cGada balvas volejbol\u0101 2025\u201d balsojums: aicin\u0101m atbalst\u012bt \u201cEzerzeme\u201d\/DU un Anastasiju Samoilovu un T\u012bnu Graudi\u0146u 1\" alt=\"S\u0101cies \u201cGada balvas volejbol\u0101 2025\u201d balsojums: aicin\u0101m atbalst\u012bt \u201cEzerzeme\u201d\/DU un Anastasiju Samoilovu un T\u012bnu Graudi\u0146u 1\"\/><\/a><\/p>\n","protected":false},"excerpt":{"rendered":"L\u012bdz 5. janv\u0101rim ikviens var balsot par savu favor\u012btu \u201cGada balvai volejbol\u0101 2025\u201d, ko organiz\u0113 Latvijas Volejbola feder\u0101cija.&hellip;\n","protected":false},"author":2,"featured_media":83929,"comment_status":"","ping_status":"","sticky":false,"template":"","format":"standard","meta":{"footnotes":""},"categories":[17],"tags":[35,39,38,36,37,34,40,67],"class_list":{"0":"post-83928","1":"post","2":"type-post","3":"status-publish","4":"format-standard","5":"has-post-thumbnail","7":"category-sports","8":"tag-latvia","9":"tag-latvian","10":"tag-latviesu","11":"tag-latviesu-valoda","12":"tag-latviesuvaloda","13":"tag-latvija","14":"tag-lv","15":"tag-sports"},"share_on_mastodon":{"url":"https:\/\/pubeurope.com\/@lv\/115768177835762147","error":""},"_links":{"self":[{"href":"https:\/\/www.europesays.com\/lv\/wp-json\/wp\/v2\/posts\/83928","targetHints":{"allow":["GET"]}}],"collection":[{"href":"https:\/\/www.europesays.com\/lv\/wp-json\/wp\/v2\/posts"}],"about":[{"href":"https:\/\/www.europesays.com\/lv\/wp-json\/wp\/v2\/types\/post"}],"author":[{"embeddable":true,"href":"https:\/\/www.europesays.com\/lv\/wp-json\/wp\/v2\/users\/2"}],"replies":[{"embeddable":true,"href":"https:\/\/www.europesays.com\/lv\/wp-json\/wp\/v2\/comments?post=83928"}],"version-history":[{"count":0,"href":"https:\/\/www.europesays.com\/lv\/wp-json\/wp\/v2\/posts\/83928\/revisions"}],"wp:featuredmedia":[{"embeddable":true,"href":"https:\/\/www.europesays.com\/lv\/wp-json\/wp\/v2\/media\/83929"}],"wp:attachment":[{"href":"https:\/\/www.europesays.com\/lv\/wp-json\/wp\/v2\/media?parent=83928"}],"wp:term":[{"taxonomy":"category","embeddable":true,"href":"https:\/\/www.europesays.com\/lv\/wp-json\/wp\/v2\/categories?post=83928"},{"taxonomy":"post_tag","embeddable":true,"href":"https:\/\/www.europesays.com\/lv\/wp-json\/wp\/v2\/tags?post=83928"}],"curies":[{"name":"wp","href":"https:\/\/api.w.org\/{rel}","templated":true}]}}