{"id":83932,"date":"2025-12-23T09:32:08","date_gmt":"2025-12-23T09:32:08","guid":{"rendered":"https:\/\/www.europesays.com\/lv\/83932\/"},"modified":"2025-12-23T09:32:08","modified_gmt":"2025-12-23T09:32:08","slug":"octa-apdrosinatajiem-sogad-pieteikti-simtiem-negadijumu-publiskajas-stavvietas","status":"publish","type":"post","link":"https:\/\/www.europesays.com\/lv\/83932\/","title":{"rendered":"OCTA apdro\u0161in\u0101t\u0101jiem \u0161ogad pieteikti simtiem negad\u012bjumu publiskaj\u0101s st\u0101vviet\u0101s"},"content":{"rendered":"<p>Ja tom\u0113r noticis ce\u013cu satiksmes negad\u012bjums, LTAB aicina transportl\u012bdzek\u013cu vad\u012bt\u0101jus savstarp\u0113ji vienoties par negad\u012bjuma apst\u0101k\u013ciem un tos fiks\u0113t ar saska\u0146oto pazi\u0146ojumu. Fiks\u0113jot ce\u013cu satiksmes negad\u012bjumu ar saska\u0146oto pazi\u0146ojumu, galvenok\u0101rt tiek ieekonom\u0113ts laiks, kas citk\u0101rt j\u0101pat\u0113r\u0113, gaidot policijas iera\u0161anos, k\u0101 ar\u012b ir iesp\u0113ja \u0101tr\u0101k atst\u0101t notikuma vietu, neradot papildu sastr\u0113gumus.<\/p>\n<p>Ab\u0101\u0161ins inform\u0113, ka no decembra vidus autovad\u012bt\u0101jiem iesp\u0113jams fiks\u0113t ce\u013cu satiksmes negad\u012bjuma apst\u0101k\u013cus un inform\u0113t par to apdro\u0161in\u0101t\u0101ju ar\u012b zi\u0146apmai\u0146as lietotn\u0113 &#8220;WhatsApp&#8221;. Saska\u0146oto pazi\u0146ojumu zi\u0146apmai\u0146as lietotn\u0113 dr\u012bkst aizpild\u012bt tad, ja ce\u013cu satiksmes negad\u012bjum\u0101 nav cietu\u0161o un iesaist\u012btie var apliecin\u0101t savu identit\u0101ti ar &#8220;SmartID&#8221; vai &#8220;E-paraksta&#8221; r\u012bkiem. Sarunbots dialoga form\u0101 uzdod jaut\u0101jumus par ce\u013cu satiksmes negad\u012bjuma ra\u0161an\u0101s laiku, apst\u0101k\u013ciem, lieciniekiem un nodar\u012btajiem boj\u0101jumiem.<\/p>\n<p>Saiti uz saska\u0146ot\u0101 pazi\u0146ojuma sarunbotu viedt\u0101lru\u0146u lietot\u0101ji var atrast LTAB m\u0101jaslap\u0101. LTAB tuv\u0101kaj\u0101 laik\u0101 str\u0101d\u0101s ar\u012b pie cit\u0101m iesp\u0113j\u0101m, k\u0101 vienk\u0101r\u0161ot un populariz\u0113t vietas, kur sa\u0146emt saiti uz saska\u0146ot\u0101 pazi\u0146ojuma sarunbotu.<\/p>\n<p>LTAB nodro\u0161ina <a href=\"https:\/\/www.tvnet.lv\/term\/570581\/octa\" class=\"topicLink\" target=\"_blank\" rel=\"nofollow noopener\">OCTA<\/a> apdro\u0161in\u0101\u0161anas sist\u0113mas darb\u012bbu Latvij\u0101. OCTA Latvij\u0101 tika ieviesta 1997. gad\u0101, lai nodro\u0161in\u0101tu ce\u013cu satiksmes negad\u012bjumos cietu\u0161o tre\u0161o personu intere\u0161u aizsardz\u012bbu. S\u0101kotn\u0113ji LTAB darboj\u0101s Finan\u0161u ministrijas pak\u013caut\u012bb\u0101, bet kop\u0161 2004. gada t\u0101 ir neatkar\u012bga instit\u016bcija.<\/p>\n","protected":false},"excerpt":{"rendered":"Ja tom\u0113r noticis ce\u013cu satiksmes negad\u012bjums, LTAB aicina transportl\u012bdzek\u013cu vad\u012bt\u0101jus savstarp\u0113ji vienoties par negad\u012bjuma apst\u0101k\u013ciem un tos fiks\u0113t&hellip;\n","protected":false},"author":2,"featured_media":83933,"comment_status":"","ping_status":"","sticky":false,"template":"","format":"standard","meta":{"footnotes":""},"categories":[5],"tags":[23,28,29,32,33,22,30,31,35,39,38,36,37,34,19617,40,20,19616,26,27,24,25,21],"class_list":{"0":"post-83932","1":"post","2":"type-post","3":"status-publish","4":"format-standard","5":"has-post-thumbnail","7":"category-aktualitates","8":"tag-aktualitates","9":"tag-breaking-news","10":"tag-breakingnews","11":"tag-featured-news","12":"tag-featurednews","13":"tag-headlines","14":"tag-latest-news","15":"tag-latestnews","16":"tag-latvia","17":"tag-latvian","18":"tag-latviesu","19":"tag-latviesu-valoda","20":"tag-latviesuvaloda","21":"tag-latvija","22":"tag-ltab","23":"tag-lv","24":"tag-news","25":"tag-octa","26":"tag-popularakas-zinas","27":"tag-popularakaszinas","28":"tag-top-stories","29":"tag-topstories","30":"tag-zinas"},"share_on_mastodon":{"url":"https:\/\/pubeurope.com\/@lv\/115768193596751992","error":""},"_links":{"self":[{"href":"https:\/\/www.europesays.com\/lv\/wp-json\/wp\/v2\/posts\/83932","targetHints":{"allow":["GET"]}}],"collection":[{"href":"https:\/\/www.europesays.com\/lv\/wp-json\/wp\/v2\/posts"}],"about":[{"href":"https:\/\/www.europesays.com\/lv\/wp-json\/wp\/v2\/types\/post"}],"author":[{"embeddable":true,"href":"https:\/\/www.europesays.com\/lv\/wp-json\/wp\/v2\/users\/2"}],"replies":[{"embeddable":true,"href":"https:\/\/www.europesays.com\/lv\/wp-json\/wp\/v2\/comments?post=83932"}],"version-history":[{"count":0,"href":"https:\/\/www.europesays.com\/lv\/wp-json\/wp\/v2\/posts\/83932\/revisions"}],"wp:featuredmedia":[{"embeddable":true,"href":"https:\/\/www.europesays.com\/lv\/wp-json\/wp\/v2\/media\/83933"}],"wp:attachment":[{"href":"https:\/\/www.europesays.com\/lv\/wp-json\/wp\/v2\/media?parent=83932"}],"wp:term":[{"taxonomy":"category","embeddable":true,"href":"https:\/\/www.europesays.com\/lv\/wp-json\/wp\/v2\/categories?post=83932"},{"taxonomy":"post_tag","embeddable":true,"href":"https:\/\/www.europesays.com\/lv\/wp-json\/wp\/v2\/tags?post=83932"}],"curies":[{"name":"wp","href":"https:\/\/api.w.org\/{rel}","templated":true}]}}