{"id":83940,"date":"2025-12-23T09:38:08","date_gmt":"2025-12-23T09:38:08","guid":{"rendered":"https:\/\/www.europesays.com\/lv\/83940\/"},"modified":"2025-12-23T09:38:08","modified_gmt":"2025-12-23T09:38:08","slug":"ukraina-sanem-21-transportlidzekla-ziedojumu-no-as-augstsprieguma-tikls-vairak-neka-100-000-eiro-vertiba","status":"publish","type":"post","link":"https:\/\/www.europesays.com\/lv\/83940\/","title":{"rendered":"Ukraina sa\u0146em 21 transportl\u012bdzek\u013ca ziedojumu no AS &#8220;Augstsprieguma t\u012bkls&#8221; vair\u0101k nek\u0101 100 000 eiro v\u0113rt\u012bb\u0101"},"content":{"rendered":"<p class=\"text-align-justify\">Klimata un ener\u0123\u0113tikas ministrs Kaspars Melnis un Latvijas p\u0101rvades sist\u0113mas operatora AS &#8220;Augstsprieguma t\u012bkls&#8221; (AST) valdes locekle Ilze Znoti\u0146a kop\u0101 ar citiem br\u012bvpr\u0101t\u012bgajiem &#8220;Twitter konvoja&#8221; auto vad\u012bt\u0101jiem Ukrain\u0101 nog\u0101d\u0101ju\u0161i AST ziedotos transportl\u012bdzek\u013cus. Turpinot atbalst\u012bt Ukrainu ener\u0123\u0113tikas infrastrukt\u016bras atjauno\u0161an\u0101 un neatkar\u012bbas stiprin\u0101\u0161an\u0101, AST gada nogal\u0113 ziedojis Ukrainai kopum\u0101 21 transportl\u012bdzekli vair\u0101k nek\u0101 100 000 eiro v\u0113rt\u012bb\u0101. T\u0101dej\u0101di Latvijas sabiedr\u012bbas un uz\u0146\u0113mumu saziedoto un biedr\u012bbas &#8220;Agendum&#8221; (&#8220;Twitter konvojs&#8221;) Ukrain\u0101 nog\u0101d\u0101to transportl\u012bdzek\u013cu kop\u0113jais skaits sasniedz 3402 vien\u012bbas. <\/p>\n<blockquote>\n<p class=\"text-align-justify\">&#8220;Ukrainas energoapg\u0101des sist\u0113ma ir viens no iebruc\u0113ja agresijas m\u0113r\u0137iem, jo ietekm\u0113 daudzu cilv\u0113ku ikdienu. Ja m\u0113s varam pal\u012bdz\u0113t mazin\u0101t uzbruc\u0113ju nodar\u012bto postu, tas j\u0101dara, jo ik dienu no necilv\u0113c\u012bg\u0101 iebrukuma sek\u0101m turpina ciest nevain\u012bgi cilv\u0113ki. Ukrai\u0146i varon\u012bgi turpina pretoties p\u0101rsp\u0113kam, bet mums ir j\u0101turpina sniegt atbalstu, jo Ukraina c\u012bn\u0101s par visp\u0101rcilv\u0113cisk\u0101m, ar\u012b mums svar\u012bg\u0101m v\u0113rt\u012bb\u0101m!&#8221; nor\u0101da Klimata un ener\u0123\u0113tikas ministrs Kaspars Melnis.<\/p>\n<\/blockquote>\n<blockquote>\n<p class=\"text-align-justify\">&#8220;Kop\u0161 Krievijas brut\u0101l\u0101 iebrukuma Ukrain\u0101 AST sniedz pal\u012bdz\u012bbu Ukrainas energosist\u0113mas atjauno\u0161an\u0101. Vienlaikus ar iek\u0101rt\u0101m un materi\u0101liem ziedojam ar\u012b transportl\u012bdzek\u013cus post\u012bjumu nov\u0113r\u0161anai. Agresora uzbrukumi neapst\u0101jas, \u012bpa\u0161i energosist\u0113mai, t\u0101p\u0113c m\u0113s turpin\u0101sim atbalst\u012bt Ukrainu un aicin\u0101m ikvienu sniegt atbalstu l\u012bdz Ukrainas uzvarai. Paldies &#8220;Agendum&#8221;, Klimata un ener\u0123\u0113tikas ministram ar komandu un AST kol\u0113\u0123iem, ziedojot savu laiku, lai Ukrain\u0101 nog\u0101d\u0101tu transportl\u012bdzek\u013cus,&#8221; uzsver AST valdes priek\u0161s\u0113d\u0113t\u0101js Rolands Irklis.<\/p>\n<\/blockquote>\n<p class=\"text-align-justify\">Biedr\u012bba &#8220;Agendum&#8221; organiz\u0113 transporta pieg\u0101di un ziedojuma nodo\u0161anu tie\u0161ajiem pal\u012bdz\u012bbas sa\u0146\u0113m\u0113jiem.<\/p>\n<blockquote>\n<p class=\"text-align-justify\">&#8220;Karadarb\u012bbas izdang\u0101tajos Ukrainas ce\u013cos pilnpiedzi\u0146as automa\u0161\u012bnas ir \u012bpa\u0161i noder\u012bgas un piepras\u012bjums p\u0113c t\u0101m ir \u013coti liels. T\u0101p\u0113c AST ziedojums ir gan noz\u012bm\u012bgs, gan \u013coti gaid\u012bts. Nav aprakst\u0101mas emocijas, kas p\u0101r\u0146\u0113ma gan biedr\u012bbas &#8220;Agendum&#8221; koordinatorus, gan Ukrainas aizst\u0101vjus, kad uzzin\u0101j\u0101m par \u0161o d\u0101sno ziedojumu. L\u012bdz \u0161im Ukrain\u0101 215 konvoju ietvaros kopum\u0101 nog\u0101d\u0101tas jau vair\u0101k nek\u0101 3400 automa\u0161\u012bnas, par ko sirsn\u012bgs paldies gan Latvijas valsts iest\u0101d\u0113m, gan d\u0101snajiem Latvijas iedz\u012bvot\u0101jiem, kas ziedo automa\u0161\u012bnas k\u0101 ar\u012b naudu \u0161o auto remontam un degvielai, gan m\u016bsu br\u012bvpr\u0101t\u012bgajiem Twitterkonvoja \u0161ofer\u012b\u0161iem, kas ziedo savu laiku un miegu automa\u0161\u012bnu nog\u0101d\u0101\u0161anai Ukrain\u0101. Diem\u017e\u0113l transporta ziedojumu aktivit\u0101te laika gait\u0101 ir samazin\u0101jusies, kam\u0113r Ukrainas vajadz\u012bbas nav mazin\u0101ju\u0161\u0101s. T\u0101p\u0113c aicinu ikvienu turpin\u0101t atbalst\u012bt Ukrainu, kas c\u012bn\u0101s par m\u016bsu visu br\u012bv\u012bbu,\u201d nor\u0101da biedr\u012bbas \u201cAgendum\u201d koordinatore Laura Pli\u010da.<\/p>\n<\/blockquote>\n<p class=\"text-align-justify\">&#8220;Twitter konvoja&#8221; br\u012bvpr\u0101t\u012bgie auto vad\u012bt\u0101ji kop\u0101 ar AST automa\u0161\u012bn\u0101m Ukrain\u0101 nog\u0101d\u0101ja ar\u012b \u0100rlietu ministrijas darbinieku Ziemassv\u0113tku labdar\u012bbas akcij\u0101 sar\u016bp\u0113t\u0101s d\u0101vanas \u010cernihivas apgabala b\u0113rniem, kas uzturas soci\u0101l\u0101s un psiholo\u0123isk\u0101s rehabilit\u0101cijas centros \u0145i\u017ein\u0101, Hmi\u013c\u0146ic\u0101 un \u010cernihiv\u0101. B\u0113rnus iepriecin\u0101s Latvijas uz\u0146\u0113m\u0113ju un amatnieku ra\u017eojumi: galda sp\u0113les, rota\u013clietas, ziemas ap\u0123\u0113rbs, vesel\u012bgi na\u0161\u0137i, saldumi u.c. Ar &#8220;Twitter konvoju&#8221; t\u0101s jau nog\u0101d\u0101tas \u013bviv\u0101, lai ar Latvijas v\u0113stniec\u012bbas Ukrain\u0101 pal\u012bdz\u012bbu ce\u013cotu pie b\u0113rniem. <\/p>\n<p class=\"text-align-justify\">\u0160\u012b gada AST transportl\u012bdzek\u013cu ziedojumu veido gan pilnpiedzi\u0146as vieglie auto, gan traktortehnika. 2024. gada s\u0101kum\u0101 AST ziedoja 22 transportl\u012bdzek\u013cus \u2013 autotor\u0146us, vieglos auto, auto piekabes un bezce\u013cu kvadraciklus, k\u0101 ar\u012b citas transporta vien\u012bbas. Ziedojumu gada nogal\u0113 papildin\u0101ja septi\u0146i transportl\u012bdzek\u013ci. <\/p>\n<p class=\"text-align-justify\">2023. gada ruden\u012b AST Ukrainas energosist\u0113mas atjauno\u0161anai nos\u016bt\u012bja t\u0101das augstsprieguma t\u012bkla iek\u0101rtas k\u0101 330kV str\u0101vmai\u0146i, 110kV jaudas sl\u0113d\u017ei, 110kV atdal\u012bt\u0101ji, 110kV p\u0101rsprieguma novad\u012bt\u0101ji un vair\u0101k nek\u0101 50 tonnas transformatoru e\u013c\u013cas, atbalsta s\u016bt\u012bjumam kopum\u0101 sasniedzot 66 tonnas, bet iepriek\u0161 AST nos\u016bt\u012bja uz Ukrainu izolatoru kravu un mikroautobusus. <\/p>\n<p>Papildus inform\u0101cija:<br \/>L\u012bva J\u0113gere<br \/>Komunik\u0101cijas vad\u012bt\u0101ja<br \/>E-pasts: <a href=\"https:\/\/www.kem.gov.lv\/lv\/jaunums\/mailto:liva.jegere@ast.lv\" rel=\"nofollow noopener\" target=\"_blank\">liva.jegere@ast.lv<\/a>\u00a0 <\/p>\n","protected":false},"excerpt":{"rendered":"Klimata un ener\u0123\u0113tikas ministrs Kaspars Melnis un Latvijas p\u0101rvades sist\u0113mas operatora AS &#8220;Augstsprieguma t\u012bkls&#8221; (AST) valdes locekle Ilze&hellip;\n","protected":false},"author":2,"featured_media":83941,"comment_status":"","ping_status":"","sticky":false,"template":"","format":"standard","meta":{"footnotes":""},"categories":[5],"tags":[23,28,29,32,33,22,30,31,35,39,38,36,37,34,40,20,26,27,24,25,21],"class_list":{"0":"post-83940","1":"post","2":"type-post","3":"status-publish","4":"format-standard","5":"has-post-thumbnail","7":"category-aktualitates","8":"tag-aktualitates","9":"tag-breaking-news","10":"tag-breakingnews","11":"tag-featured-news","12":"tag-featurednews","13":"tag-headlines","14":"tag-latest-news","15":"tag-latestnews","16":"tag-latvia","17":"tag-latvian","18":"tag-latviesu","19":"tag-latviesu-valoda","20":"tag-latviesuvaloda","21":"tag-latvija","22":"tag-lv","23":"tag-news","24":"tag-popularakas-zinas","25":"tag-popularakaszinas","26":"tag-top-stories","27":"tag-topstories","28":"tag-zinas"},"share_on_mastodon":{"url":"https:\/\/pubeurope.com\/@lv\/115768217007730354","error":""},"_links":{"self":[{"href":"https:\/\/www.europesays.com\/lv\/wp-json\/wp\/v2\/posts\/83940","targetHints":{"allow":["GET"]}}],"collection":[{"href":"https:\/\/www.europesays.com\/lv\/wp-json\/wp\/v2\/posts"}],"about":[{"href":"https:\/\/www.europesays.com\/lv\/wp-json\/wp\/v2\/types\/post"}],"author":[{"embeddable":true,"href":"https:\/\/www.europesays.com\/lv\/wp-json\/wp\/v2\/users\/2"}],"replies":[{"embeddable":true,"href":"https:\/\/www.europesays.com\/lv\/wp-json\/wp\/v2\/comments?post=83940"}],"version-history":[{"count":0,"href":"https:\/\/www.europesays.com\/lv\/wp-json\/wp\/v2\/posts\/83940\/revisions"}],"wp:featuredmedia":[{"embeddable":true,"href":"https:\/\/www.europesays.com\/lv\/wp-json\/wp\/v2\/media\/83941"}],"wp:attachment":[{"href":"https:\/\/www.europesays.com\/lv\/wp-json\/wp\/v2\/media?parent=83940"}],"wp:term":[{"taxonomy":"category","embeddable":true,"href":"https:\/\/www.europesays.com\/lv\/wp-json\/wp\/v2\/categories?post=83940"},{"taxonomy":"post_tag","embeddable":true,"href":"https:\/\/www.europesays.com\/lv\/wp-json\/wp\/v2\/tags?post=83940"}],"curies":[{"name":"wp","href":"https:\/\/api.w.org\/{rel}","templated":true}]}}