{"id":83942,"date":"2025-12-23T09:40:16","date_gmt":"2025-12-23T09:40:16","guid":{"rendered":"https:\/\/www.europesays.com\/lv\/83942\/"},"modified":"2025-12-23T09:40:16","modified_gmt":"2025-12-23T09:40:16","slug":"2025-gada-f1-cempiona-tituls-pieradijums-ka-esmu-parvarejis-passaubas-lente-lv","status":"publish","type":"post","link":"https:\/\/www.europesays.com\/lv\/83942\/","title":{"rendered":"2025. gada F1 \u010dempiona tituls \u2013 pier\u0101d\u012bjums, ka esmu p\u0101rvar\u0113jis pa\u0161\u0161aubas\u00a0\u2014\u00a0Lente.lv"},"content":{"rendered":"<p>Lando Norisa emocion\u0101lais ce\u013c\u0161 uz pasaules \u010dempiona titulu<\/p>\n<p>P\u0113c triumf\u0101l\u0101s 2025. gada &#8220;Formula 1&#8221; sezonas nosl\u0113guma, kad Lando Noriss nodro\u0161in\u0101ja savu pirmo Pasaules \u010cempiona titulu, brauc\u0113js atkl\u0101jis, ka \u0161is sasniegums \u012bpa\u0161i v\u0113rt\u012bgs ir t\u0101d\u0113\u013c, ka tas pal\u012bdz\u0113jis p\u0101rsp\u0113t dzi\u013ci iesak\u0146oju\u0161\u0101s pa\u0161\u0161aubas.<\/p>\n<p>Noriss, kur\u0161 par \u010dempionu k\u013cuva p\u0113c saspringtas c\u012b\u0146as Abu Dabi &#8220;Grand Prix&#8221;, kur fini\u0161\u0113ja tre\u0161ais, aiz sava komandas biedra Oskara Piastri un sacens\u012bbu uzvar\u0113t\u0101ja Maksa Verstapena, atzina, ka br\u012b\u017eiem vi\u0146am pa\u0161am nav bijusi pietiekama p\u0101rliec\u012bba par sav\u0101m sp\u0113j\u0101m, pat ne \u0161\u012bs le\u0123end\u0101r\u0101s sezonas laik\u0101.<\/p>\n<p>\u0160is \u010dempion\u0101ta uzvar\u0113t\u0101ja statuss, ko daudzi uzskata par augst\u0101ko sasniegumu autosport\u0101, Norisam noz\u012bm\u0113 daudz vair\u0101k nek\u0101 tikai titulu. Tas ir iek\u0161\u0113js apliecin\u0101jums tam, ka vi\u0146\u0161 sp\u0113j izpild\u012bt savu potenci\u0101lu un notur\u0113ties l\u012bmen\u012b, pat ja vi\u0146a pa\u0161a domas vi\u0146u m\u0113dza bremz\u0113t.<\/p>\n<p>\u0160aubas par sevi un c\u012b\u0146a ar Piastri<\/p>\n<p>Biju\u0161\u0101 \u010dempion\u0101ta l\u012bdera statusa zaud\u0113\u0161ana komandas biedram Oskaram Piastri sezonas vidusda\u013c\u0101 izrais\u012bja Noris\u0101 nopietnas p\u0101rdomas par savu sniegumu. Brauc\u0113js atkl\u0101jis, ka \u0161\u0101dos br\u012b\u017eos \u0161aub\u012bjies, vai Piastri nav vienk\u0101r\u0161i lab\u0101ks un sp\u0113j\u012bg\u0101ks notur\u0113t konsekventu augstu sniegumu.<\/p>\n<blockquote>\n<p>&#8220;Br\u012b\u017eiem man nav bijusi visliel\u0101k\u0101 tic\u012bba sev. Bija pat \u0161ogad br\u012b\u017ei, kad Oskars dar\u012bja lab\u0101ku darbu nek\u0101 es, un es nebiju lielisk\u0101 form\u0101, un es dom\u0101ju: &#8216;Nu, varb\u016bt vi\u0146\u0161 ir vienk\u0101r\u0161i nedaudz lab\u0101ks. Varb\u016bt vi\u0146\u0161 sp\u0113j b\u016bt konsekvent\u0101ks, ieg\u016bt vair\u0101k no ma\u0161\u012bnas.'&#8221;<\/p>\n<\/blockquote>\n<p>Noriss uzsv\u0113ra, ka vi\u0146\u0161 nekad nav dom\u0101jis, ka \u010dempion\u0101ta uzvara visp\u0101r ir iesp\u0113jama. Sp\u0113ja pier\u0101d\u012bt pret\u0113jo sav\u0101m \u0161aub\u0101m ir &#8220;diezgan neticamas saj\u016btas&#8221; rezult\u0101ts.<\/p>\n<p>Ment\u0101l\u0101 p\u0101reja un izaugsme<\/p>\n<p>F-1 pasaul\u0113, kur katra desmitda\u013ca sekundes ir svar\u012bga, ment\u0101l\u0101 notur\u012bba ir tikpat iz\u0161\u0137iro\u0161a k\u0101 tehnisk\u0101 sagatavot\u012bba. Noriss atkl\u0101ja, ka p\u0113c gr\u016btajiem br\u012b\u017eiem, \u012bpa\u0161i p\u0113c sezonas vidus posmiem, kur vi\u0146\u0161 zaud\u0113ja l\u012bderpoz\u012bcijas Piastri, vi\u0146\u0161 veica sev nepiecie\u0161am\u0101s izmai\u0146as.<\/p>\n<p>Tas ietv\u0113ra ne tikai brauk\u0161anas uzlabo\u0161anu tras\u0113, bet ar\u012b personisk\u0101 l\u012bmen\u012b veiktu darbu, lai k\u013c\u016btu iztur\u012bg\u0101ks un sp\u0113tu no sevis ieg\u016bt vair\u0101k. Vi\u0146\u0161 nor\u0101d\u012bja, ka \u0161aj\u0101 proces\u0101 liela loma bija ar\u012b Piastri sniegumam, kur\u0161 Norisu piespieda &#8220;rakt v\u0113l dzi\u013c\u0101k nek\u0101 jebkad agr\u0101k&#8221;, jo mid-season vi\u0146\u0161 dar\u012bja lab\u0101ku darbu.<\/p>\n<p>Ar\u012b iepriek\u0161\u0113j\u0101 gad\u0101 (2024. gad\u0101) zaud\u0113tais tituls tiek min\u0113ts k\u0101 m\u0101c\u012bbu process. Lai gan Noriss cen\u0161as izvair\u012bties no v\u0101rda &#8220;no\u017e\u0113la&#8221;, vi\u0146\u0161 atzina, ka da\u017eas k\u013c\u016bdas, piem\u0113ram, \u0136\u012bnas &#8220;Sprint Qualifying&#8221; kvalifik\u0101cijas blo\u0137\u0113\u0161an\u0101s vai Kan\u0101das &#8220;Grand Prix&#8221; risks, ko vi\u0146\u0161 v\u0113l\u0113jies izpild\u012bt gudr\u0101k, maks\u0101ja d\u0101rgi. Tom\u0113r \u0161ie br\u012b\u017ei ir biju\u0161i svar\u012bgi, lai \u0161ogad pie\u0146emtu lab\u0101kus l\u0113mumus, \u012bpa\u0161i c\u012bnoties par \u010dempion\u0101ta galveno balvu.<\/p>\n<p>McLaren triumfs un \u0123imenes loma<\/p>\n<p>\u0160is 2025. gada pan\u0101kums ir \u012bpa\u0161i noz\u012bm\u012bgs ar\u012b \u201cMcLaren\u201d komandai, kura kop\u0101 ar Norisu nodro\u0161in\u0101ja gan &#8220;Formula 1&#8221; Pilotu, gan Konstruktoru kausus. Noriss ir pirmais \u201cMcLaren\u201d brauc\u0113js, kur\u0161 p\u0113c ilg\u0101ka laika atnesis komandai Pilota titulu. Brauc\u0113js emocion\u0101li atzina, ka tas ir ilgs ce\u013c\u0161, kuru vi\u0146\u0161 s\u0101cis kop\u0101 ar komandu jau devi\u0146us gadus atpaka\u013c.<\/p>\n<p>P\u0113c \u010dempion\u0101ta nodro\u0161in\u0101\u0161anas Noriss nevar\u0113ja nosl\u0113pt emocijas, pateicoties \u0123imenei, \u012bpa\u0161i vec\u0101kiem, kuri vi\u0146u atbalst\u012bju\u0161i kop\u0161 s\u0101kuma. Vi\u0146\u0161 atzina, ka tas ir br\u012bdis, kad vi\u0146\u0161 s\u0101k saprast, k\u0101 j\u016btas t\u0101di piloti k\u0101 Verstapens, kas ilgsto\u0161i domin\u0113ju\u0161i sport\u0101. T\u0101pat vi\u0146\u0161 izteica cie\u0146u saviem konkurentiem, piem\u0113ram, Verstapenam un Piastri, uzsverot, ka c\u012b\u0146a ar vi\u0146iem ir bijusi pat\u012bkama un daudz ko iem\u0101c\u012bjusies.<\/p>\n<p>N\u0101kotnes perspekt\u012bva<\/p>\n<p>Neskatoties uz \u010dempion\u0101ta uzvaru, Noriss demonstr\u0113 ap\u0146\u0113m\u012bbu saglab\u0101t \u0161o l\u012bniju. Vi\u0146\u0161 ir vien\u012bgais brauc\u0113js 2025. gada sezon\u0101, kur\u0161 katr\u0101 posm\u0101 k\u0101pis uz goda pjedest\u0101la, demonstr\u0113jot neticamu konsekvenci sezonas otraj\u0101 pus\u0113, at\u0161\u0137ir\u012bb\u0101 no Piastri, kuram v\u0113l\u0101k bija se\u0161u posmu periods bez pjedest\u0101la.<\/p>\n<p>Tom\u0113r tagad, kad sasniegts galvenais m\u0113r\u0137is, brauc\u0113js pl\u0101no atp\u016bsties un &#8220;b\u016bt norm\u0101ls&#8221;, doties atva\u013cin\u0101jum\u0101 uz k\u0101du siltu vietu, lai aizmirstu par \u0161o intens\u012bvo dz\u012bves posmu pirms gatavo\u0161an\u0101s n\u0101kamajai sezonai.<\/p>\n","protected":false},"excerpt":{"rendered":"Lando Norisa emocion\u0101lais ce\u013c\u0161 uz pasaules \u010dempiona titulu P\u0113c triumf\u0101l\u0101s 2025. gada &#8220;Formula 1&#8221; sezonas nosl\u0113guma, kad Lando&hellip;\n","protected":false},"author":2,"featured_media":83943,"comment_status":"","ping_status":"","sticky":false,"template":"","format":"standard","meta":{"footnotes":""},"categories":[17],"tags":[21175,2467,9627,35,39,38,36,37,34,40,4420,21176,67],"class_list":{"0":"post-83942","1":"post","2":"type-post","3":"status-publish","4":"format-standard","5":"has-post-thumbnail","7":"category-sports","8":"tag-f1-cempions-2025","9":"tag-formula-1","10":"tag-lando-norris","11":"tag-latvia","12":"tag-latvian","13":"tag-latviesu","14":"tag-latviesu-valoda","15":"tag-latviesuvaloda","16":"tag-latvija","17":"tag-lv","18":"tag-mclaren","19":"tag-passaubas","20":"tag-sports"},"share_on_mastodon":{"url":"https:\/\/pubeurope.com\/@lv\/115768224862597545","error":""},"_links":{"self":[{"href":"https:\/\/www.europesays.com\/lv\/wp-json\/wp\/v2\/posts\/83942","targetHints":{"allow":["GET"]}}],"collection":[{"href":"https:\/\/www.europesays.com\/lv\/wp-json\/wp\/v2\/posts"}],"about":[{"href":"https:\/\/www.europesays.com\/lv\/wp-json\/wp\/v2\/types\/post"}],"author":[{"embeddable":true,"href":"https:\/\/www.europesays.com\/lv\/wp-json\/wp\/v2\/users\/2"}],"replies":[{"embeddable":true,"href":"https:\/\/www.europesays.com\/lv\/wp-json\/wp\/v2\/comments?post=83942"}],"version-history":[{"count":0,"href":"https:\/\/www.europesays.com\/lv\/wp-json\/wp\/v2\/posts\/83942\/revisions"}],"wp:featuredmedia":[{"embeddable":true,"href":"https:\/\/www.europesays.com\/lv\/wp-json\/wp\/v2\/media\/83943"}],"wp:attachment":[{"href":"https:\/\/www.europesays.com\/lv\/wp-json\/wp\/v2\/media?parent=83942"}],"wp:term":[{"taxonomy":"category","embeddable":true,"href":"https:\/\/www.europesays.com\/lv\/wp-json\/wp\/v2\/categories?post=83942"},{"taxonomy":"post_tag","embeddable":true,"href":"https:\/\/www.europesays.com\/lv\/wp-json\/wp\/v2\/tags?post=83942"}],"curies":[{"name":"wp","href":"https:\/\/api.w.org\/{rel}","templated":true}]}}