{"id":83944,"date":"2025-12-23T09:43:14","date_gmt":"2025-12-23T09:43:14","guid":{"rendered":"https:\/\/www.europesays.com\/lv\/83944\/"},"modified":"2025-12-23T09:43:14","modified_gmt":"2025-12-23T09:43:14","slug":"jaunumi-veselibas-aprupe-no-2026-gada-kas-jazina","status":"publish","type":"post","link":"https:\/\/www.europesays.com\/lv\/83944\/","title":{"rendered":"Jaunumi vesel\u012bbas apr\u016bp\u0113 no 2026. gada. Kas j\u0101zina?"},"content":{"rendered":"<p>        Medic\u012bnisk\u0101 apaug\u013co\u0161ana un gr\u016btnie\u010du\u00a0apr\u016bpe\u00a0<\/p>\n<p>Pateicoties\u00a0pie\u0161\u0137irtajam\u00a0papildu\u00a0finans\u0113jumam\u00a0n\u0101kamgad\u00a0valsts\u00a0apmaks\u0101tas\u00a0medic\u012bnisk\u0101s\u00a0apaug\u013co\u0161anas pakapojuma ietvaros sieviet\u0113m tiks apmaks\u0101ti tr\u012bs apaug\u013co\u0161anas proced\u016bras m\u0113\u0123in\u0101jumi, ja p\u0113c proced\u016bras nav iest\u0101jusies gr\u016btniec\u012bba (iepriek\u0161 apmaks\u0101ja divus).\u00a0<\/p>\n<p><img decoding=\"async\" src=\"https:\/\/www.europesays.com\/lv\/wp-content\/uploads\/2025\/12\/76FA7DAEV.PNG\" alt=\"\"\/><\/p>\n<p>Turpm\u0101k\u00a0tiks\u00a0apmaks\u0101ts\u00a0ar\u012b jauns pakalpojums \u2013 embriju\u00a0pirms\u00a0implant\u0101cijas\u00a0diagnostika.\u00a0To veiks\u00a0\u0123imen\u0113m, kur\u0101s tiek p\u0101rmantotas\u00a0monog\u0113nas\u00a0saslim\u0161anas, lai izsl\u0113gtu\u00a0t\u0101du\u00a0embriju p\u0101rnesi, kas rezult\u0113jas ar neveiksm\u012bgu\u00a0gr\u016btniec\u012bbu.\u00a0\u00a0<\/p>\n<p>Vis\u0101m riska grupas gr\u016btniec\u0113m ar izmain\u012btiem pirm\u0101 trimestra anal\u012b\u017eu rezult\u0101tiem, paaugstin\u0101tu trisomiju risku vai vecumu virs 35 gadiem b\u016bs pieejama valsts apmaks\u0101ta NIPT testa veik\u0161ana, t\u0101d\u0113j\u0101di nodro\u0161inot agr\u012bnu \u0123en\u0113tisko trauc\u0113jumu diagnostiku bez invaz\u012bv\u0101m proced\u016br\u0101m.<\/p>\n<p>V\u0113l viens noz\u012bm\u012bgs jaunums \u2013\u00a0<a href=\"https:\/\/www.vm.gov.lv\/lv\/jaunums\/vairak-neka-700-jaunas-maminas-sanems-atbalstu-pecdzemdibu-perioda-pilotprojekta-vecmates-majas-vizite\" target=\"_blank\" rel=\"nofollow noopener\">pilotprojekta \u201cVecm\u0101tes m\u0101jas viz\u012bte\u201d<\/a> R\u012bg\u0101 un re\u0123ionos valsts apmaks\u0101tu p\u0113cdzemd\u012bbu apr\u016bpi nodro\u0161in\u0101s vair\u0101k nek\u0101 700 jauno m\u0101mi\u0146u, lai pirmaj\u0101s ned\u0113\u013c\u0101s p\u0113c dzemd\u012bb\u0101m par\u016bp\u0113tos par jaundzimu\u0161\u0101 vesel\u012bbu un sievietes emocion\u0101lo labb\u016bt\u012bbu. \u00a0<\/p>\n<p><img decoding=\"async\" src=\"https:\/\/www.europesays.com\/lv\/wp-content\/uploads\/2025\/12\/76FA7DAHY.PNG\" alt=\"\"\/><\/p>\n<p>B\u0113rnu vesel\u012bbas\u00a0apr\u016bpe\u00a0<\/p>\n<p>No\u00a0n\u0101kam\u0101 gada\u00a0priek\u0161laikus dzimu\u0161ajiem b\u0113rniem\u00a0un\u00a0z\u012bdai\u0146iem, kuri vismaz piecas dienas \u0101rst\u0113ti intens\u012bv\u0101s terapijas noda\u013c\u0101, k\u0101 ar\u012b b\u0113rniem ar cit\u0101m konstat\u0113t\u0101m vesel\u012bbas probl\u0113m\u0101m,\u00a0tiks nodro\u0161in\u0101ta\u00a0valsts apmaks\u0101ta\u00a0dzirdes p\u0101rbaude, izmantojot dzirdes smadze\u0146u stumbra reakcijas tehnolo\u0123iju. T\u0101\u00a0\u013cauj savlaic\u012bgi atkl\u0101t dzirdes trauc\u0113jumus, tostarp ar neirolo\u0123iskiem boj\u0101jumiem saist\u012btas probl\u0113mas.\u00a0<\/p>\n<p>B\u016btiskas izmai\u0146as gaid\u0101mas ar\u012b ambulatoro pakalpojumu snieg\u0161an\u0101, uzlabojot b\u0113rniem valsts apmaks\u0101tu pakalpojumu pieejam\u012bbu. Turpm\u0101k vair\u0101k\u0101s pakalpojumu programm\u0101s valsts finans\u0113jums b\u0113rniem un pieaugu\u0161ajiem tiks pl\u0101nots atsevi\u0161\u0137i, l\u012bdz ar to \u0101rstniec\u012bbas iest\u0101d\u0113m b\u016bs j\u0101uztur divas rindas \u2013 b\u0113rnu un pieaugu\u0161o. B\u0113rniem pl\u0101not\u0101s \u201ckvotas\u201d \u0101rstniec\u012bbas iest\u0101des nevar\u0113s izmantot priek\u0161 pieaugu\u0161ajiem pacientiem.\u00a0<\/p>\n<p><img decoding=\"async\" src=\"https:\/\/www.europesays.com\/lv\/wp-content\/uploads\/2025\/12\/76FA7DAHO.PNG\" alt=\"\"\/><\/p>\n<p>Jaun\u0101 k\u0101rt\u012bba attieksies uz 14 pakalpojumu programm\u0101m \u2013 kodolmagn\u0113tisko rezonansi, kardiolo\u0123iju, doplerogr\u0101fiju, gastroenterolo\u0123iju, ultrasonogr\u0101fiju, rentgenolo\u0123iju, alergolo\u0123iju u. c., k\u0101 ar\u012b dienas stacion\u0101ra programm\u0101m, piem\u0113ram, visp\u0101r\u0113jo \u0137irur\u0123iju, oftalmolo\u0123ijas \u0137irur\u0123iju, neirolo\u0123isko un iek\u0161\u0137\u012bgo slim\u012bbu \u0101rst\u0113\u0161anu, ginekolo\u0123iju, rehabilit\u0101ciju dienas stacion\u0101r\u0101 u. c.\u00a0<\/p>\n<p>Lai mazin\u0101tu sirds un asinsvadu slim\u012bbu risku, b\u0113rniem vecum\u0101 no 5 l\u012bdz 11 gadiem turpm\u0101k tiks apmaks\u0101ti profilaktiski laboratoriskie izmekl\u0113jumi, nodro\u0161inot zema bl\u012bvuma holester\u012bna, kop\u0113j\u0101 holester\u012bna un glikozes l\u012bme\u0146a noteik\u0161anu tuk\u0161\u0101 d\u016b\u0161\u0101.\u00a0<\/p>\n<p>V\u0113l viens b\u016btisks jaunums \u2013,\u00a0lai uzlabotu bri\u013c\u013cu pieejam\u012bbu b\u0113rniem re\u0123ionos,\u00a0noteikt\u0101s\u00a0re\u0123ion\u0101laj\u0101s slimn\u012bc\u0101s var\u0113s sa\u0146emt valsts apmaks\u0101tas speci\u0101lista konsult\u0101cijas izmekl\u0113jumus un ar\u012b\u00a0brilles. Iepriek\u0161 ar \u0161o m\u0113r\u0137i vec\u0101kiem\u00a0un\u00a0b\u0113rniem bija j\u0101dodas uz R\u012bgu, B\u0113rnu kl\u012bnisko universit\u0101tes slimn\u012bcu.\u00a0<\/p>\n<p><img decoding=\"async\" src=\"https:\/\/www.europesays.com\/lv\/wp-content\/uploads\/2025\/12\/76FA7DAF6.PNG\" alt=\"\"\/><\/p>\n<p>Psihisk\u0101 vesel\u012bba\u00a0<\/p>\n<p>NVD projekta \u201cVesel\u012bbas apr\u016bpes pakalpojumu mode\u013cu att\u012bst\u012bbas laboratorija\u201d ietvaros B\u0113rnu un pusaud\u017eu resursu centrs \u012bsteno\u00a0pusautomatiz\u0113t\u0101s\u00a0kognit\u012bvi\u00a0biheivior\u0101l\u0101s\u00a0terapijas projektu, k\u0101 rezult\u0101t\u0101 n\u0101kamgad tiks uzlabota valsts apmaks\u0101tu psihiatra pakalpojumu pieejam\u012bba digit\u0101l\u0101 vid\u0113.\u00a0Pusaud\u017eiem no 14 l\u012bdz 25 gadu vecumam ar\u00a0vieglu depresiju,\u00a0nom\u0101kt\u012bbas, trauksmes\u00a0un cit\u0101m saj\u016bt\u0101m,\u00a0b\u016bs pieejama mobil\u0101 lietotne\u00a0ar atbalsto\u0161u inform\u0101ciju un\u00a0terapeita tie\u0161saistes padomiem.\u00a0<\/p>\n<p>Uztura\u00a0speci\u0101lista\u00a0konsult\u0101cijas\u00a0<\/p>\n<p>No 2026. gada 1. j\u016blija pl\u0101nots uzs\u0101kt\u00a0ambulatoru\u00a0uztura speci\u0101listu\u00a0konsult\u0101ciju apmaksu\u00a0pieaugu\u0161ajiem pacientiem ar hronisk\u0101m slim\u012bb\u0101m un aptauko\u0161anos. Iepriek\u0161 \u0161\u0101ds valsts apmaks\u0101ts pakalpojums\u00a0bija pieejams tikai pacientiem ar noteiktiem vesel\u012bbas st\u0101vok\u013ciem un pacientiem, kuri\u00a0atrodas\u00a0slimn\u012bcas stacion\u0101r\u0101.<\/p>\n<p><img decoding=\"async\" src=\"https:\/\/www.europesays.com\/lv\/wp-content\/uploads\/2025\/12\/76FA7DAI7.PNG\" alt=\"\"\/><\/p>\n<p>Uzlabota pieejam\u012bba\u00a0paliat\u012bvaj\u0101 apr\u016bp\u0113\u00a0<\/p>\n<p>Pateicoties vald\u012bbas pie\u0161\u0137irtajam papildu finans\u0113jumu valsts apmaks\u0101tu paliat\u012bv\u0101s apr\u016bpes mobilo komandu pakalpojuma nodro\u0161in\u0101\u0161anai pacienta dz\u012bvesviet\u0101, tiks uzlabota pakalpojuma pieejam\u012bba pacientiem ar ierobe\u017eotu dz\u012bvildzi un smagu slim\u012bbas gaitu, k\u0101 ar\u012b augstu nepiecie\u0161am\u0101s apr\u016bpes intensit\u0101ti. \u0160\u0101du apr\u016bpi sniedz pacientiem, kuriem vajadz\u012bga akt\u012bva simptomu kontrole, s\u0101pju mazino\u0161a terapija un soci\u0101ls atbalsts, lai saglab\u0101tu dz\u012bves kvalit\u0101ti slim\u012bbas nosl\u0113guma posm\u0101.\u00a0<\/p>\n<p>Vienlaikus no n\u0101kam\u0101 gada\u00a0tiks\u00a0papla\u0161in\u0101ta\u00a0elpo\u0161anas atbalsta ier\u012b\u010du pieejam\u012bba\u00a0augstas priorit\u0101tes pacientiem un pacientiem, kuriem nav\u00a0apdraud\u0113tas dz\u012bv\u012bbai vit\u0101las funkcijas un pakalpojumu nepiecie\u0161ams nodro\u0161in\u0101t l\u012bdz 10 stund\u0101m diennakt\u012b, bet ir zems funkcion\u0113\u0161anas l\u012bmenis\u00a0tiks nodro\u0161in\u0101ta\u00a0BiPAP\u00a0ier\u012bces noma\u00a0.\u00a0T\u0101\u00a0ir\u00a0elpo\u0161anas atbalsta ier\u012bce, ko izmanto, lai pal\u012bdz\u0113tu cilv\u0113kam elpot miega laik\u0101 vai elpo\u0161anas mazsp\u0113jas gad\u012bjumos.\u00a0<\/p>\n<p>Endoprotez\u0113\u0161anas\u00a0oper\u0101cijas\u00a0ar da\u013c\u0113ju apmaksu\u00a0<\/p>\n<p>Katru gadu pieaug endoprotez\u0113\u0161anas oper\u0101cijas pakalpojuma piepras\u012bjums, l\u012bdz ar to pagarin\u0101s ar\u012b gaid\u012b\u0161anas rinda. Pl\u0101nots, ka slimn\u012bcu stacion\u0101ros, kuros veic pl\u0101nveida lielo loc\u012btavu endoprotez\u0113\u0161anu, \u0161o pakalpojumu pacienti var\u0113s veikt ar\u012b k\u0101 da\u013c\u0113ji apmaks\u0101tu, proti, pacientam b\u016bs iesp\u0113ja sa\u0146emt pakalpojumu \u0101tr\u0101k, sedzot 50% izmaksu par oper\u0101ciju un endoprot\u0113zi. Pacientiem, kuri izv\u0113l\u0113sies \u0161o iesp\u0113ju, tiks veidota atsevi\u0161\u0137a pieraksta rinda, vienlaikus neierobe\u017eojot iesp\u0113ju pierakst\u012bties ar\u012b rind\u0101 uz 100% valsts apmaks\u0101tu oper\u0101ciju. \u0160\u012b k\u0101rt\u012bba st\u0101sies sp\u0113k\u0101 no 1. j\u016blija, ja tiks apstiprin\u0101ti groz\u012bjumi Ministru kabineta noteikumos Nr. 555.\u00a0<\/p>\n<p><img decoding=\"async\" src=\"https:\/\/www.europesays.com\/lv\/wp-content\/uploads\/2025\/12\/76FA7DAIH.PNG\" alt=\"\"\/><\/p>\n<p>Kompens\u0113jamo medikamentu nodro\u0161in\u0101\u0161ana\u00a0<\/p>\n<p>Z\u0101\u013cu\u00a0terapijas nep\u0101rtraukt\u012bbas nodro\u0161in\u0101\u0161ana\u00a0un\u00a0z\u0101\u013cu pieejam\u012bbas uzlabo\u0161ana\u00a0valsts\u00a0kompens\u0113jamo\u00a0z\u0101\u013cu sist\u0113mas ietvaros\u00a0ir viena no priorit\u0101raj\u0101m vesel\u012bbas apr\u016bpes jom\u0101m.\u00a0<\/p>\n<p>Pl\u0101nots, ka n\u0101kam\u0101 gada otr\u0101 pus\u0113 aptiek\u0101 vairs neb\u016bs j\u0101veic maks\u0101jums par farmaceita pakalpojumu \u2013 iedz\u012bvot\u0101jiem ar 1. grupas invalidit\u0101ti un visiem iedz\u012bvot\u0101jiem, ja recep\u0161u z\u0101\u013cu iepakojuma cena nep\u0101rsniedz 10,00 eiro (ja z\u0101les netiek izrakst\u012btas ar 100% valsts kompens\u0101ciju). \u0160ajos gad\u012bjumos maksu par farmaceita pakalpojumu segs valsts.\u00a0<\/p>\n<p>V\u0113l viens noz\u012bm\u012bgs jaunums attiecas uz z\u0101\u013cu pieejam\u012bbas nodro\u0161in\u0101\u0161anu gr\u016btniec\u0113m. Venozu komplik\u0101ciju gad\u012bjum\u0101 un citur klasific\u0113tu slim\u012bbu gad\u012bjum\u0101 (kas sare\u017e\u0123\u012b gr\u016btniec\u012bbu, dzemd\u012bbas un p\u0113cdzemd\u012bbu periodu) Kompens\u0113jamo z\u0101\u013cu sarakst\u0101 eso\u0161ajiem medikamentiem pie \u0161im diagnoz\u0113m tiek palielin\u0101ts valsts kompens\u0101cijas apm\u0113rs no 75% l\u012bdz 100%. Vienlaikus pl\u0101nots iek\u013cauti jaunus, dzelzi saturo\u0161us medikamentus.\u00a0<\/p>\n<p>T\u0101pat pl\u0101nots uzlabot medikamentu pieejam\u012bbu b\u0113rniem, papla\u0161inot kompens\u0101cijas nosac\u012bjumus atsevi\u0161\u0137iem medikamentiem, kurus valsts jau kompens\u0113, gan ar\u012b iek\u013caujot jaunus inovat\u012bvus, izmaksu efekt\u012bvus medikamentus.\u00a0<\/p>\n<p>Inform\u0101ciju par valsts apmaks\u0101tajiem vesel\u012bbas apr\u016bpes pakalpojumiem iedz\u012bvot\u0101ji var noskaidrot NVD t\u012bmek\u013cvietn\u0113 <a href=\"http:\/\/www.vmnvd.gov.lv\/\" target=\"_blank\" rel=\"nofollow noopener\">www.vmnvd.gov.lv<\/a>\u00a0vai zvanot pa bezmaksas informat\u012bvo t\u0101lruni 80001234 (darba laiks: pirmdiena\u2013ceturtdiena plkst. 8.30\u201317.00, piektdiena plkst. 8.30\u201315.00).\u00a0<\/p>\n","protected":false},"excerpt":{"rendered":"Medic\u012bnisk\u0101 apaug\u013co\u0161ana un gr\u016btnie\u010du\u00a0apr\u016bpe\u00a0 Pateicoties\u00a0pie\u0161\u0137irtajam\u00a0papildu\u00a0finans\u0113jumam\u00a0n\u0101kamgad\u00a0valsts\u00a0apmaks\u0101tas\u00a0medic\u012bnisk\u0101s\u00a0apaug\u013co\u0161anas pakapojuma ietvaros sieviet\u0113m tiks apmaks\u0101ti tr\u012bs apaug\u013co\u0161anas proced\u016bras m\u0113\u0123in\u0101jumi, ja p\u0113c proced\u016bras nav&hellip;\n","protected":false},"author":2,"featured_media":83945,"comment_status":"","ping_status":"","sticky":false,"template":"","format":"standard","meta":{"footnotes":""},"categories":[12],"tags":[23,28,29,32,33,22,30,31,35,39,38,36,37,34,40,20,26,27,24,25,21],"class_list":{"0":"post-83944","1":"post","2":"type-post","3":"status-publish","4":"format-standard","5":"has-post-thumbnail","7":"category-latvija","8":"tag-aktualitates","9":"tag-breaking-news","10":"tag-breakingnews","11":"tag-featured-news","12":"tag-featurednews","13":"tag-headlines","14":"tag-latest-news","15":"tag-latestnews","16":"tag-latvia","17":"tag-latvian","18":"tag-latviesu","19":"tag-latviesu-valoda","20":"tag-latviesuvaloda","21":"tag-latvija","22":"tag-lv","23":"tag-news","24":"tag-popularakas-zinas","25":"tag-popularakaszinas","26":"tag-top-stories","27":"tag-topstories","28":"tag-zinas"},"share_on_mastodon":{"url":"https:\/\/pubeurope.com\/@lv\/115768237118697758","error":""},"_links":{"self":[{"href":"https:\/\/www.europesays.com\/lv\/wp-json\/wp\/v2\/posts\/83944","targetHints":{"allow":["GET"]}}],"collection":[{"href":"https:\/\/www.europesays.com\/lv\/wp-json\/wp\/v2\/posts"}],"about":[{"href":"https:\/\/www.europesays.com\/lv\/wp-json\/wp\/v2\/types\/post"}],"author":[{"embeddable":true,"href":"https:\/\/www.europesays.com\/lv\/wp-json\/wp\/v2\/users\/2"}],"replies":[{"embeddable":true,"href":"https:\/\/www.europesays.com\/lv\/wp-json\/wp\/v2\/comments?post=83944"}],"version-history":[{"count":0,"href":"https:\/\/www.europesays.com\/lv\/wp-json\/wp\/v2\/posts\/83944\/revisions"}],"wp:featuredmedia":[{"embeddable":true,"href":"https:\/\/www.europesays.com\/lv\/wp-json\/wp\/v2\/media\/83945"}],"wp:attachment":[{"href":"https:\/\/www.europesays.com\/lv\/wp-json\/wp\/v2\/media?parent=83944"}],"wp:term":[{"taxonomy":"category","embeddable":true,"href":"https:\/\/www.europesays.com\/lv\/wp-json\/wp\/v2\/categories?post=83944"},{"taxonomy":"post_tag","embeddable":true,"href":"https:\/\/www.europesays.com\/lv\/wp-json\/wp\/v2\/tags?post=83944"}],"curies":[{"name":"wp","href":"https:\/\/api.w.org\/{rel}","templated":true}]}}