{"id":83949,"date":"2025-12-23T09:47:09","date_gmt":"2025-12-23T09:47:09","guid":{"rendered":"https:\/\/www.europesays.com\/lv\/83949\/"},"modified":"2025-12-23T09:47:09","modified_gmt":"2025-12-23T09:47:09","slug":"bus-japielagojas-parmainam-diena","status":"publish","type":"post","link":"https:\/\/www.europesays.com\/lv\/83949\/","title":{"rendered":"B\u016bs j\u0101piel\u0101gojas p\u0101rmai\u0146\u0101m \/ Diena"},"content":{"rendered":"<p>\t\t&#13;<\/p>\n<p>Daudzi uz\u0146\u0113mumi ir non\u0101ku\u0161i straujas transform\u0101cijas proces\u0101. Tuv\u0101ko divu gadu laik\u0101 b\u016btiski p\u0101rveidot savu darb\u012bbas modeli pl\u0101no 81% uz\u0146\u0113mumu. To atkl\u0101j Biznesa konsult\u0101ciju un profesion\u0101lo pakalpojumu komp\u0101nijas EY veiktais p\u0113t\u012bjums\u00a0Tax and Finance Operations.\u00a0\u0160\u012b p\u0113t\u012bjuma veik\u0161anas gait\u0101 tika aptauj\u0101ti 1600 finan\u0161u direktori un nodok\u013cu eksperti 30 valst\u012bs.<\/p>\n<p>&#13;<br \/>\n&#13;<\/p>\n<p>Ar pieredzi nepietiek<\/p>\n<p>&#13;<br \/>\n&#13;<\/p>\n<p>Uz\u0146\u0113mumi vairs nevar pa\u013cauties tikai uz savu iepriek\u0161\u0113jo pieredzi, liek secin\u0101t p\u0113t\u012bjums\u00a0Tax and Finance Operations.\u00a086% finan\u0161u un nodok\u013cu jom\u0101 str\u0101d\u0101jo\u0161o vad\u012bt\u0101ju par svar\u012bgu uzskata m\u0101ksl\u012bg\u0101 intelekta (MI) integr\u0101ciju darba procesos. Vad\u012bt\u0101ji cer, ka MI sp\u0113s palielin\u0101t finan\u0161u risin\u0101jumu efektivit\u0101ti pat par 30%.<\/p>\n<p>&#13;<br \/>\n&#13;<\/p>\n<p>Ta\u010du, lai gan MI perspekt\u012bvas ir skaidri saskat\u0101mas, daudzi uz\u0146\u0113mumi MI pla\u0161ai izmanto\u0161anai v\u0113l nav gatavi. 51% uz\u0146\u0113mumu joproj\u0101m atrodas t\u0101 d\u0113v\u0113taj\u0101 agr\u012bn\u0101 datu p\u0101rvald\u012bbas brieduma posm\u0101 un vilcin\u0101s s\u0101kt moderno tehnolo\u0123iju ievie\u0161anu.<\/p>\n<p>&#13;<br \/>\n&#13;<\/p>\n<p>Vienlaikus p\u0113t\u012bjum\u0101 ir secin\u0101ts, ka finan\u0161u speci\u0101listi vair\u0101k nek\u0101 pusi (53%) sava darbalaika pavada rut\u012bnas uzdevumos, kurus MI var\u0113tu p\u0101r\u0146emt, \u013caujot finan\u0161u jomas profesion\u0101\u013ciem vair\u0101k fokus\u0113ties uz datu anal\u012btiku un da\u017e\u0101du strat\u0113\u0123iju gatavo\u0161anu.<\/p>\n<p>&#13;<br \/>\n&#13;<\/p>\n<p>Uz\u0146\u0113m\u0113jdarb\u012bbas vidi ietekm\u0113 ar\u012b p\u0101rmai\u0146as normat\u012bvaj\u0101 regul\u0113jum\u0101. Saist\u012bb\u0101 ar Eiropas Savien\u012bb\u0101 (ES) aktu\u0101lo Glob\u0101l\u0101 minim\u0101l\u0101 nodok\u013ca direkt\u012bvu 85% uz\u0146\u0113mumu pie\u013cauj, ka var palielin\u0101ties kop\u0113j\u0101s nodok\u013cu saist\u012bbas. Tikai 21% aptauj\u0101to j\u016btas piln\u012bb\u0101 gatavi<\/p>\n<p>&#13;<\/p>\n<p>Visu rakstu lasiet av\u012bzes Diena otrdienas, 23. decembra, numur\u0101! Ja v\u0113laties laikraksta saturu turpm\u0101k las\u012bt druk\u0101t\u0101 form\u0101t\u0101, to iesp\u0113jams abon\u0113t <a href=\"https:\/&lt;b&gt;+&lt;\/strong&gt;&lt;\/p&gt;&#9;&#13;&#10;&#9;&#9;&#9;&lt;footer&gt;&#13;&#10;&#9;&#9;&lt;p&gt;&#13;&#10;&#9;&#9;&#9;&lt;strong&gt;&#13;&#10;&#9;&#9;&#9;&#9;Raksta pilno versiju var ieg\u0101d\u0101ties ar\u012b port\u0101l\u0101 Diena.lv - autoriz\u0113jies,  &lt;a href=\" https:=\"\" onclick=\"Diena.user.showLogin()\">klik\u0161\u0137inot \u0161eit!<\/a>&#13;<br \/>\n\t\t\t&#13;\n\t\t<\/p>\n<p class=\"paid-article-text__price\">&#13;<br \/>\n\t\t\tRaksta cena: \u20ac0.40&#13;\n\t\t<\/p>\n<p class=\"more\">&#13;<br \/>\n\t\t\t&#13;<br \/>\n\t\t\t<a target=\"_blank\" href=\"https:\/\/www.diena.lv\/maksas-saturs\" rel=\"nofollow noopener\">Vair\u0101k inform\u0101cijas<\/a>&#13;\n\t\t<\/p>\n","protected":false},"excerpt":{"rendered":"&#13; Daudzi uz\u0146\u0113mumi ir non\u0101ku\u0161i straujas transform\u0101cijas proces\u0101. Tuv\u0101ko divu gadu laik\u0101 b\u016btiski p\u0101rveidot savu darb\u012bbas modeli pl\u0101no&hellip;\n","protected":false},"author":2,"featured_media":83950,"comment_status":"","ping_status":"","sticky":false,"template":"","format":"standard","meta":{"footnotes":""},"categories":[16],"tags":[77,76,35,39,38,36,37,34,40],"class_list":{"0":"post-83949","1":"post","2":"type-post","3":"status-publish","4":"format-standard","5":"has-post-thumbnail","7":"category-bizness","8":"tag-bizness","9":"tag-business","10":"tag-latvia","11":"tag-latvian","12":"tag-latviesu","13":"tag-latviesu-valoda","14":"tag-latviesuvaloda","15":"tag-latvija","16":"tag-lv"},"share_on_mastodon":{"url":"https:\/\/pubeurope.com\/@lv\/115768252435557644","error":""},"_links":{"self":[{"href":"https:\/\/www.europesays.com\/lv\/wp-json\/wp\/v2\/posts\/83949","targetHints":{"allow":["GET"]}}],"collection":[{"href":"https:\/\/www.europesays.com\/lv\/wp-json\/wp\/v2\/posts"}],"about":[{"href":"https:\/\/www.europesays.com\/lv\/wp-json\/wp\/v2\/types\/post"}],"author":[{"embeddable":true,"href":"https:\/\/www.europesays.com\/lv\/wp-json\/wp\/v2\/users\/2"}],"replies":[{"embeddable":true,"href":"https:\/\/www.europesays.com\/lv\/wp-json\/wp\/v2\/comments?post=83949"}],"version-history":[{"count":0,"href":"https:\/\/www.europesays.com\/lv\/wp-json\/wp\/v2\/posts\/83949\/revisions"}],"wp:featuredmedia":[{"embeddable":true,"href":"https:\/\/www.europesays.com\/lv\/wp-json\/wp\/v2\/media\/83950"}],"wp:attachment":[{"href":"https:\/\/www.europesays.com\/lv\/wp-json\/wp\/v2\/media?parent=83949"}],"wp:term":[{"taxonomy":"category","embeddable":true,"href":"https:\/\/www.europesays.com\/lv\/wp-json\/wp\/v2\/categories?post=83949"},{"taxonomy":"post_tag","embeddable":true,"href":"https:\/\/www.europesays.com\/lv\/wp-json\/wp\/v2\/tags?post=83949"}],"curies":[{"name":"wp","href":"https:\/\/api.w.org\/{rel}","templated":true}]}}