{"id":83955,"date":"2025-12-23T09:50:10","date_gmt":"2025-12-23T09:50:10","guid":{"rendered":"https:\/\/www.europesays.com\/lv\/83955\/"},"modified":"2025-12-23T09:50:10","modified_gmt":"2025-12-23T09:50:10","slug":"krievijas-triecienos-ukrainai-tris-nogalinatie-odesas-apgabala-120-000-iedzivotaju-paliek-bez-elektribas-raksts","status":"publish","type":"post","link":"https:\/\/www.europesays.com\/lv\/83955\/","title":{"rendered":"Krievijas triecienos Ukrainai tr\u012bs nogalin\u0101tie; Odesas apgabal\u0101 120\u00a0000 iedz\u012bvot\u0101ju paliek bez elektr\u012bbas \/ Raksts"},"content":{"rendered":"<p>\n                        \u0160odien, 7:50                    <\/p>\n<p>\n                            Papildin\u0101ts \u0161odien, 11:20                        <\/p>\n<p>                            <a target=\"_blank\" href=\"https:\/\/www.lsm.lv\/raksts\/zinas\/arzemes\/23.12.2025-krievijas-triecienos-ukrainai-tris-nogalinatie-odesas-apgabala-120-000-iedzivotaju-paliek-bez-elektribas.a627536\/javascript:;\" rel=\"nofollow noopener\"><img decoding=\"async\" src=\"https:\/\/www.europesays.com\/lv\/wp-content\/uploads\/2025\/11\/logo_593e5d8b93064.jpg\" alt=\"LETA\"\/><\/a>                        <\/p>\n<p>Krievija aizvad\u012btaj\u0101 nakt\u012b un otrdienas r\u012bt\u0101 veica pla\u0161u dronu un ra\u0137e\u0161u uzbrukumu Ukrainai, kur\u0101 nogalin\u0101ti tr\u012bs cilv\u0113ki un vismaz desmit cietu\u0161i, k\u0101 ar\u012b nodar\u012bti lieli post\u012bjumi ener\u0123\u0113tikas infrastrukt\u016brai pazi\u0146oja Ukrainas amatpersonas.<\/p>\n<p>Kijivas apgabala Vi\u0161horodas rajon\u0101 aizdegusies priv\u0101tm\u0101ja un g\u0101jusi boj\u0101 sieviete, kas taj\u0101 atrad\u0101s. V\u0113l tr\u012bs cilv\u0113ki \u0161aj\u0101 rajon\u0101 ievainoti. Hme\u013c\u0146ickas apgabal\u0101 nogalin\u0101ts viens cilv\u0113ks. \u017ditomiras apgabal\u0101 nodar\u012bti boj\u0101jumi dz\u012bvojam\u0101m m\u0101j\u0101m un veikalam, nogalin\u0101ta \u010detrus gadus veca meitene un cietu\u0161i pieci cilv\u0113ki.<\/p>\n<p>Dronu uzbrukumos Odes\u0101 boj\u0101ta ostas infrastrukt\u016bra un ku\u0123i.\u00a0Odesas apgabal\u0101 nodar\u012bti post\u012bjumi 122 priv\u0101tm\u0101ju, tr\u012bs daudzdz\u012bvok\u013cu m\u0101ju un citu \u0113ku jumtiem un logiem. Zi\u0146u par cietu\u0161ajiem nav.<\/p>\n<p>T\u0101pat Krievijas uzbrukumi ir iegr\u016bdu\u0161i Odesas apgabalu tums\u0101 un aukstum\u0101 tikai da\u017eas dienas pirms Ziemassv\u0113tkiem, jo p\u0113c 22.\u00a0decembra uzbrukumiem trim energoiek\u0101rt\u0101m elektroener\u0123ijas pieg\u0101de p\u0101rtraukta vair\u0101k nek\u0101 120\u00a0000 iedz\u012bvot\u0101jiem.<\/p>\n<p>Krievijas triecienu d\u0113\u013c elektroapg\u0101de piln\u012bb\u0101 p\u0101rtraukta ar\u012b Hme\u013c\u0146ickas, Rivnes un Ternopi\u013cas apgabalos, bet elektroapg\u0101des trauc\u0113jumi ir \u010cer\u0146ihivas, D\u0146ipropetrovskas, Doneckas, Harkivas un Vinnicas apgabalos.\u00a0<\/p>\n<p>Intens\u012bvs uzbrukums nakt\u012b v\u0113rsts ar\u012b pret Sumu apgabala zieme\u013cu rajoniem. Uzbrukums sk\u0101ris civilo infrastrukt\u016bru, izraisot elektroener\u0123ijas padeves p\u0101rtraukumus re\u0123ion\u0101.<\/p>\n<blockquote>\n<p>\u0160oned\u0113\u013c ar\u012b par\u0101d\u012bj\u0101s zi\u0146as par to, ka Krievijas karasp\u0113ks no Hrabovskas ciema Sumu apgabal\u0101 nolaup\u012bjis un uz Krieviju aizvedis 52 iedz\u012bvot\u0101jus, tostarp vair\u0101kus b\u0113rnus.<\/p>\n<\/blockquote>\n<p>Ciems atrodas 200 metru att\u0101lum\u0101 no Krievijas robe\u017eas.\u00a0<\/p>\n<p>Ukrainas ombuds Dmitro Lubinecs mudin\u0101jis civiliedz\u012bvot\u0101jus \u0161aj\u0101 apgabal\u0101 nekav\u0113joties evaku\u0113ties, jo uztur\u0113\u0161an\u0101s kaujas zon\u0101 ir b\u012bstama. Vi\u0146\u0161 uzsv\u0113ris nepiecie\u0161am\u012bbu pie\u0146emt likumu par oblig\u0101tu evaku\u0101ciju, jo \u012bpa\u0161i b\u0113rniem, no apgabaliem, kuros past\u0101v tie\u0161i draudi vi\u0146u dz\u012bv\u012bbai un br\u012bv\u012bbai.\u00a0<\/p>\n<p>Savuk\u0101rt \u0101rlietu ministrs Andrijs Sibiha mudin\u0101jis visas valstis un starptautisk\u0101s organiz\u0101cijas atbalst\u012bt Ukrainu, pieprasot ukrai\u0146u pilso\u0146u atgrie\u0161anos t\u0101s kontrol\u0113taj\u0101 teritorij\u0101.<\/p>\n<p>KONTEKSTS:<\/p>\n<p>Nepamatotais un neizprovoc\u0113tais Krievijas pla\u0161a m\u0113roga iebrukums Ukrain\u0101 s\u0101k\u0101s<a data-id=\"445043\" data-type=\"article\" href=\"https:\/\/www.lsm.lv\/raksts\/zinas\/arzemes\/putina-rezims-sacis-masivu-uzbrukumu-ukrainai.a445043\/\" class=\"lsm-link\" rel=\"nofollow noopener\" target=\"_blank\">\u00a02022. gada 24. febru\u0101r\u012b<\/a>. Krem\u013ca propaganda sol\u012bja ie\u0146emt Kijivu tr\u012bs dien\u0101s, ta\u010du ukrai\u0146u sp\u0113c\u012bg\u0101 pretest\u012bba ne\u013c\u0101va Kremlim realiz\u0113t savus pl\u0101nus.<\/p>\n<p>P\u0113c neveiksm\u0113m Kremlis izveda armiju no Kijivas apgabala, bet turpin\u0101ja ofens\u012bvu citos re\u0123ionos. 2022. gada ruden\u012b ukrai\u0146u armijai izdev\u0101s atbr\u012bvot\u00a0<a data-id=\"477237\" data-type=\"article\" href=\"https:\/\/www.lsm.lv\/raksts\/zinas\/arzemes\/sala-zeme-harkivas-atbrivosana--ltv-zinu-dienesta-filma-par-krievijas-kara-plosito-ukrainu.a477237\/\" class=\"lsm-link\" rel=\"nofollow noopener\" target=\"_blank\">Harkivas apgabalu<\/a>\u00a0un da\u013cu<a data-id=\"482245\" data-type=\"article\" href=\"https:\/\/www.lsm.lv\/raksts\/zinas\/arzemes\/zelenskis-mes-esam-atguvusi-hersonu.a482245\/\" class=\"lsm-link\" rel=\"nofollow noopener\" target=\"_blank\">\u00a0Hersonas apgabala<\/a>, vairojot cer\u012bbas uz iesp\u0113ju sakaut pretinieku.<\/p>\n<p>Ta\u010du 2023. gada vasar\u0101 s\u0101ktais Ukrainas pretuzbrukums nebija tik veiksm\u012bgs, ko Ukrainas armija skaidro gan ar nepietiekamu iero\u010du nodro\u0161in\u0101jumu no Rietumu sabiedrotajiem, gan ar Krievijas armijas izveidoto pamat\u012bgo aizsardz\u012bbas l\u012bniju un pla\u0161ajiem m\u012bnu laukiem.<\/p>\n<p>2024. gada august\u0101 Ukraina veica<a data-id=\"564270\" data-type=\"article\" href=\"https:\/\/www.lsm.lv\/article-preview\/zinas\/arzemes\/07.08.2024-ukraina-un-krievija-uzsakusi-cinas-kurskas-apgabala.a564270\/\" class=\"lsm-link\" rel=\"nofollow noopener\" target=\"_blank\">\u00a0iebrukumu<\/a>\u00a0Kurskas apgabal\u0101 Krievij\u0101. T\u0101 ir pirm\u0101 reize kop\u0161 Otr\u0101 pasaules kara, kad Krievijas teritorijas da\u013cu ilgsto\u0161i ie\u0146\u0113mis \u0101rvalstu karasp\u0113ks.<\/p>\n<p>Kop\u0161 2024. gada rudens Krievija karadarb\u012bb\u0101 pret Ukrainu iesaist\u012bjusi ar\u012b lielu<a data-id=\"573077\" data-type=\"article\" href=\"https:\/\/www.lsm.lv\/raksts\/zinas\/arzemes\/18.10.2024-izluki-ziemelkoreja-grib-nosutit-12-000-karaviru-uz-karu-ukraina-dalu-jau-apmaca-krievija.a573077\/?utm_source=lsm&amp;utm_medium=article-body&amp;utm_campaign=admin\" class=\"lsm-link\" rel=\"nofollow noopener\" target=\"_blank\">\u00a0Zieme\u013ckorejas karav\u012bru<\/a>\u00a0skaitu. 2025. gada vasar\u0101 Zelenskis<a data-id=\"609234\" data-type=\"article\" href=\"https:\/\/www.lsm.lv\/article-preview\/zinas\/arzemes\/05.08.2025-zelenskis-ukrainas-austrumos-krievijas-armija-karo-algotni-no-kinas-un-pakistanas.a609234\/\" class=\"lsm-link\" rel=\"nofollow noopener\" target=\"_blank\">\u00a0pav\u0113st\u012bja<\/a>, ka Ukrainas austrumos Krievijas armij\u0101 karo ar\u012b algot\u0146i no \u0136\u012bnas un Pakist\u0101nas.<\/p>\n<p>Lai ar\u012b l\u012bdz ar ASV prezidenta Donalda Trampa st\u0101\u0161anos amat\u0101 starp Balto namu, Kremli un Kijivu vair\u0101kk\u0101rt notiku\u0161as sarunas par pamieru Ukrain\u0101, l\u012bdz \u0161im t\u0101s rezult\u0101tus nav devu\u0161as.<\/p>\n<p>                    Valodas k\u013c\u016bda rakst\u0101?<\/p>\n<p class=\"d-none d-md-block\">Iez\u012bm\u0113jiet tekstu un spiediet Ctrl+Enter, lai nos\u016bt\u012btu labojamo teksta fragmentu redaktoram! Par faktu k\u013c\u016bd\u0101m l\u016bdzam zi\u0146ot e-past\u0101 <a href=\"https:\/\/www.lsm.lv\/cdn-cgi\/l\/email-protection\" class=\"__cf_email__\" data-cfemail=\"cdbfa8a9aca6aea4a7ac8da1bea0e3a1bb\" rel=\"nofollow noopener\" target=\"_blank\">[email\u00a0protected]<\/a>.<\/p>\n<p class=\"d-md-none\">Iez\u012bm\u0113jiet tekstu un spiediet uz Zi\u0146ot par k\u013c\u016bdu pogas, lai nos\u016bt\u012btu labojamo teksta fragmentu redaktoram!<\/p>\n<p>\n                    Zi\u0146ot par k\u013c\u016bdu\n                <\/p>\n","protected":false},"excerpt":{"rendered":"\u0160odien, 7:50 Papildin\u0101ts \u0161odien, 11:20 Krievija aizvad\u012btaj\u0101 nakt\u012b un otrdienas r\u012bt\u0101 veica pla\u0161u dronu un ra\u0137e\u0161u uzbrukumu Ukrainai,&hellip;\n","protected":false},"author":2,"featured_media":83715,"comment_status":"","ping_status":"","sticky":false,"template":"","format":"standard","meta":{"footnotes":""},"categories":[5],"tags":[23,28,29,32,33,22,30,31,35,39,38,36,37,34,40,20,26,27,24,25,21],"class_list":{"0":"post-83955","1":"post","2":"type-post","3":"status-publish","4":"format-standard","5":"has-post-thumbnail","7":"category-aktualitates","8":"tag-aktualitates","9":"tag-breaking-news","10":"tag-breakingnews","11":"tag-featured-news","12":"tag-featurednews","13":"tag-headlines","14":"tag-latest-news","15":"tag-latestnews","16":"tag-latvia","17":"tag-latvian","18":"tag-latviesu","19":"tag-latviesu-valoda","20":"tag-latviesuvaloda","21":"tag-latvija","22":"tag-lv","23":"tag-news","24":"tag-popularakas-zinas","25":"tag-popularakaszinas","26":"tag-top-stories","27":"tag-topstories","28":"tag-zinas"},"share_on_mastodon":{"url":"https:\/\/pubeurope.com\/@lv\/115768264338304666","error":""},"_links":{"self":[{"href":"https:\/\/www.europesays.com\/lv\/wp-json\/wp\/v2\/posts\/83955","targetHints":{"allow":["GET"]}}],"collection":[{"href":"https:\/\/www.europesays.com\/lv\/wp-json\/wp\/v2\/posts"}],"about":[{"href":"https:\/\/www.europesays.com\/lv\/wp-json\/wp\/v2\/types\/post"}],"author":[{"embeddable":true,"href":"https:\/\/www.europesays.com\/lv\/wp-json\/wp\/v2\/users\/2"}],"replies":[{"embeddable":true,"href":"https:\/\/www.europesays.com\/lv\/wp-json\/wp\/v2\/comments?post=83955"}],"version-history":[{"count":0,"href":"https:\/\/www.europesays.com\/lv\/wp-json\/wp\/v2\/posts\/83955\/revisions"}],"wp:featuredmedia":[{"embeddable":true,"href":"https:\/\/www.europesays.com\/lv\/wp-json\/wp\/v2\/media\/83715"}],"wp:attachment":[{"href":"https:\/\/www.europesays.com\/lv\/wp-json\/wp\/v2\/media?parent=83955"}],"wp:term":[{"taxonomy":"category","embeddable":true,"href":"https:\/\/www.europesays.com\/lv\/wp-json\/wp\/v2\/categories?post=83955"},{"taxonomy":"post_tag","embeddable":true,"href":"https:\/\/www.europesays.com\/lv\/wp-json\/wp\/v2\/tags?post=83955"}],"curies":[{"name":"wp","href":"https:\/\/api.w.org\/{rel}","templated":true}]}}