{"id":83964,"date":"2025-12-23T09:56:10","date_gmt":"2025-12-23T09:56:10","guid":{"rendered":"https:\/\/www.europesays.com\/lv\/83964\/"},"modified":"2025-12-23T09:56:10","modified_gmt":"2025-12-23T09:56:10","slug":"dziesminiece-laila-ilze-purmaliete-savu-rigas-dzivokli-pos-ar-pasas-audzetu-egliti-fotogalerija","status":"publish","type":"post","link":"https:\/\/www.europesays.com\/lv\/83964\/","title":{"rendered":"Dziesminiece Laila Ilze Purmaliete savu R\u012bgas dz\u012bvokli po\u0161 ar pa\u0161as audz\u0113tu egl\u012bti. FOTOGALERIJA"},"content":{"rendered":"<p>\u201c\u013boti priec\u0101jos, ka esmu atpaka\u013c R\u012bg\u0101, kur varu akt\u012bvi tikties ar cilv\u0113kiem un nodarboties ar t\u0101m liet\u0101m, kas man visvair\u0101k pat\u012bk. \u0160\u012bs ir manas m\u0101jas un reiz\u0113 ar\u012b mana darba vieta \u2013 ierakstu studija un m\u0113\u0123in\u0101jumu telpa,\u201d dz\u012bvokli, kur\u0101 ir tr\u012bs istabas, izr\u0101da Laila. Saimniece atkl\u0101j, ka, iek\u0101rtojot telpas, daudz dom\u0101jusi par to, \u201ccik svar\u012bgi ir neaizmirst sevi m\u012bl\u0113t\u201d.\u00a0\u201cTie\u0161i Vizma Bel\u0161evica man par to liek atcer\u0113ties, jo t\u0101 vi\u0146ai bijusi \u013coti aktu\u0101la t\u0113ma.\u00a0Sev atg\u0101dinu, ka bez t\u0101 nevar\u0113\u0161u ar\u012b citus m\u012bl\u0113t un b\u016bt laim\u012bga. T\u0101d\u0113\u013c man ir svar\u012bgi justies labi sav\u0101 vid\u0113 \u2013 sav\u0101 dz\u012bvokl\u012b.\u201d<\/p>\n","protected":false},"excerpt":{"rendered":"\u201c\u013boti priec\u0101jos, ka esmu atpaka\u013c R\u012bg\u0101, kur varu akt\u012bvi tikties ar cilv\u0113kiem un nodarboties ar t\u0101m liet\u0101m, kas&hellip;\n","protected":false},"author":2,"featured_media":83965,"comment_status":"","ping_status":"","sticky":false,"template":"","format":"standard","meta":{"footnotes":""},"categories":[5],"tags":[23,28,29,32,33,22,30,31,35,39,38,36,37,34,40,20,26,27,24,25,21],"class_list":{"0":"post-83964","1":"post","2":"type-post","3":"status-publish","4":"format-standard","5":"has-post-thumbnail","7":"category-aktualitates","8":"tag-aktualitates","9":"tag-breaking-news","10":"tag-breakingnews","11":"tag-featured-news","12":"tag-featurednews","13":"tag-headlines","14":"tag-latest-news","15":"tag-latestnews","16":"tag-latvia","17":"tag-latvian","18":"tag-latviesu","19":"tag-latviesu-valoda","20":"tag-latviesuvaloda","21":"tag-latvija","22":"tag-lv","23":"tag-news","24":"tag-popularakas-zinas","25":"tag-popularakaszinas","26":"tag-top-stories","27":"tag-topstories","28":"tag-zinas"},"share_on_mastodon":{"url":"https:\/\/pubeurope.com\/@lv\/115768287707306545","error":""},"_links":{"self":[{"href":"https:\/\/www.europesays.com\/lv\/wp-json\/wp\/v2\/posts\/83964","targetHints":{"allow":["GET"]}}],"collection":[{"href":"https:\/\/www.europesays.com\/lv\/wp-json\/wp\/v2\/posts"}],"about":[{"href":"https:\/\/www.europesays.com\/lv\/wp-json\/wp\/v2\/types\/post"}],"author":[{"embeddable":true,"href":"https:\/\/www.europesays.com\/lv\/wp-json\/wp\/v2\/users\/2"}],"replies":[{"embeddable":true,"href":"https:\/\/www.europesays.com\/lv\/wp-json\/wp\/v2\/comments?post=83964"}],"version-history":[{"count":0,"href":"https:\/\/www.europesays.com\/lv\/wp-json\/wp\/v2\/posts\/83964\/revisions"}],"wp:featuredmedia":[{"embeddable":true,"href":"https:\/\/www.europesays.com\/lv\/wp-json\/wp\/v2\/media\/83965"}],"wp:attachment":[{"href":"https:\/\/www.europesays.com\/lv\/wp-json\/wp\/v2\/media?parent=83964"}],"wp:term":[{"taxonomy":"category","embeddable":true,"href":"https:\/\/www.europesays.com\/lv\/wp-json\/wp\/v2\/categories?post=83964"},{"taxonomy":"post_tag","embeddable":true,"href":"https:\/\/www.europesays.com\/lv\/wp-json\/wp\/v2\/tags?post=83964"}],"curies":[{"name":"wp","href":"https:\/\/api.w.org\/{rel}","templated":true}]}}