{"id":83966,"date":"2025-12-23T09:58:08","date_gmt":"2025-12-23T09:58:08","guid":{"rendered":"https:\/\/www.europesays.com\/lv\/83966\/"},"modified":"2025-12-23T09:58:08","modified_gmt":"2025-12-23T09:58:08","slug":"zutis-pret-rozentalu-jauna-gada-ievada-arena-bus-jaudigs-cinu-sovs-bazara-0-fight-club-iii","status":"publish","type":"post","link":"https:\/\/www.europesays.com\/lv\/83966\/","title":{"rendered":"Zutis pret Rozent\u0101lu \u2013 jaun\u0101 gada ievad\u0101 ar\u0113n\u0101 b\u016bs jaud\u012bgs c\u012b\u0146u \u0161ovs &#8220;Bazara 0 Fight Club III&#8221;"},"content":{"rendered":"<p>Jau n\u0101kam\u0101 gada pa\u0161\u0101 s\u0101kum\u0101 10. janv\u0101r\u012b &#8220;Xiaomi Ar\u0113n\u0101&#8221; R\u012bg\u0101 notiks jau tre\u0161ais strauji augo\u0161\u0101s &#8220;Bazara 0&#8221; c\u012b\u0146u s\u0113rijas pas\u0101kums, kas pulc\u0113s vado\u0161os Latvijas c\u012b\u0146u sportistus un c\u012bksto\u0146us no \u0101rzem\u0113m, m\u0113rojot sp\u0113kus zem \u012bpa\u0161iem hibr\u012bdnoteikumiem.<\/p>\n<p>&#8220;&#8216;Bazara 0 Fight Club III\u2019 ir potenci\u0101li liel\u0101kais c\u012b\u0146u \u0161ovs Latvijas v\u0113stur\u0113, rad\u012bts tie\u0161i latvie\u0161iem un Latvijai,&#8221; koment\u0113 Vesnenoks. &#8220;Cent\u0101mies nepiesaist\u012bt p\u0101rlieku daudz starptautisku zvaig\u017e\u0146u, bet gan lab\u0101kos c\u012bksto\u0146us no mums pa\u0161iem, lai veidotu skat\u0101m\u0101k\u0101s un interesant\u0101k\u0101s c\u012b\u0146as. Intens\u012bvi str\u0101d\u0101 visa komanda. Gatavojam gan sp\u0113c\u012bgas vizualiz\u0101cijas, gan atmosf\u0113ru; r\u016bp\u0113jamies par to, lai viss par un ap norit\u0113tu fenomen\u0101li. Pats esmu c\u012bn\u012bjies, t\u0101p\u0113c dar\u0101m visu, lai ar\u012b pa\u0161i c\u012bksto\u0146i \u0161o procesu var izbaud\u012bt. Dom\u0101ju, ka \u0161is pas\u0101kums no mums ir liel\u0101kais, ko Latvijas robe\u017e\u0101s sp\u0113jam uzr\u012bkot, bet tie nav griesti. Vienm\u0113r var lab\u0101k.&#8221;<\/p>\n<p class=\"m-0\">Seko &#8220;Delfi&#8221; ar\u012b  <a target=\"_blank\" href=\"https:\/\/www.instagram.com\/delfi.lv\/\" rel=\"nofollow noopener\">Instagram<\/a>  un <a target=\"_blank\" href=\"https:\/\/www.youtube.com\/channel\/UCw5foWtcJvAbUm64rv7jwUQ\" rel=\"nofollow noopener\">YouTube<\/a>  profil\u0101 \u2013 pievienojies, lai uzzin\u0101tu svar\u012bg\u0101ko un interesant\u0101ko pirmais!<\/p>\n<p>Publik\u0101cijas saturs vai t\u0101s jebk\u0101da apjoma da\u013ca ir aizsarg\u0101ts autorties\u012bbu objekts Autorties\u012bbu likuma izpratn\u0113, un t\u0101 izmanto\u0161ana bez izdev\u0113ja at\u013caujas ir aizliegta. Vair\u0101k lasi  <a target=\"_blank\" href=\"https:\/\/www.delfi.lv\/noteikumi#autortiesibas\" rel=\"nofollow noopener\">\u0161eit<\/a><script async src=\"\/\/www.instagram.com\/embed.js\"><\/script><\/p>\n","protected":false},"excerpt":{"rendered":"Jau n\u0101kam\u0101 gada pa\u0161\u0101 s\u0101kum\u0101 10. janv\u0101r\u012b &#8220;Xiaomi Ar\u0113n\u0101&#8221; R\u012bg\u0101 notiks jau tre\u0161ais strauji augo\u0161\u0101s &#8220;Bazara 0&#8221; c\u012b\u0146u&hellip;\n","protected":false},"author":2,"featured_media":83967,"comment_status":"","ping_status":"","sticky":false,"template":"","format":"standard","meta":{"footnotes":""},"categories":[17],"tags":[2153,6656,35,39,38,36,37,34,40,20959,67],"class_list":{"0":"post-83966","1":"post","2":"type-post","3":"status-publish","4":"format-standard","5":"has-post-thumbnail","7":"category-sports","8":"tag-bokss","9":"tag-kristaps-zutis","10":"tag-latvia","11":"tag-latvian","12":"tag-latviesu","13":"tag-latviesu-valoda","14":"tag-latviesuvaloda","15":"tag-latvija","16":"tag-lv","17":"tag-ricards-bolotniks","18":"tag-sports"},"share_on_mastodon":{"url":"https:\/\/pubeurope.com\/@lv\/115768295712125883","error":""},"_links":{"self":[{"href":"https:\/\/www.europesays.com\/lv\/wp-json\/wp\/v2\/posts\/83966","targetHints":{"allow":["GET"]}}],"collection":[{"href":"https:\/\/www.europesays.com\/lv\/wp-json\/wp\/v2\/posts"}],"about":[{"href":"https:\/\/www.europesays.com\/lv\/wp-json\/wp\/v2\/types\/post"}],"author":[{"embeddable":true,"href":"https:\/\/www.europesays.com\/lv\/wp-json\/wp\/v2\/users\/2"}],"replies":[{"embeddable":true,"href":"https:\/\/www.europesays.com\/lv\/wp-json\/wp\/v2\/comments?post=83966"}],"version-history":[{"count":0,"href":"https:\/\/www.europesays.com\/lv\/wp-json\/wp\/v2\/posts\/83966\/revisions"}],"wp:featuredmedia":[{"embeddable":true,"href":"https:\/\/www.europesays.com\/lv\/wp-json\/wp\/v2\/media\/83967"}],"wp:attachment":[{"href":"https:\/\/www.europesays.com\/lv\/wp-json\/wp\/v2\/media?parent=83966"}],"wp:term":[{"taxonomy":"category","embeddable":true,"href":"https:\/\/www.europesays.com\/lv\/wp-json\/wp\/v2\/categories?post=83966"},{"taxonomy":"post_tag","embeddable":true,"href":"https:\/\/www.europesays.com\/lv\/wp-json\/wp\/v2\/tags?post=83966"}],"curies":[{"name":"wp","href":"https:\/\/api.w.org\/{rel}","templated":true}]}}