{"id":83970,"date":"2025-12-23T10:00:08","date_gmt":"2025-12-23T10:00:08","guid":{"rendered":"https:\/\/www.europesays.com\/lv\/83970\/"},"modified":"2025-12-23T10:00:08","modified_gmt":"2025-12-23T10:00:08","slug":"polija-spradziena-oglraktuves-divi-bojagajusie-diena","status":"publish","type":"post","link":"https:\/\/www.europesays.com\/lv\/83970\/","title":{"rendered":"Polij\u0101 spr\u0101dzien\u0101 og\u013craktuv\u0113s divi boj\u0101g\u0101ju\u0161ie \/ Diena"},"content":{"rendered":"<p>Spr\u0101dziens notika pirmdienas p\u0113cpusdien\u0101 raktuv\u0113s Pavlovic\u0113 aptuveni 900 metru dzi\u013cum\u0101.<\/p>\n<p>&#13;<br \/>\n&#13;<\/p>\n<p>Spr\u0101dziena vietas tuvum\u0101 tobr\u012bd str\u0101d\u0101ja desmit og\u013cra\u010di.<\/p>\n<p>&#13;<br \/>\n&#13;<\/p>\n<blockquote><p>&#13;<\/p>\n<p>Asto\u0146iem izdev\u0101s nok\u013c\u016bt dro\u0161\u012bb\u0101, bet tika zaud\u0113ts kontakts ar diviem citiem str\u0101dniekiem. Vi\u0146i bija 40 un 41 gadu veci.<\/p>\n<p>&#13;\n<\/p><\/blockquote>\n<p>&#13;<br \/>\n&#13;<\/p>\n<p>Gl\u0101b\u0161anas komandas abus v\u012brie\u0161us atrada p\u0113c septi\u0146as stundas ilg\u0101s mekl\u0113\u0161anas.<\/p>\n<p>&#13;<br \/>\n&#13;<\/p>\n<p>\u0100rsts notikuma viet\u0101 konstat\u0113ja, ka vi\u0146i ir miru\u0161i.<\/p>\n<p>&#13;<br \/>\n&#13;<\/p>\n<p>Saska\u0146\u0101 ar Valsts kalnr\u016bpniec\u012bbas p\u0101rvaldes datiem \u0161ogad Polij\u0101 kalnr\u016bpniec\u012bbas negad\u012bjumos boj\u0101g\u0101ju\u0161o skaits sasniedzis 15 cilv\u0113kus.<\/p>\n<p>&#13;<br \/>\n&#13;<\/p>\n<p>\u00a0<\/p>\n<p>&#13;<\/p>\n","protected":false},"excerpt":{"rendered":"Spr\u0101dziens notika pirmdienas p\u0113cpusdien\u0101 raktuv\u0113s Pavlovic\u0113 aptuveni 900 metru dzi\u013cum\u0101. &#13; &#13; Spr\u0101dziena vietas tuvum\u0101 tobr\u012bd str\u0101d\u0101ja desmit&hellip;\n","protected":false},"author":2,"featured_media":83971,"comment_status":"","ping_status":"","sticky":false,"template":"","format":"standard","meta":{"footnotes":""},"categories":[14],"tags":[23,57,28,29,32,33,22,30,31,35,39,38,36,37,34,40,20,26,27,24,25,54,55,56,21,58],"class_list":{"0":"post-83970","1":"post","2":"type-post","3":"status-publish","4":"format-standard","5":"has-post-thumbnail","7":"category-zinas-no-arvalstim","8":"tag-aktualitates","9":"tag-arvalstim","10":"tag-breaking-news","11":"tag-breakingnews","12":"tag-featured-news","13":"tag-featurednews","14":"tag-headlines","15":"tag-latest-news","16":"tag-latestnews","17":"tag-latvia","18":"tag-latvian","19":"tag-latviesu","20":"tag-latviesu-valoda","21":"tag-latviesuvaloda","22":"tag-latvija","23":"tag-lv","24":"tag-news","25":"tag-popularakas-zinas","26":"tag-popularakaszinas","27":"tag-top-stories","28":"tag-topstories","29":"tag-world","30":"tag-world-news","31":"tag-worldnews","32":"tag-zinas","33":"tag-zinas-no-arvalstim"},"share_on_mastodon":{"url":"https:\/\/pubeurope.com\/@lv\/115768303564310221","error":""},"_links":{"self":[{"href":"https:\/\/www.europesays.com\/lv\/wp-json\/wp\/v2\/posts\/83970","targetHints":{"allow":["GET"]}}],"collection":[{"href":"https:\/\/www.europesays.com\/lv\/wp-json\/wp\/v2\/posts"}],"about":[{"href":"https:\/\/www.europesays.com\/lv\/wp-json\/wp\/v2\/types\/post"}],"author":[{"embeddable":true,"href":"https:\/\/www.europesays.com\/lv\/wp-json\/wp\/v2\/users\/2"}],"replies":[{"embeddable":true,"href":"https:\/\/www.europesays.com\/lv\/wp-json\/wp\/v2\/comments?post=83970"}],"version-history":[{"count":0,"href":"https:\/\/www.europesays.com\/lv\/wp-json\/wp\/v2\/posts\/83970\/revisions"}],"wp:featuredmedia":[{"embeddable":true,"href":"https:\/\/www.europesays.com\/lv\/wp-json\/wp\/v2\/media\/83971"}],"wp:attachment":[{"href":"https:\/\/www.europesays.com\/lv\/wp-json\/wp\/v2\/media?parent=83970"}],"wp:term":[{"taxonomy":"category","embeddable":true,"href":"https:\/\/www.europesays.com\/lv\/wp-json\/wp\/v2\/categories?post=83970"},{"taxonomy":"post_tag","embeddable":true,"href":"https:\/\/www.europesays.com\/lv\/wp-json\/wp\/v2\/tags?post=83970"}],"curies":[{"name":"wp","href":"https:\/\/api.w.org\/{rel}","templated":true}]}}