{"id":83980,"date":"2025-12-23T10:07:07","date_gmt":"2025-12-23T10:07:07","guid":{"rendered":"https:\/\/www.europesays.com\/lv\/83980\/"},"modified":"2025-12-23T10:07:07","modified_gmt":"2025-12-23T10:07:07","slug":"rezeknes-mers-piedava-koncertzali-gors-nodot-valsts-parvaldiba-paradus-maksasot-pasvaldiba-raksts","status":"publish","type":"post","link":"https:\/\/www.europesays.com\/lv\/83980\/","title":{"rendered":"R\u0113zeknes m\u0113rs pied\u0101v\u0101 koncertz\u0101li \u00abGors\u00bb nodot valsts p\u0101rvald\u012bb\u0101; par\u0101dus maks\u0101\u0161ot pa\u0161vald\u012bba \/ Raksts"},"content":{"rendered":"<p>R\u0113zeknes pa\u0161vald\u012bba pied\u0101v\u0101 koncertz\u0101li <a href=\"https:\/\/www.lsm.lv\/raksts\/kultura\/kulturtelpa\/18.12.2025-pret-koncertzales-gors-atdosanu-privata-nomnieka-rokas-savakti-jau-vairak-neka-2500-parakstu.a627027\/\" target=\"_blank\" rel=\"nofollow noopener\">&#8220;Gors&#8221;<\/a> nodot valsts p\u0101rvald\u012bb\u0101, t\u0101 otrdien, 23. decembr\u012b, inform\u0113ja m\u0113rs Aleksandrs Barta\u0161evi\u010ds (&#8220;Kop\u0101 Latvijai&#8221;https:\/\/www.lsm.lv\/&#8221;Latvija pirmaj\u0101 viet\u0101&#8221;). Vi\u0146\u0161 skaidroja, ka \u0161\u0101ds l\u0113mums pie\u0146emts p\u0113c publiski izskan\u0113ju\u0161aj\u0101m ba\u017e\u0101m par pa\u0161vald\u012bbas pl\u0101nu main\u012bt koncertz\u0101les p\u0101rvald\u012bbas modeli. M\u0113rs ar\u012b skaidroja, ka p\u0113c vi\u0146a apl\u0113s\u0113m par koncertz\u0101li v\u0113l j\u0101atmaks\u0101 kred\u012bts aptuveni 3\u20134 miljonu eiro apm\u0113r\u0101, bet to pa\u0161vald\u012bba esot gatava dar\u012bt pati.<\/p>\n<p style=\"margin-left:0cm; margin-right:0cm\">&#8220;Es uzskatu, ka b\u016btu pareizi valstij iesaist\u012bties piln\u0101 apjom\u0101, pa\u0146emt \u012bpa\u0161um\u0101 \u0161o objektu. R\u0113zeknes pils\u0113ta ir gatava maks\u0101t kred\u012btus. T\u0101 k\u0101 m\u0113s to dar\u0101m par pa\u0161u izb\u016bv\u0113to objektu, bet nu tas b\u016bs valsts \u012bpa\u0161ums,&#8221; teica m\u0113rs.\u00a0<\/p>\n<p style=\"margin-left:0cm; margin-right:0cm\">Ar \u0161\u0101du pazi\u0146ojumu R\u0113zeknes m\u0113rs n\u0101ca klaj\u0101 p\u0113c tam, kad sabiedr\u012bb\u0101 satraukumu rad\u012bja pa\u0161vald\u012bbas pl\u0101ni iest\u0101des reorganiz\u0101cijai \u2013 viens no variantiem bija koncertz\u0101les nodo\u0161ana priv\u0101tai p\u0101rvald\u012bbai.\u00a0<\/p>\n<blockquote>\n<p style=\"margin-left:0cm; margin-right:0cm\">Barta\u0161evi\u010ds gan uzrun\u0101 skaidroja, ka tas neesot bijis priorit\u0101rais risin\u0101jums. \u0160obr\u012bd \u0161\u0101ds variants esot izsl\u0113gts. M\u0113rs gan nenoliedza, ka joproj\u0101m iesp\u0113jama ar\u012b l\u012bdz\u0161in\u0113j\u0101 mode\u013ca saglab\u0101\u0161ana.\u00a0<\/p>\n<\/blockquote>\n<p style=\"margin-left:0cm; margin-right:0cm\">&#8220;Tas nav m\u016bsu m\u0113r\u0137is nodot valstij, bet tas ir m\u016bsu pied\u0101v\u0101jums, ja vi\u0146i uzskata, ka m\u0113s k\u0101 pa\u0161vald\u012bba nevaram nodro\u0161in\u0101t ar pareizu saturu vai pareizu apsaimnieko\u0161anu,&#8221; sac\u012bja Barta\u0161evi\u010ds.\u00a0<\/p>\n<p style=\"margin-left:0cm; margin-right:0cm\">Lai izv\u0113rt\u0113tu iest\u0101des darbu, pa\u0161vald\u012bba pas\u016bt\u012bja auditu, ta\u010du tas neb\u016b\u0161ot pieejams pla\u0161\u0101kai publikai, t\u0101 inform\u0113ja Barta\u0161evi\u010ds.\u00a0<\/p>\n<p style=\"margin-left:0cm; margin-right:0cm\">&#8220;Audita rezult\u0101ti ir paredz\u0113ti iek\u0161\u0113jai lieto\u0161anai visiem iesaist\u012btajiem darbiniekiem. Taj\u0101 skait\u0101 ar\u012b &#8220;Gora&#8221; administr\u0101cijai. T\u0101tad visi, kas ir iesaist\u012bti, vi\u0146iem ir pieejams \u0161is dokuments. Vi\u0146\u0161 nav paredz\u0113ts publiskai lieto\u0161anai. Ja izr\u0101d\u012bs interesi, pie\u0146emsim, Kult\u016bras ministrija vai Valsts prezidents, m\u0113s varam iepaz\u012bstin\u0101t vi\u0146us ar audita rezult\u0101tiem,&#8221; pauda Barta\u0161evi\u010ds.\u00a0<\/p>\n<p style=\"margin-left:0cm; margin-right:0cm\">L\u016bgts pamatot iepriek\u0161 pausto kritiku par koncertz\u0101les repertu\u0101ru, pils\u0113tas m\u0113rs to skaidroja ar aptauju rezult\u0101tiem, tom\u0113r nesp\u0113ja nor\u0101d\u012bt uz konkr\u0113t\u0101m aptauj\u0101m.\u00a0<\/p>\n<p style=\"margin-left:0cm; margin-right:0cm\">&#8220;Es speci\u0101li jums tagad nepateik\u0161u, bet j\u016bs soci\u0101lajos t\u012bklos varat ieiet, tad j\u016bs redz\u0113siet, ka t\u0101das aptaujas ar\u012b ir.\u00a0<\/p>\n<blockquote>\n<p style=\"margin-left:0cm; margin-right:0cm\">Nu vismaz es run\u0101ju to, ko es redz\u0113ju. Bet prec\u012bzi pateikt jums, kas t\u0101 par aptauju, kas ir organizators, nevaru,&#8221; nor\u0101d\u012bja m\u0113rs.\u00a0<\/p>\n<\/blockquote>\n<p>KONTEKSTS:<\/p>\n<p>R\u0113zeknes valstspils\u0113tas dome pas\u016bt\u012bjusi auditu, kur\u0101 izv\u0113rt\u0113ta Austrumlatvijas koncertz\u0101les &#8220;Gors&#8221; darb\u012bba.\u00a0Pa\u0161vald\u012bb\u0101 izveidota darba grupa, kas v\u0113rt\u0113 iesp\u0113jamos koncertz\u0101les reorganiz\u0101cijas scen\u0101rijus, tostarp p\u0101rvald\u012bbas nodo\u0161anu priv\u0101tajam sektoram.<\/p>\n<p>Opoz\u012bcijas deput\u0101ti pau\u017e ba\u017eas, ka priv\u0101t\u0101 p\u0101rvald\u012bba var\u0113tu pazemin\u0101t kult\u016bras pied\u0101v\u0101juma kvalit\u0101ti.\u00a0Sabiedr\u012bba akt\u012bvi iesaist\u012bjusies \u2013 platform\u0101 &#8220;ManaBalss.lv&#8221; iniciat\u012bvu parakst\u012bju\u0161i jau vair\u0101k nek\u0101 8000 cilv\u0113ki.\u00a0<\/p>\n<p>Pa\u0161vald\u012bba nor\u0101da, ka audits bijis nepiecie\u0161ams ie\u0146\u0113mumu uzskaites un rentabl\u0101ko pas\u0101kumu izv\u0113rt\u0113\u0161anai.\u00a0M\u0113rs Barta\u0161evi\u010ds iepriek\u0161 publiski kritiz\u0113jis &#8220;Gora&#8221; repertu\u0101ru, uzskatot, ka tas neatbilst r\u0113zeknie\u0161u piepras\u012bjumam.\u00a0<\/p>\n<p>Opoz\u012bcija pie\u013cauj, ka izmai\u0146as var\u0113tu noz\u012bm\u0113t l\u0113t\u0101ku un krievisk\u0101ku kult\u016bras pied\u0101v\u0101jumu.\u00a0Deput\u0101te In\u0101ra Groce uzsver kult\u016bras noz\u012bmi pierobe\u017e\u0101 k\u0101 dro\u0161\u012bbas balstu un aicina uz valsts iesaisti.<\/p>\n<p>Savuk\u0101rt Latvijas M\u016bzikas padome nor\u0101da uz koncertz\u0101les strat\u0113\u0123isko noz\u012bmi un uzsver, ka p\u0101rvald\u012bbas mai\u0146u nevar lemt bez padomes iesaistes.<\/p>\n<p>Koncertz\u0101les vad\u012bba audita zi\u0146ojumu uzskata par iek\u0161\u0113ju darba dokumentu un sola publiskus koment\u0101rus p\u0113c darba grupas secin\u0101jumiem.<\/p>\n<p>Kult\u016bras ministrija aicina izv\u0113rt\u0113\u0161anas proces\u0101 iesaist\u012bt visas ieinteres\u0113t\u0101s puses.<\/p>\n<p>                    Valodas k\u013c\u016bda rakst\u0101?<\/p>\n<p class=\"d-none d-md-block\">Iez\u012bm\u0113jiet tekstu un spiediet Ctrl+Enter, lai nos\u016bt\u012btu labojamo teksta fragmentu redaktoram! Par faktu k\u013c\u016bd\u0101m l\u016bdzam zi\u0146ot e-past\u0101 <a href=\"https:\/\/www.lsm.lv\/cdn-cgi\/l\/email-protection\" class=\"__cf_email__\" data-cfemail=\"126077767379717b7873527e617f3c7e64\" rel=\"nofollow noopener\" target=\"_blank\">[email\u00a0protected]<\/a>.<\/p>\n<p class=\"d-md-none\">Iez\u012bm\u0113jiet tekstu un spiediet uz Zi\u0146ot par k\u013c\u016bdu pogas, lai nos\u016bt\u012btu labojamo teksta fragmentu redaktoram!<\/p>\n<p>\n                    Zi\u0146ot par k\u013c\u016bdu\n                <\/p>\n","protected":false},"excerpt":{"rendered":"R\u0113zeknes pa\u0161vald\u012bba pied\u0101v\u0101 koncertz\u0101li &#8220;Gors&#8221; nodot valsts p\u0101rvald\u012bb\u0101, t\u0101 otrdien, 23. decembr\u012b, inform\u0113ja m\u0113rs Aleksandrs Barta\u0161evi\u010ds (&#8220;Kop\u0101 Latvijai&#8221;https:\/\/www.lsm.lv\/&#8221;Latvija&hellip;\n","protected":false},"author":2,"featured_media":83981,"comment_status":"","ping_status":"","sticky":false,"template":"","format":"standard","meta":{"footnotes":""},"categories":[12],"tags":[23,28,29,32,33,22,30,31,35,39,38,36,37,34,40,20,26,27,24,25,21],"class_list":{"0":"post-83980","1":"post","2":"type-post","3":"status-publish","4":"format-standard","5":"has-post-thumbnail","7":"category-latvija","8":"tag-aktualitates","9":"tag-breaking-news","10":"tag-breakingnews","11":"tag-featured-news","12":"tag-featurednews","13":"tag-headlines","14":"tag-latest-news","15":"tag-latestnews","16":"tag-latvia","17":"tag-latvian","18":"tag-latviesu","19":"tag-latviesu-valoda","20":"tag-latviesuvaloda","21":"tag-latvija","22":"tag-lv","23":"tag-news","24":"tag-popularakas-zinas","25":"tag-popularakaszinas","26":"tag-top-stories","27":"tag-topstories","28":"tag-zinas"},"share_on_mastodon":{"url":"https:\/\/pubeurope.com\/@lv\/115768331109012993","error":""},"_links":{"self":[{"href":"https:\/\/www.europesays.com\/lv\/wp-json\/wp\/v2\/posts\/83980","targetHints":{"allow":["GET"]}}],"collection":[{"href":"https:\/\/www.europesays.com\/lv\/wp-json\/wp\/v2\/posts"}],"about":[{"href":"https:\/\/www.europesays.com\/lv\/wp-json\/wp\/v2\/types\/post"}],"author":[{"embeddable":true,"href":"https:\/\/www.europesays.com\/lv\/wp-json\/wp\/v2\/users\/2"}],"replies":[{"embeddable":true,"href":"https:\/\/www.europesays.com\/lv\/wp-json\/wp\/v2\/comments?post=83980"}],"version-history":[{"count":0,"href":"https:\/\/www.europesays.com\/lv\/wp-json\/wp\/v2\/posts\/83980\/revisions"}],"wp:featuredmedia":[{"embeddable":true,"href":"https:\/\/www.europesays.com\/lv\/wp-json\/wp\/v2\/media\/83981"}],"wp:attachment":[{"href":"https:\/\/www.europesays.com\/lv\/wp-json\/wp\/v2\/media?parent=83980"}],"wp:term":[{"taxonomy":"category","embeddable":true,"href":"https:\/\/www.europesays.com\/lv\/wp-json\/wp\/v2\/categories?post=83980"},{"taxonomy":"post_tag","embeddable":true,"href":"https:\/\/www.europesays.com\/lv\/wp-json\/wp\/v2\/tags?post=83980"}],"curies":[{"name":"wp","href":"https:\/\/api.w.org\/{rel}","templated":true}]}}