{"id":84001,"date":"2025-12-23T10:20:15","date_gmt":"2025-12-23T10:20:15","guid":{"rendered":"https:\/\/www.europesays.com\/lv\/84001\/"},"modified":"2025-12-23T10:20:15","modified_gmt":"2025-12-23T10:20:15","slug":"skirsanas-bija-labakais-kas-vareja-notikt-andra-ozola-dzive-sacies-jauns-posms","status":"publish","type":"post","link":"https:\/\/www.europesays.com\/lv\/84001\/","title":{"rendered":"&#8220;\u0160\u0137ir\u0161an\u0101s bija lab\u0101kais, kas var\u0113ja notikt&#8221; \u2014 Andra Ozola dz\u012bv\u0113 s\u0101cies jauns posms"},"content":{"rendered":"<p class=\"lead\">\n                                Pirms gada Andris Ozols atkl\u0101ti run\u0101ja par s\u0101p\u012bgo \u0161\u0137ir\u0161anos no biju\u0161\u0101s finan\u0161u ministres Danas Reiznieces, atz\u012bstot, ka notiku\u0161ais vi\u0146u salauzis. \u0160obr\u012bd politi\u0137a skat\u012bjums ir kardin\u0101li main\u012bjies \u2014 vi\u0146\u0161 ir atguvis l\u012bdzsvaru, sak\u0101rtojis ikdienu un vairs nav viens, raksta &#8220;Priv\u0101t\u0101 Dz\u012bve&#8221;.\n                            <\/p>\n<p>\u0160\u0137ir\u0161an\u0101s ofici\u0101li tika noform\u0113ta 2024. gada 4. novembr\u012b. Toreiz Ozols atzina, ka Danas l\u0113mums vi\u0146u pamest bijis negaid\u012bts un \u013coti smags p\u0101rdz\u012bvojums. Vi\u0146\u0161 nesl\u0113pa, ka m\u0113\u0123ina ar situ\u0101ciju sadz\u012bvot, ta\u010du tas pras\u012bjis daudz sp\u0113ka un laika \u2014 atbildes uz jaut\u0101jumiem par notiku\u0161\u0101 iemesliem vi\u0146\u0161 toreiz v\u0113l neesot radis. Savuk\u0101rt Dana Reizniece publiski uzsv\u0113ra, ka l\u0113mums par \u0161\u0137ir\u0161anos pie\u0146emts abpus\u0113ji.<\/p>\n<p>Tagad, p\u0113c gada, Ozols par \u0161o dz\u012bves posmu run\u0101 ar mieru un p\u0101rliec\u012bbu:<\/p>\n<blockquote>\n<p>\u201cPats netic\u0113ju, ka pien\u0101ks t\u0101ds br\u012bdis, ka b\u016b\u0161u priec\u012bgs par \u0161\u012bm p\u0101rmai\u0146\u0101m un var\u0113\u0161u atz\u012bt \u2014 \u0161\u0137ir\u0161an\u0101s bija lab\u0101kais, kas ar mani var\u0113ja notikt.\u201d<\/p>\n<\/blockquote>\n<p>Vi\u0146\u0161 nor\u0101da, ka emocion\u0101lais trieciens ir p\u0101rvar\u0113ts un beidzot iesp\u0113jams piln\u012bb\u0101 piev\u0113rsties darbam. Priv\u0101t\u0101s dz\u012bves spriedze, kas iepriek\u0161 ietekm\u0113jusi ikdienu, vairs netrauc\u0113jot, un sazi\u0146a ar biju\u0161o sievu nenotiek pat ar b\u0113rniem saist\u012btos jaut\u0101jumos. Vienlaikus Ozols nesl\u0113pj, ka notiku\u0161o neuztver k\u0101 iemeslu pateic\u012bbai \u2014 vi\u0146\u0161 dr\u012bz\u0101k esot izdar\u012bjis savus secin\u0101jumus un aizv\u0113ris \u0161o posmu.<\/p>\n<p>Ta\u010du dz\u012bve iet uz priek\u0161u.<\/p>\n<blockquote>\n<p>Andris Ozols vairs nav br\u012bvs v\u012brietis un atz\u012bst, ka vi\u0146a sird\u012b ir ien\u0101cis jauns cilv\u0113ks.<\/p>\n<\/blockquote>\n<p>Jau vasar\u0101 izskan\u0113ja runas par vi\u0146a tuv\u012bbu ar biju\u0161o modeli un uz\u0146\u0113m\u0113ja Ain\u0101ra Gulbja atraitni Unu Gulbi-K\u0101rkli\u0146u. Abi kop\u0101 tika paman\u012bti 24. j\u016blij\u0101 kult\u016brtelp\u0101 &#8220;Ola Foundation&#8221;, apmekl\u0113jot Maijas Tabakas izst\u0101des &#8220;Gleznas&#8221; atkl\u0101\u0161anu.<\/p>\n<p>Toreiz p\u0101ra attur\u012bg\u0101 uzved\u012bba un main\u012bg\u0101 distance rais\u012bja sabiedr\u012bbas interesi, ta\u010du Ozols no koment\u0101riem izvair\u012bj\u0101s. Ar\u012b tagad vi\u0146\u0161 saglab\u0101 piesardz\u012bbu, vien nor\u0101dot, ka Una ie\u0146em \u012bpa\u0161u vietu vi\u0146a dz\u012bv\u0113 un ir vi\u0146am \u013coti noz\u012bm\u012bgs cilv\u0113ks.<\/p>\n<p class=\"paragraph-muted\">Pla\u0161\u0101k lasiet izdevum\u0101 &#8220;Priv\u0101t\u0101 Dz\u012bve&#8221;.<\/p>\n<p> Aptauja <\/p>\n<p> Vai port\u0101ls Lasi.lv ir k\u013cuvis par tavu ikdienu? <\/p>\n<p class=\"paragraph-muted\">Izv\u0113lies savu soct\u012bklu platformu, lai sekotu LASI.LV: <a href=\"https:\/\/www.facebook.com\/portals.lasi.lv\" target=\"_blank\" rel=\"noopener noreferrer nofollow\">Facebook<\/a>, <a href=\"https:\/\/twitter.com\/lasilvportals\" target=\"_blank\" rel=\"noopener noreferrer nofollow\">X<\/a>, <a href=\"https:\/\/bsky.app\/profile\/lasilv.bsky.social\" target=\"_blank\" rel=\"noopener noreferrer nofollow\">Bluesky<\/a>, <a href=\"https:\/\/www.draugiem.lv\/lasilv\/?pg=4\" target=\"_blank\" rel=\"noopener noreferrer nofollow\">Draugiem<\/a> vai ar\u012b <a href=\"https:\/\/www.instagram.com\/lasilv_zinas\/\" target=\"_blank\" rel=\"noopener noreferrer nofollow\">Instagram<\/a>. Pievienojies m\u016bsu las\u012bt\u0101ju pulkam, lai sa\u0146emtu \u012bpa\u0161i tev atlas\u012btu noder\u012bgu, praktisku un aktu\u0101lu saturu.\u00a0<\/p>\n<p><a href=\"https:\/\/lasi.lv\/abonesana\" rel=\"nofollow noopener\" target=\"_blank\">Abon\u0113<\/a>\u00a0LASI.LV gadam\u00a0vai k\u0101du no\u00a0&#8220;Latvijas Mediju&#8221; periodiskajiem izdevumiem 2026. gadam, un laim\u0113 1500 eiro vai Philips kafijas autom\u0101tu. Loterijas at\u013caujas nr. 8744.<\/p>\n<p><img decoding=\"async\" src=\"https:\/\/www.europesays.com\/lv\/wp-content\/uploads\/2025\/12\/1765963873_985_2025100311425268df8c8c1572e.jpg\" alt=\"\" loading=\"lazy\"\/><\/p>\n<p style=\"margin-left:auto;\">Pieraksties LASI.LV redaktora v\u0113stkopai <a href=\"https:\/\/lasi.lv\/vestkopa\/lasi-lv-galvena-redaktora-vestkopa\" rel=\"nofollow noopener\" target=\"_blank\">\u0161eit<\/a>.<\/p>\n<p>Pieraksties v\u0113stkopai un divas reizes ned\u0113\u013c\u0101 sa\u0146em padzi\u013cin\u0101tu LASI.LV galven\u0101 redaktora aktu\u0101lo zi\u0146u, kompetentu viedok\u013cu un interesant\u0101ko interviju apkopojumu.<\/p>\n<p>Ko tu sa\u0146emsi:<\/p>\n<ul>\n<li>Daudzveid\u012bgus koment\u0101rus un kompetentus Latvijas Mediju \u017eurn\u0101listu un autoru viedok\u013cus par aktu\u0101lo<\/li>\n<li>Ekspertu koment\u0101rus par da\u017e\u0101diem praktiskiem, noder\u012bgiem tematiem<\/li>\n<li>Aizraujo\u0161us materi\u0101lus par v\u0113sturi, psiholo\u0123iju, kult\u016bru<\/li>\n<li>Gata \u0160\u013c\u016bkas karikat\u016bru<\/li>\n<li>Tav\u0101 e-pasta kast\u012bt\u0113 katru ceturtdienu<\/li>\n<\/ul>\n<p style=\"margin-left:auto;\">\u00a0<\/p>\n<p><script async src=\"https:\/\/platform.twitter.com\/widgets.js\" charset=\"utf-8\"><\/script><script async src=\"\/\/www.instagram.com\/embed.js\"><\/script><\/p>\n","protected":false},"excerpt":{"rendered":"Pirms gada Andris Ozols atkl\u0101ti run\u0101ja par s\u0101p\u012bgo \u0161\u0137ir\u0161anos no biju\u0161\u0101s finan\u0161u ministres Danas Reiznieces, atz\u012bstot, ka notiku\u0161ais&hellip;\n","protected":false},"author":2,"featured_media":84002,"comment_status":"","ping_status":"","sticky":false,"template":"","format":"standard","meta":{"footnotes":""},"categories":[5],"tags":[23,28,29,32,33,22,30,31,35,39,38,36,37,34,40,20,26,27,24,25,21],"class_list":{"0":"post-84001","1":"post","2":"type-post","3":"status-publish","4":"format-standard","5":"has-post-thumbnail","7":"category-aktualitates","8":"tag-aktualitates","9":"tag-breaking-news","10":"tag-breakingnews","11":"tag-featured-news","12":"tag-featurednews","13":"tag-headlines","14":"tag-latest-news","15":"tag-latestnews","16":"tag-latvia","17":"tag-latvian","18":"tag-latviesu","19":"tag-latviesu-valoda","20":"tag-latviesuvaloda","21":"tag-latvija","22":"tag-lv","23":"tag-news","24":"tag-popularakas-zinas","25":"tag-popularakaszinas","26":"tag-top-stories","27":"tag-topstories","28":"tag-zinas"},"share_on_mastodon":{"url":"https:\/\/pubeurope.com\/@lv\/115768382621384408","error":""},"_links":{"self":[{"href":"https:\/\/www.europesays.com\/lv\/wp-json\/wp\/v2\/posts\/84001","targetHints":{"allow":["GET"]}}],"collection":[{"href":"https:\/\/www.europesays.com\/lv\/wp-json\/wp\/v2\/posts"}],"about":[{"href":"https:\/\/www.europesays.com\/lv\/wp-json\/wp\/v2\/types\/post"}],"author":[{"embeddable":true,"href":"https:\/\/www.europesays.com\/lv\/wp-json\/wp\/v2\/users\/2"}],"replies":[{"embeddable":true,"href":"https:\/\/www.europesays.com\/lv\/wp-json\/wp\/v2\/comments?post=84001"}],"version-history":[{"count":0,"href":"https:\/\/www.europesays.com\/lv\/wp-json\/wp\/v2\/posts\/84001\/revisions"}],"wp:featuredmedia":[{"embeddable":true,"href":"https:\/\/www.europesays.com\/lv\/wp-json\/wp\/v2\/media\/84002"}],"wp:attachment":[{"href":"https:\/\/www.europesays.com\/lv\/wp-json\/wp\/v2\/media?parent=84001"}],"wp:term":[{"taxonomy":"category","embeddable":true,"href":"https:\/\/www.europesays.com\/lv\/wp-json\/wp\/v2\/categories?post=84001"},{"taxonomy":"post_tag","embeddable":true,"href":"https:\/\/www.europesays.com\/lv\/wp-json\/wp\/v2\/tags?post=84001"}],"curies":[{"name":"wp","href":"https:\/\/api.w.org\/{rel}","templated":true}]}}