{"id":84041,"date":"2025-12-23T10:43:09","date_gmt":"2025-12-23T10:43:09","guid":{"rendered":"https:\/\/www.europesays.com\/lv\/84041\/"},"modified":"2025-12-23T10:43:09","modified_gmt":"2025-12-23T10:43:09","slug":"lielajiem-tirdzniecibas-centriem-riga-svetkos-bus-mainiti-darba-laiki-jauns-lv","status":"publish","type":"post","link":"https:\/\/www.europesays.com\/lv\/84041\/","title":{"rendered":"Lielajiem tirdzniec\u012bbas centriem R\u012bg\u0101 sv\u0113tkos b\u016bs main\u012bti darba laiki &#8211; Jauns.lv"},"content":{"rendered":"<ol>\n<li><a href=\"https:\/\/news.google.com\/rss\/articles\/CBMiqgFBVV95cUxPeFhHbXFyNTZyWUYxZFdETVd4MkJJUzhIam15RU1tS2otNUxFaTczQm1lWjRUYWdnM2tqQ0pkb084WEl5cF9QWk1LREJjUGw5eHFCZTU1ZldhMm5VSzZGNWVkcWpIOTdpazZydFl2WU5TTlczVUhsZldkLWRKTTdNWVlxUU5yRFVWT09LalFxSmJjZG9xdTJjQWg4aEFVNmFVc3dPZjhHZU1Wdw?oc=5\" target=\"_blank\" rel=\"nofollow noopener\">Lielajiem tirdzniec\u012bbas centriem R\u012bg\u0101 sv\u0113tkos b\u016bs main\u012bti darba laiki<\/a>&nbsp;&nbsp;Jauns.lv<\/li>\n<li><a href=\"https:\/\/news.google.com\/rss\/articles\/CBMiqwFBVV95cUxQZUhyLWdwYTljZzFqX0k1YXpYRFpBU2wxNzZwY3Rtcmw4SC1lbHV4SUozbkNhcGl1cE9FVHJqSWM1aTdncU96TlNWSTFnWEszSDl0MzZOMElCY08wbFRoVDZnNGhVd0N2bzdnMy1NcURwdi1VV2d1WkJjNWlsbm8zajB1cVRuVkZHa2JwOUdRX2VyVFZXekowOWF4ZzhrMXRhOW9MazZVU05SUTg?oc=5\" target=\"_blank\" rel=\"nofollow noopener\">K\u0101 sv\u0113tkos str\u0101d\u0101s lielie tirdzniec\u012bbas centri<\/a>&nbsp;&nbsp;Delfi<\/li>\n<li><a href=\"https:\/\/news.google.com\/rss\/articles\/CBMi2AFBVV95cUxOVGR6Z3luSUpYUzAycURpUXliNXV1cWtxN04tbUNOUjhJOGZTMEJKUTdJYlpOakg0VDZLaUZONkZHWE1HelVVMG9HSldTRFVyT3FpbXE1U1hUbEtwUDlUeDNRY0RxUzBFTFF6SUhwcVN6ZW1FbUNPb3piWkNLLUxQd1VZMEppMXJudGdqU1lrcmZrRVlxblRSTVc2Tjl4enhKcVZFNFZGdkhFdHQzTEZ3NndEQ21ZMWc0OUFFMUlpTnBBandLM3JuVm5LYU82UVJIS0w1Y00ybkE?oc=5\" target=\"_blank\" rel=\"nofollow noopener\">Sa\u012bsin\u0101ts darba laiks un sl\u0113gtas durvis. K\u0101 sv\u0113tkos str\u0101d\u0101s veikali un tirdzniec\u012bbas centri?<\/a>&nbsp;&nbsp;tv3.lv<\/li>\n<li><a href=\"https:\/\/news.google.com\/rss\/articles\/CBMi0AFBVV95cUxPdGxmOGRLTUZTNDZvY05hSVBqQzZOQnRpN3JvOV9wQkNKUjBKdWRmbzhuTHR2YVBrNVZlcXZBaElrRTg4dlk0RUF0S2tSYllyTS0wTWJIcnY5cy1lclQ2RzlNank1RGx3My05V3NtbTE5UEpZaTYzam1kTTBoeXVCeElmSWdVWFlMMEdFRDV3LUxpdFZzQ1BVNzBLbVIyb3l3eHZMYThzWElYaXZfWnExa09nX1lidkVlSFQwZzJEM1pyUzd4NDlVVEM0ZS1QaXFo?oc=5\" target=\"_blank\" rel=\"nofollow noopener\">P\u0101rdom\u0101ts Pirkums: K\u0101ds B\u016bs Tirdzniec\u012bbas Vietu Darba Laiks Ziemassv\u0113tkos un Jaunaj\u0101 Gad\u0101?<\/a>&nbsp;&nbsp;Lente.lv<\/li>\n<li><a href=\"https:\/\/news.google.com\/rss\/articles\/CBMiggFBVV95cUxOZHJ1RlVQODl3S3RQTWN0RzNtRUd4LTRRamNvcWhrVmpuWHlxejVhTjZIVm9zTXlaSXcxdG1zZU8yVDB2ZXZFSFhTakVPOXhwQW9SZlF0SG5wdTEyQ2M1dWlyazdkWVIzNXhWMC1YT3dVVEhyTXJreWlaNzd1cl9JZi13?oc=5\" target=\"_blank\" rel=\"nofollow noopener\">Darba laiks Ziemassv\u0113tkos un gada nogal\u0113<\/a>&nbsp;&nbsp;Latvijas V\u0113stnesis<\/li>\n<\/ol>\n","protected":false},"excerpt":{"rendered":"Lielajiem tirdzniec\u012bbas centriem R\u012bg\u0101 sv\u0113tkos b\u016bs main\u012bti darba laiki&nbsp;&nbsp;Jauns.lv K\u0101 sv\u0113tkos str\u0101d\u0101s lielie tirdzniec\u012bbas centri&nbsp;&nbsp;Delfi Sa\u012bsin\u0101ts darba laiks&hellip;\n","protected":false},"author":2,"featured_media":84042,"comment_status":"","ping_status":"","sticky":false,"template":"","format":"standard","meta":{"footnotes":""},"categories":[12],"tags":[23,28,29,32,33,22,30,31,35,39,38,36,37,34,40,20,26,27,24,25,21],"class_list":{"0":"post-84041","1":"post","2":"type-post","3":"status-publish","4":"format-standard","5":"has-post-thumbnail","7":"category-latvija","8":"tag-aktualitates","9":"tag-breaking-news","10":"tag-breakingnews","11":"tag-featured-news","12":"tag-featurednews","13":"tag-headlines","14":"tag-latest-news","15":"tag-latestnews","16":"tag-latvia","17":"tag-latvian","18":"tag-latviesu","19":"tag-latviesu-valoda","20":"tag-latviesuvaloda","21":"tag-latvija","22":"tag-lv","23":"tag-news","24":"tag-popularakas-zinas","25":"tag-popularakaszinas","26":"tag-top-stories","27":"tag-topstories","28":"tag-zinas"},"share_on_mastodon":{"url":"https:\/\/pubeurope.com\/@lv\/115768472750879988","error":""},"_links":{"self":[{"href":"https:\/\/www.europesays.com\/lv\/wp-json\/wp\/v2\/posts\/84041","targetHints":{"allow":["GET"]}}],"collection":[{"href":"https:\/\/www.europesays.com\/lv\/wp-json\/wp\/v2\/posts"}],"about":[{"href":"https:\/\/www.europesays.com\/lv\/wp-json\/wp\/v2\/types\/post"}],"author":[{"embeddable":true,"href":"https:\/\/www.europesays.com\/lv\/wp-json\/wp\/v2\/users\/2"}],"replies":[{"embeddable":true,"href":"https:\/\/www.europesays.com\/lv\/wp-json\/wp\/v2\/comments?post=84041"}],"version-history":[{"count":0,"href":"https:\/\/www.europesays.com\/lv\/wp-json\/wp\/v2\/posts\/84041\/revisions"}],"wp:featuredmedia":[{"embeddable":true,"href":"https:\/\/www.europesays.com\/lv\/wp-json\/wp\/v2\/media\/84042"}],"wp:attachment":[{"href":"https:\/\/www.europesays.com\/lv\/wp-json\/wp\/v2\/media?parent=84041"}],"wp:term":[{"taxonomy":"category","embeddable":true,"href":"https:\/\/www.europesays.com\/lv\/wp-json\/wp\/v2\/categories?post=84041"},{"taxonomy":"post_tag","embeddable":true,"href":"https:\/\/www.europesays.com\/lv\/wp-json\/wp\/v2\/tags?post=84041"}],"curies":[{"name":"wp","href":"https:\/\/api.w.org\/{rel}","templated":true}]}}