{"id":84043,"date":"2025-12-23T10:44:14","date_gmt":"2025-12-23T10:44:14","guid":{"rendered":"https:\/\/www.europesays.com\/lv\/84043\/"},"modified":"2025-12-23T10:44:14","modified_gmt":"2025-12-23T10:44:14","slug":"par-eiropas-cilveku-latvija-pazino-ciprusu-visi-apsveic-bet-valters-pauz-rugtumu-santa","status":"publish","type":"post","link":"https:\/\/www.europesays.com\/lv\/84043\/","title":{"rendered":"Par Eiropas cilv\u0113ku Latvij\u0101 pazi\u0146o Ciprusu. Visi apsveic, bet Valters pau\u017e r\u016bgtumu \u2014 Santa"},"content":{"rendered":"<p>\u00abPaldies ikvienam eso\u0161ajam un topo\u0161ajam basketbola l\u012bdzjut\u0113jam, komandai un ikvienam, kur\u0161 atdeva savu balsi! \u0160\u012b balva ir visiem mums k\u0101 nov\u0113rt\u0113jums par kop\u0101 paveikto \u0161ovasar un ce\u013c\u0101 uz \u00abEuroBasket \u00a02025\u00bb!\u00bb par Eiropas gada cilv\u0113ka Latvij\u0101 titulu saka Latvijas Basketbola savien\u012bbas \u0123ener\u0101lsekret\u0101rs Kaspars Cipruss. \u00ab\u0160is bija \u013coti noz\u012bm\u012bgs gads m\u016bsu basketbola v\u0113stur\u0113 un kop\u0101 m\u0113s atst\u0101j\u0101m nospiedumu ne tikai Latvij\u0101, bet ar\u012b Eirop\u0101 un pasaul\u0113.<\/p>\n<blockquote><p>&#13;<\/p>\n<p>Tas pier\u0101da, ka ar tic\u012bbu, darbu un vienot\u012bbu ar\u012b neliela valsts var sasniegt lielas lietas. <\/p>\n<p>&#13;\n<\/p><\/blockquote>\n<p>\u0160\u0101di nov\u0113rt\u0113jumi iedvesmo neapst\u0101ties, turpin\u0101t sap\u0146ot v\u0113l drosm\u012bg\u0101k un dar\u012bt v\u0113l vair\u0101k! Tiekamies jau n\u0101ko\u0161ajos basketbola pas\u0101kumos! M\u016bsu zeme \u2013 Latvija!\u00bb ar basketbola izlases saukli savus pateic\u012bbas v\u0101rdus par sa\u0146emto nov\u0113rt\u0113jumu nosl\u0113dz Kaspars.<\/p>\n<p>\u00a0<\/p>\n<p>\u00a0<\/p>\n<p>\u00abApsveicu ar \u0161o godu un saku lielu paldies par ieguld\u012bjumu, radot augst\u0101k\u0101 l\u012bme\u0146a Eiropas basketbola sv\u0113tkus R\u012bg\u0101!\u00bb Ciprusu sumina biju\u0161ais R\u012bgas m\u0113rs Vilnis \u0136irsis. \u00abKop\u0101 ar komandu izlolojis un<\/p>\n<blockquote><p>&#13;<\/p>\n<p>sar\u012bkojis liel\u0101kos basketbola sv\u0113tkus Latvij\u0101 par sp\u012bti gr\u016bt\u012bb\u0101m un kriti\u0137iem,<\/p>\n<p>&#13;\n<\/p><\/blockquote>\n<p>par prieku R\u012bgai, Latvijai un Eiropai,\u00bb atzin\u012bgus v\u0101rdus Ciprusam saka ar\u012b eksm\u0113rs M\u0101rti\u0146\u0161 Sta\u0137is. \u00abSirsn\u012bgi sveicieni ar peln\u012bto titulu Gada Eiropas cilv\u0113ks Latvij\u0101! Tava l\u012bder\u012bba un ieguld\u012bjums \u00abEuroBasket 2025\u00bb organiz\u0113\u0161an\u0101 ir patiesi nenov\u0113rt\u0113jams  \u2014  lepnums Latvijai un iedvesma mums visiem. Paldies par darbu Eiropas un Latvijas lab\u0101!\u00bb pateic\u0101s ar\u012b eksprezidents, Latvijas\u00a0Basketbola\u00a0savien\u012bbas vad\u012bt\u0101js Raimonds V\u0113jonis.<\/p>\n<blockquote><p>&#13;<\/p>\n<p>\u00abLatvijas realit\u0101te. Balvas dod tiem, kuri nav tos peln\u012bju\u0161i. <\/p>\n<p>&#13;\n<\/p><\/blockquote>\n<p>Melno darbu izdar\u012bja Kris\u012bts, tika pamests zem slied\u0113m, visi lauri sav\u0101kti,\u00bb Ciprusam kritiku velta biju\u0161ais basketbolists Valdis Valters. Vi\u0146apr\u0101t\u00a02025. gada Eiropas cilv\u0113ka Latvij\u0101 titulu sa\u0146emt b\u016btu peln\u012bjis biju\u0161ais \u00abEuroBasket 2025\u00bb izpilddirektors Kristaps Jani\u010denoks. \u0160\u012b gada febru\u0101r\u012b vi\u0146\u0161 no sev uztic\u0113t\u0101 amata atteic\u0101s p\u0113c s\u0113\u0161an\u0101s pie st\u016bres reibum\u0101 un av\u0101rijas izrais\u012b\u0161anas, par kuru R\u012bgas pils\u0113tas tiesa vi\u0146am piesprieda viena m\u0113ne\u0161a cietumsodu, at\u0146emot transportl\u012bdzek\u013ca vad\u012b\u0161anas ties\u012bbas uz pieciem gadiem.<\/p>\n<p>\u00a0<\/p>\n<p>\u00a0<\/p>\n","protected":false},"excerpt":{"rendered":"\u00abPaldies ikvienam eso\u0161ajam un topo\u0161ajam basketbola l\u012bdzjut\u0113jam, komandai un ikvienam, kur\u0161 atdeva savu balsi! \u0160\u012b balva ir visiem&hellip;\n","protected":false},"author":2,"featured_media":84044,"comment_status":"","ping_status":"","sticky":false,"template":"","format":"standard","meta":{"footnotes":""},"categories":[5],"tags":[23,28,29,32,33,22,30,31,35,39,38,36,37,34,40,20,26,27,24,25,21],"class_list":{"0":"post-84043","1":"post","2":"type-post","3":"status-publish","4":"format-standard","5":"has-post-thumbnail","7":"category-aktualitates","8":"tag-aktualitates","9":"tag-breaking-news","10":"tag-breakingnews","11":"tag-featured-news","12":"tag-featurednews","13":"tag-headlines","14":"tag-latest-news","15":"tag-latestnews","16":"tag-latvia","17":"tag-latvian","18":"tag-latviesu","19":"tag-latviesu-valoda","20":"tag-latviesuvaloda","21":"tag-latvija","22":"tag-lv","23":"tag-news","24":"tag-popularakas-zinas","25":"tag-popularakaszinas","26":"tag-top-stories","27":"tag-topstories","28":"tag-zinas"},"share_on_mastodon":{"url":"https:\/\/pubeurope.com\/@lv\/115768476583878740","error":""},"_links":{"self":[{"href":"https:\/\/www.europesays.com\/lv\/wp-json\/wp\/v2\/posts\/84043","targetHints":{"allow":["GET"]}}],"collection":[{"href":"https:\/\/www.europesays.com\/lv\/wp-json\/wp\/v2\/posts"}],"about":[{"href":"https:\/\/www.europesays.com\/lv\/wp-json\/wp\/v2\/types\/post"}],"author":[{"embeddable":true,"href":"https:\/\/www.europesays.com\/lv\/wp-json\/wp\/v2\/users\/2"}],"replies":[{"embeddable":true,"href":"https:\/\/www.europesays.com\/lv\/wp-json\/wp\/v2\/comments?post=84043"}],"version-history":[{"count":0,"href":"https:\/\/www.europesays.com\/lv\/wp-json\/wp\/v2\/posts\/84043\/revisions"}],"wp:featuredmedia":[{"embeddable":true,"href":"https:\/\/www.europesays.com\/lv\/wp-json\/wp\/v2\/media\/84044"}],"wp:attachment":[{"href":"https:\/\/www.europesays.com\/lv\/wp-json\/wp\/v2\/media?parent=84043"}],"wp:term":[{"taxonomy":"category","embeddable":true,"href":"https:\/\/www.europesays.com\/lv\/wp-json\/wp\/v2\/categories?post=84043"},{"taxonomy":"post_tag","embeddable":true,"href":"https:\/\/www.europesays.com\/lv\/wp-json\/wp\/v2\/tags?post=84043"}],"curies":[{"name":"wp","href":"https:\/\/api.w.org\/{rel}","templated":true}]}}